{"id":419263,"date":"2019-03-15T00:09:14","date_gmt":"2019-03-15T06:09:14","guid":{"rendered":"https:\/\/www.diarioimagen.net\/?p=419263"},"modified":"2019-03-17T23:59:39","modified_gmt":"2019-03-18T05:59:39","slug":"diputados-declaran-constitucionalidad-de-guardia-nacional","status":"publish","type":"post","link":"https:\/\/www.diarioimagen.net\/?p=419263","title":{"rendered":"Constitucional, la Guardia Nacional; va al Ejecutivo"},"content":{"rendered":"<ul>\n<li><strong><em>El Congreso de la Uni\u00f3n emite la declaratoria<\/em><\/strong><\/li>\n<\/ul>\n<h6>Jos\u00e9 Luis Monta\u00f1ez<\/h6>\n<p>&nbsp;<\/p>\n<div id=\"attachment_419264\" style=\"width: 470px\" class=\"wp-caption aligncenter\"><img loading=\"lazy\" decoding=\"async\" aria-describedby=\"caption-attachment-419264\" class=\"wp-image-419264 size-large\" src=\"https:\/\/www.diarioimagen.net\/wp-content\/uploads\/2019\/03\/GUARDIA15-portal-460x268.jpg\" alt=\"\" width=\"460\" height=\"268\" srcset=\"https:\/\/www.diarioimagen.net\/wp-content\/uploads\/2019\/03\/GUARDIA15-portal-460x268.jpg 460w, https:\/\/www.diarioimagen.net\/wp-content\/uploads\/2019\/03\/GUARDIA15-portal-240x140.jpg 240w, https:\/\/www.diarioimagen.net\/wp-content\/uploads\/2019\/03\/GUARDIA15-portal.jpg 480w\" sizes=\"auto, (max-width: 460px) 100vw, 460px\" \/><p id=\"caption-attachment-419264\" class=\"wp-caption-text\">El\u00a0 Congreso de la Uni\u00f3n deber\u00e1 expedir en 60 d\u00edas la Ley de la Guardia Nacional.<\/p><\/div>\n<p>&nbsp;<\/p>\n<p>La C\u00e1mara de Diputados y el Senado emitieron la declaratoria de constitucionalidad a la reforma que crea la Guardia Nacional,\u00a0 luego de que los 32 congresos estatales la aprobaran.<\/p>\n<p>El texto reformado fue enviado al Ejecutivo federal para su promulgaci\u00f3n y publicaci\u00f3n en el <em>Diario Oficial de la Federaci\u00f3n<\/em>.<\/p>\n<p>El presidente del Senado, Mart\u00ed Batres,\u00a0 dio fe de cada uno de los 32 votos por parte de los congresos locales incluido el de la Ciudad de M\u00e9xico que dan vida a la Guardia Nacional que se encargar\u00e1 de coadyuvar en el combate a inseguridad y crimen organizado.<\/p>\n<p>Ahora s\u00f3lo resta que el Ejecutivo federal promulgue esa reforma, a fin de que la nueva corporaci\u00f3n polic\u00eda pueda comenzar a operar una vez que se aprueben las leyes secundarias que deber\u00e1n\u00a0 regular las acciones y operaciones de\u00a0 la Guardia Nacional en territorio nacional.<\/p>\n<p>Una vez publicada la reforma Constitucional para crear la Guardia Nacional, el\u00a0 Congreso de la Uni\u00f3n deber\u00e1 expedir en 60 d\u00edas la Ley de la Guardia Nacional.<\/p>\n<p>Otra legislaci\u00f3n que tambi\u00e9n deber\u00e1 estar lista en 90 d\u00edas, es la que corresponde a la Ley Nacional del Registro de Detenciones.<\/p>\n<p>Todas estas leyes secundarias son necesarias para que esta nueva instituci\u00f3n policial pueda entrar en funciones.<\/p>\n<p>Para crear la Guardia Nacional se modificaron los art\u00edculos 10, 16, 21, 31, 35, 36, 73, 76, 78 y 89 de la Constituci\u00f3n.<\/p>\n<p>Ahora tienen que aprobarse tres nuevos ordenamientos, que son la Ley del Registro de Detenidos, la Ley del Uso de la Fuerza y la Ley Org\u00e1nica de la propia Guardia Nacional.<\/p>\n","protected":false},"excerpt":{"rendered":"<p><span style=\"color: #005497;\">Jos\u00e9 Luis Monta\u00f1ez<\/span><br \/>\n<br \/>\nLa C\u00e1mara de Diputados y el Senado emitieron la declaratoria de constitucionalidad a la reforma que crea la Guardia Nacional,\u00a0 luego de que los 32 congresos estatales la aprobaran.<\/p>\n","protected":false},"author":5,"featured_media":419264,"comment_status":"open","ping_status":"open","sticky":false,"template":"","format":"standard","meta":{"_monsterinsights_skip_tracking":false,"_monsterinsights_sitenote_active":false,"_monsterinsights_sitenote_note":"","_monsterinsights_sitenote_category":0,"footnotes":""},"categories":[3],"tags":[83626,98,5011,83625,4160,43673,116],"class_list":["post-419263","post","type-post","status-publish","format-standard","has-post-thumbnail","hentry","category-nacional","tag-32-congresos","tag-camara-de-diputados","tag-diario-oficial-de-la-federacion","tag-diputados-declaran-constitucionalidad","tag-guardia-nacional","tag-nacional","tag-senado-de-la-republica"],"_links":{"self":[{"href":"https:\/\/www.diarioimagen.net\/index.php?rest_route=\/wp\/v2\/posts\/419263","targetHints":{"allow":["GET"]}}],"collection":[{"href":"https:\/\/www.diarioimagen.net\/index.php?rest_route=\/wp\/v2\/posts"}],"about":[{"href":"https:\/\/www.diarioimagen.net\/index.php?rest_route=\/wp\/v2\/types\/post"}],"author":[{"embeddable":true,"href":"https:\/\/www.diarioimagen.net\/index.php?rest_route=\/wp\/v2\/users\/5"}],"replies":[{"embeddable":true,"href":"https:\/\/www.diarioimagen.net\/index.php?rest_route=%2Fwp%2Fv2%2Fcomments&post=419263"}],"version-history":[{"count":0,"href":"https:\/\/www.diarioimagen.net\/index.php?rest_route=\/wp\/v2\/posts\/419263\/revisions"}],"wp:featuredmedia":[{"embeddable":true,"href":"https:\/\/www.diarioimagen.net\/index.php?rest_route=\/wp\/v2\/media\/419264"}],"wp:attachment":[{"href":"https:\/\/www.diarioimagen.net\/index.php?rest_route=%2Fwp%2Fv2%2Fmedia&parent=419263"}],"wp:term":[{"taxonomy":"category","embeddable":true,"href":"https:\/\/www.diarioimagen.net\/index.php?rest_route=%2Fwp%2Fv2%2Fcategories&post=419263"},{"taxonomy":"post_tag","embeddable":true,"href":"https:\/\/www.diarioimagen.net\/index.php?rest_route=%2Fwp%2Fv2%2Ftags&post=419263"}],"curies":[{"name":"wp","href":"https:\/\/api.w.org\/{rel}","templated":true}]}}