{"id":419272,"date":"2019-03-15T00:08:20","date_gmt":"2019-03-15T06:08:20","guid":{"rendered":"https:\/\/www.diarioimagen.net\/?p=419272"},"modified":"2019-03-15T00:43:34","modified_gmt":"2019-03-15T06:43:34","slug":"anuncian-reparacion-de-la-red-vial-primaria-de-la-cdmx","status":"publish","type":"post","link":"https:\/\/www.diarioimagen.net\/?p=419272","title":{"rendered":"Reparaci\u00f3n de la red vial primaria de  la CDMX"},"content":{"rendered":"<ul>\n<li><em><strong>Iniciar\u00e1n con mil 100 mdp<\/strong><\/em><\/li>\n<\/ul>\n<p>&nbsp;<\/p>\n<div id=\"attachment_419273\" style=\"width: 470px\" class=\"wp-caption aligncenter\"><img loading=\"lazy\" decoding=\"async\" aria-describedby=\"caption-attachment-419273\" class=\"size-large wp-image-419273\" src=\"https:\/\/www.diarioimagen.net\/wp-content\/uploads\/2019\/03\/PAVIMENTACION15-portal-460x268.jpg\" alt=\"\" width=\"460\" height=\"268\" srcset=\"https:\/\/www.diarioimagen.net\/wp-content\/uploads\/2019\/03\/PAVIMENTACION15-portal-460x268.jpg 460w, https:\/\/www.diarioimagen.net\/wp-content\/uploads\/2019\/03\/PAVIMENTACION15-portal-240x140.jpg 240w, https:\/\/www.diarioimagen.net\/wp-content\/uploads\/2019\/03\/PAVIMENTACION15-portal.jpg 480w\" sizes=\"auto, (max-width: 460px) 100vw, 460px\" \/><p id=\"caption-attachment-419273\" class=\"wp-caption-text\">Anuncian reparaci\u00f3n de la sexta parte de la carpeta asf\u00e1ltica de las v\u00edas primarias de la capital.<\/p><\/div>\n<p>&nbsp;<\/p>\n<p>La jefa de gobierno capitalino, Claudia Sheinbaum Pardo, inform\u00f3 que el Programa de Mantenimiento de la Red Vial Primaria de la Ciudad de M\u00e9xico prev\u00e9, para este a\u00f1o, la reparaci\u00f3n o reencarpetamiento de la sexta parte de la carpeta asf\u00e1ltica de las v\u00edas primarias de la urbe.<\/p>\n<p>En conferencia de prensa, detall\u00f3 que las obras contemplan dos fases para evitar repavimentar en \u00e9poca de lluvias; la primera tendr\u00e1 un presupuesto de mil 100 millones de pesos y la segunda contar\u00e1 con recursos por un monto similar.<\/p>\n<p>Acompa\u00f1ada por el secretario de Obras y Servicios, Jes\u00fas Esteva Medina, la mandataria capitalina afirm\u00f3 que al finalizar el sexenio se habr\u00e1 intervenido toda la carpeta asf\u00e1ltica de la capital con un sistema m\u00e1s duradero, que abarcar\u00e1 tramos m\u00e1s largos y profundos.<\/p>\n<p>Seg\u00fan un diagn\u00f3stico, 62 por ciento de la carpeta asf\u00e1ltica se encuentra en malas condiciones y requiere mantenimiento correctivo, mientras que 38 por ciento permanece en condiciones regulares que pueden ser atendidas con mantenimiento preventivo. A 100 d\u00edas del inicio de la administraci\u00f3n local, se tiene un avance de 14 vialidades atendidas con 85 mil 727 metros cuadrados en mantenimiento preventivo, mientras que la meta para 2019 es alcanzar 189 mil 870 metros cuadrados.<\/p>\n<p>Por otro lado, en el mantenimiento correctivo han sido atendidas 33 vialidades con un avance de 250 mil metros cuadrados de total de un mill\u00f3n 875 mil metros cuadrados en 64 vialidades para 2019. A su vez, el titular de la Secretar\u00eda de Obras y Servicios, Jes\u00fas Esteva Medina, detall\u00f3 que se tiene prevista la adquisici\u00f3n de un georadar y de un sistema de detecci\u00f3n de grietas con una inversi\u00f3n de cinco millones de pesos, a fin de conocer\u00a0 las condiciones del espesor de las capas subterr\u00e1neas y de las grietas, baches y coladeras.<\/p>\n<p>Dichos equipos se sumar\u00e1n a ocho autos que fueron acondicionados para recorrer la ciudad y detectar los baches existentes divididos en cuatro pol\u00edgonos y el desarrollo de una aplicaci\u00f3n para el reporte de baches en tiempo real.<\/p>\n<p>A\u00f1adi\u00f3 que las mezclas asf\u00e1lticas que produce la capital ser\u00e1n complementadas con el de las empresas que participen en la licitaci\u00f3n.<\/p>\n<p>Se tiene previsto que en 2019 se produzcan 600 mil toneladas de asfalto con dos l\u00edneas productoras con capacidad de 430 toneladas por hora efectivas con el aprovechamiento de diversas obras de repavimentaci\u00f3n de la capital.<\/p>\n","protected":false},"excerpt":{"rendered":"<p>La jefa de gobierno capitalino, Claudia Sheinbaum Pardo, inform\u00f3 que el Programa de Mantenimiento de la Red Vial Primaria de la Ciudad de M\u00e9xico prev\u00e9, para este a\u00f1o, la reparaci\u00f3n o reencarpetamiento de la sexta parte de la carpeta asf\u00e1ltica de las v\u00edas primarias de la urbe.<\/p>\n","protected":false},"author":5,"featured_media":419273,"comment_status":"open","ping_status":"open","sticky":false,"template":"","format":"standard","meta":{"_monsterinsights_skip_tracking":false,"_monsterinsights_sitenote_active":false,"_monsterinsights_sitenote_note":"","_monsterinsights_sitenote_category":0,"footnotes":""},"categories":[6],"tags":[72207,83632,83631],"class_list":["post-419272","post","type-post","status-publish","format-standard","has-post-thumbnail","hentry","category-cd-de-mexico","tag-claudia-sheinbaum-pardo","tag-jesus-esteva-medina","tag-reparacion-de-la-red-vial-primaria"],"_links":{"self":[{"href":"https:\/\/www.diarioimagen.net\/index.php?rest_route=\/wp\/v2\/posts\/419272","targetHints":{"allow":["GET"]}}],"collection":[{"href":"https:\/\/www.diarioimagen.net\/index.php?rest_route=\/wp\/v2\/posts"}],"about":[{"href":"https:\/\/www.diarioimagen.net\/index.php?rest_route=\/wp\/v2\/types\/post"}],"author":[{"embeddable":true,"href":"https:\/\/www.diarioimagen.net\/index.php?rest_route=\/wp\/v2\/users\/5"}],"replies":[{"embeddable":true,"href":"https:\/\/www.diarioimagen.net\/index.php?rest_route=%2Fwp%2Fv2%2Fcomments&post=419272"}],"version-history":[{"count":0,"href":"https:\/\/www.diarioimagen.net\/index.php?rest_route=\/wp\/v2\/posts\/419272\/revisions"}],"wp:featuredmedia":[{"embeddable":true,"href":"https:\/\/www.diarioimagen.net\/index.php?rest_route=\/wp\/v2\/media\/419273"}],"wp:attachment":[{"href":"https:\/\/www.diarioimagen.net\/index.php?rest_route=%2Fwp%2Fv2%2Fmedia&parent=419272"}],"wp:term":[{"taxonomy":"category","embeddable":true,"href":"https:\/\/www.diarioimagen.net\/index.php?rest_route=%2Fwp%2Fv2%2Fcategories&post=419272"},{"taxonomy":"post_tag","embeddable":true,"href":"https:\/\/www.diarioimagen.net\/index.php?rest_route=%2Fwp%2Fv2%2Ftags&post=419272"}],"curies":[{"name":"wp","href":"https:\/\/api.w.org\/{rel}","templated":true}]}}