{"id":419331,"date":"2019-03-15T00:10:30","date_gmt":"2019-03-15T06:10:30","guid":{"rendered":"https:\/\/www.diarioimagen.net\/?p=419331"},"modified":"2019-03-15T05:01:00","modified_gmt":"2019-03-15T11:01:00","slug":"aprueban-los-diputados-revocacion-de-mandato","status":"publish","type":"post","link":"https:\/\/www.diarioimagen.net\/?p=419331","title":{"rendered":"Aprueban los diputados revocaci\u00f3n de mandato"},"content":{"rendered":"<ul>\n<li><strong><em>Se aplicar\u00eda por primera vez en 2021<\/em><\/strong><\/li>\n<li><strong><em>Acusa oposici\u00f3n: se avala reforma que podr\u00eda abrir puerta a la reelecci\u00f3n<\/em><\/strong><\/li>\n<\/ul>\n<p>&nbsp;<\/p>\n<div id=\"attachment_419418\" style=\"width: 470px\" class=\"wp-caption aligncenter\"><a href=\"https:\/\/www.diarioimagen.net\/?attachment_id=419418\" rel=\"attachment wp-att-419418\"><img loading=\"lazy\" decoding=\"async\" aria-describedby=\"caption-attachment-419418\" class=\"size-large wp-image-419418\" src=\"https:\/\/www.diarioimagen.net\/wp-content\/uploads\/2019\/03\/REVOCACION15-460x259.jpg\" alt=\"\" width=\"460\" height=\"259\" srcset=\"https:\/\/www.diarioimagen.net\/wp-content\/uploads\/2019\/03\/REVOCACION15-460x259.jpg 460w, https:\/\/www.diarioimagen.net\/wp-content\/uploads\/2019\/03\/REVOCACION15-240x135.jpg 240w, https:\/\/www.diarioimagen.net\/wp-content\/uploads\/2019\/03\/REVOCACION15-235x132.jpg 235w, https:\/\/www.diarioimagen.net\/wp-content\/uploads\/2019\/03\/REVOCACION15-202x114.jpg 202w, https:\/\/www.diarioimagen.net\/wp-content\/uploads\/2019\/03\/REVOCACION15-350x196.jpg 350w, https:\/\/www.diarioimagen.net\/wp-content\/uploads\/2019\/03\/REVOCACION15-220x123.jpg 220w, https:\/\/www.diarioimagen.net\/wp-content\/uploads\/2019\/03\/REVOCACION15-237x132.jpg 237w, https:\/\/www.diarioimagen.net\/wp-content\/uploads\/2019\/03\/REVOCACION15.jpg 480w\" sizes=\"auto, (max-width: 460px) 100vw, 460px\" \/><\/a><p id=\"caption-attachment-419418\" class=\"wp-caption-text\">Con 328 votos en favor, 153 en contra y dos abstenciones, la C\u00e1mara de Diputados aprob\u00f3 el dictamen para que el Presidente pueda someterse a una consulta de revocaci\u00f3n de mandato.<\/p><\/div>\n<p>&nbsp;<\/p>\n<p>La C\u00e1mara de Diputados aval\u00f3 en lo general con 328 votos en favor, 153 en contra y dos abstenciones el dictamen para que el Presidente de la Rep\u00fablica pueda someterse a una consulta de revocaci\u00f3n de mandato y que se aplicar\u00eda por primera vez en 2021, durante la elecci\u00f3n intermedia.<\/p>\n<p>La aprobaci\u00f3n, con mayor\u00eda calificada, se dio en medio de un intercambio de se\u00f1alamentos y pancartas con la leyenda \u201cSufragio efectivo, no reelecci\u00f3n\u201c entre Morena y la oposici\u00f3n.<\/p>\n<p>Durante el debate los legisladores de Morena exhibieron la figura del Presidente de la Rep\u00fablica para contrarrestar a los opositores del PAN y PRI, quienes subieron previamente a fijar postura arropados por sus compa\u00f1eros y mostrando pancartas.<\/p>\n<p>La oposici\u00f3n acus\u00f3 que se estaba avalando una reforma que podr\u00eda abrir la puerta a la reelecci\u00f3n y que Morena quiere hacer historia como Venezuela y Bolivia. Morena y sus aliados les pidieron no temer ir a las urnas en 2021.<\/p>\n<p>Al fundamentar el dictamen Miroslava Carrillo Mart\u00ednez, de Morena, expres\u00f3 que la consulta popular con car\u00e1cter revocatorio ser\u00e1 la herramienta del pueblo para evaluar y, en su caso, cambiar a gobernantes, aquellos que desde el poder del Estado no cumplieron con su mandato constitucional.<\/p>\n<p>La consulta popular y la revocaci\u00f3n de mandato tiene la finalidad de inhibir la tendencia abusiva, unilateral o arbitraria de quien ejerce el poder p\u00fablico. \u201cEstos instrumentos son propios de democracias modernas en las que se contempla a la democracia representativa con instrumentos de participaci\u00f3n ciudadana\u201d, dijo.<\/p>\n<p>Sergio Carlos Guti\u00e9rrez, de Morena, acus\u00f3 a la oposici\u00f3n de tener miedo con el argument\u00f3 que Morena ser\u00eda beneficiada en la elecci\u00f3n intermedia si tambi\u00e9n se somete a consideraci\u00f3n de los ciudadanos la revocaci\u00f3n del mandato del Presidente, pero \u201ces un argumento falso, que no se sostiene\u201d.<\/p>\n<p>Mar\u00eda Mu\u00f1oz, del PRI, critic\u00f3 el dictamen al considerar que Morena est\u00e1 dando a M\u00e9xico un instrumento para una ratificaci\u00f3n de mandato y no una revocaci\u00f3n, lo que es problema conceptual porque est\u00e1n confundiendo una consulta con una elecci\u00f3n.<\/p>\n<p>Arropada con la figura del ex presidente Francisco I. Madero y la leyenda \u201cSufragio efectivo, no reelecci\u00f3n\u201d que exhibieron sus correligionarios encabezados por su coordinador Ren\u00e9 Ju\u00e1rez, dijo que el PRI est\u00e1 en favor de la revocaci\u00f3n de mandato siempre y cuando sea convocada por los ciudadanos.<\/p>\n<p>El PAN, a trav\u00e9s de su legislador Marcos Aguilar, indic\u00f3 que su bancada propondr\u00eda reducir hasta 0.13 por ciento el porcentaje de los inscritos en la Lista Nominal de electores que se requieren para solicitar que se convoque a una consulta popular. Desde la m\u00e1xima tribuna, y acompa\u00f1ado por sus correligionarios que exhibieron tambi\u00e9n pancartas con la leyenda \u201cSufragio efectivo, no reelecci\u00f3n\u201d, advirti\u00f3 sobre los t\u00e9rminos del dictamen y la necesidad de hacerle modificaciones toda vez que persisten obst\u00e1culos para la realizaci\u00f3n de las consultas populares.<\/p>\n<p>Propuso que sea la SCJN quien decida cu\u00e1ndo es vinculante una consulta popular as\u00ed como decidir un d\u00eda espec\u00edfico para su realizaci\u00f3n, alert\u00f3 sobre los riesgos de aprobar la figura de revocaci\u00f3n de mandato pronunci\u00e1ndose en contra de la intervenci\u00f3n del Presidente de la Rep\u00fablica en las elecciones intermedias, y plante\u00f3 que sea el INE quien convoque a tal mecanismo.<\/p>\n","protected":false},"excerpt":{"rendered":"<p>La C\u00e1mara de Diputados aval\u00f3 en lo general con 328 votos en favor, 153 en contra y dos abstenciones el dictamen para que el Presidente de la Rep\u00fablica pueda someterse a una consulta de revocaci\u00f3n de mandato y que se aplicar\u00eda por primera vez en 2021, durante la elecci\u00f3n intermedia.<\/p>\n","protected":false},"author":3,"featured_media":419418,"comment_status":"open","ping_status":"open","sticky":false,"template":"","format":"standard","meta":{"_monsterinsights_skip_tracking":false,"_monsterinsights_sitenote_active":false,"_monsterinsights_sitenote_note":"","_monsterinsights_sitenote_category":0,"footnotes":""},"categories":[3,80806],"tags":[32298,43673,2357,83658],"class_list":["post-419331","post","type-post","status-publish","format-standard","has-post-thumbnail","hentry","category-nacional","category-legislativo","tag-diputados","tag-nacional","tag-poder-legislativo","tag-revocacion-de-mandato"],"_links":{"self":[{"href":"https:\/\/www.diarioimagen.net\/index.php?rest_route=\/wp\/v2\/posts\/419331","targetHints":{"allow":["GET"]}}],"collection":[{"href":"https:\/\/www.diarioimagen.net\/index.php?rest_route=\/wp\/v2\/posts"}],"about":[{"href":"https:\/\/www.diarioimagen.net\/index.php?rest_route=\/wp\/v2\/types\/post"}],"author":[{"embeddable":true,"href":"https:\/\/www.diarioimagen.net\/index.php?rest_route=\/wp\/v2\/users\/3"}],"replies":[{"embeddable":true,"href":"https:\/\/www.diarioimagen.net\/index.php?rest_route=%2Fwp%2Fv2%2Fcomments&post=419331"}],"version-history":[{"count":0,"href":"https:\/\/www.diarioimagen.net\/index.php?rest_route=\/wp\/v2\/posts\/419331\/revisions"}],"wp:featuredmedia":[{"embeddable":true,"href":"https:\/\/www.diarioimagen.net\/index.php?rest_route=\/wp\/v2\/media\/419418"}],"wp:attachment":[{"href":"https:\/\/www.diarioimagen.net\/index.php?rest_route=%2Fwp%2Fv2%2Fmedia&parent=419331"}],"wp:term":[{"taxonomy":"category","embeddable":true,"href":"https:\/\/www.diarioimagen.net\/index.php?rest_route=%2Fwp%2Fv2%2Fcategories&post=419331"},{"taxonomy":"post_tag","embeddable":true,"href":"https:\/\/www.diarioimagen.net\/index.php?rest_route=%2Fwp%2Fv2%2Ftags&post=419331"}],"curies":[{"name":"wp","href":"https:\/\/api.w.org\/{rel}","templated":true}]}}