{"id":419372,"date":"2019-03-15T00:01:35","date_gmt":"2019-03-15T06:01:35","guid":{"rendered":"https:\/\/www.diarioimagen.net\/?p=419372"},"modified":"2019-03-15T06:14:19","modified_gmt":"2019-03-15T12:14:19","slug":"en-2018-se-subieron-por-primera-vez-a-un-avion-1-4-millones-de-personas-dijo-enrique-beltranena-ceo-y-director-general-de-volaris-durante-la-celebracion-del-13-aniversario","status":"publish","type":"post","link":"https:\/\/www.diarioimagen.net\/?p=419372","title":{"rendered":"\u201cEn 2018 se subieron por primera vez a un avi\u00f3n, 1.4 millones de personas\u201d, dijo Enrique Beltranena, CEO y director general de Volaris, durante la celebraci\u00f3n del 13 aniversario"},"content":{"rendered":"<h2>De cinco estrellas<\/h2>\n<h5>Victoria Gonz\u00e1lez Prado<\/h5>\n<p>&nbsp;<\/p>\n<ul>\n<li><em><strong>Recibe el aeropuerto internacional de Dallas, Fort Worth, el galard\u00f3n \u201cAeropuerto del a\u00f1o 2019\u201d, por su excelente desempe\u00f1o<\/strong><\/em><\/li>\n<\/ul>\n<p>&nbsp;<\/p>\n<div id=\"attachment_419439\" style=\"width: 470px\" class=\"wp-caption aligncenter\"><a href=\"https:\/\/www.diarioimagen.net\/?attachment_id=419439\" rel=\"attachment wp-att-419439\"><img loading=\"lazy\" decoding=\"async\" aria-describedby=\"caption-attachment-419439\" class=\"size-large wp-image-419439\" src=\"https:\/\/www.diarioimagen.net\/wp-content\/uploads\/2019\/03\/turismo-6-460x259.jpg\" alt=\"\" width=\"460\" height=\"259\" srcset=\"https:\/\/www.diarioimagen.net\/wp-content\/uploads\/2019\/03\/turismo-6-460x259.jpg 460w, https:\/\/www.diarioimagen.net\/wp-content\/uploads\/2019\/03\/turismo-6-240x135.jpg 240w, https:\/\/www.diarioimagen.net\/wp-content\/uploads\/2019\/03\/turismo-6-235x132.jpg 235w, https:\/\/www.diarioimagen.net\/wp-content\/uploads\/2019\/03\/turismo-6-202x114.jpg 202w, https:\/\/www.diarioimagen.net\/wp-content\/uploads\/2019\/03\/turismo-6-350x196.jpg 350w, https:\/\/www.diarioimagen.net\/wp-content\/uploads\/2019\/03\/turismo-6-220x123.jpg 220w, https:\/\/www.diarioimagen.net\/wp-content\/uploads\/2019\/03\/turismo-6-237x132.jpg 237w, https:\/\/www.diarioimagen.net\/wp-content\/uploads\/2019\/03\/turismo-6.jpg 480w\" sizes=\"auto, (max-width: 460px) 100vw, 460px\" \/><\/a><p id=\"caption-attachment-419439\" class=\"wp-caption-text\">Enrique Beltranena.<\/p><\/div>\n<p>&nbsp;<\/p>\n<p>M\u00e9rida ser\u00e1 la sede del Tianguis Tur\u00edstico, as\u00ed lo dio a conocer en su cuenta de twitter el titular de la Secretar\u00eda de Turismo federal, <strong>Miguel Torruco Marqu\u00e9s<\/strong>.<\/p>\n<p>La Ciudad de M\u00e9xico y M\u00e9rida fueron las \u00fanicas dos que se inscribieron para contender por la realizaci\u00f3n del Tianguis Tur\u00edstico en 2020.<\/p>\n<p>Cabe recordar que el Tianguis Tur\u00edstico que naci\u00f3 en Acapulco, Guerrero en 1975 y desde el 2012 se volvi\u00f3 itinerante.<\/p>\n<p>Existe gran potencial de crecimiento en el mercado nacional, pues nuestra apuesta es llevar a mayor n\u00famero de usuarios de autob\u00fas a aviones, con nuestro esquema de bajo costo\u201d, asegur\u00f3 <strong>Enrique Beltranena<\/strong>, CEO y director general de Volaris, y adem\u00e1s inform\u00f3 que \u201cen 2018 se subieron por primera vez a un avi\u00f3n, 1.4 millones de personas\u201d, y que al celebrar 13 a\u00f1os y m\u00e1s de 8 millones de personas transportadas desde sus inicios, ha crecido tambi\u00e9n en apertura de rutas a Estados Unidos y Centroam\u00e9rica.<\/p>\n<p>Indic\u00f3 que \u201cla penetraci\u00f3n de la l\u00ednea a\u00e9rea en el mercado dom\u00e9stico es de 30.9 por ciento, derivado de la diversificaci\u00f3n de operaciones desde la Ciudad de M\u00e9xico, Guadalajara, Tijuana, Canc\u00fan y Monterrey. Hemos incrementado 17 por ciento nuestras rutas con la adici\u00f3n de frecuencias y nuevos destinos, y el n\u00famero de viajeros en 19 por ciento a\u00f1o tras a\u00f1o\u201d.<\/p>\n<p>Por otra parte, destac\u00f3 que en el \u00faltimo lustro, el modelo de ultra bajo costo aument\u00f3 de 42.3 a 51.4 por ciento en la penetraci\u00f3n del mercado dom\u00e9stico, y cerca de 50 por ciento de dicho crecimiento se atribuye a Volaris.<\/p>\n<p>Con la celebraci\u00f3n del treceavo aniversario, <strong>Beltranena<\/strong> dijo que el modelo de bajo costo tuvo tanta penetraci\u00f3n en M\u00e9xico que actualmente supera el 50 por ciento del mercado, del cual Volaris tiene alta participaci\u00f3n. Para reforzar su esquema de negocio y marcar la diferencia, en febrero puso en operaci\u00f3n la Tercera Tarifa, modelo que incluye beneficios adicionales a los clientes conocidos como Vuela Plus, con el que podr\u00e1 transportar dos equipajes de mano de 10 kg. en total, maleta documentada de 25 kg, selecci\u00f3n de asientos regulares y prioridad en abordaje.<\/p>\n<p>Asimismo, <strong>Beltranena<\/strong> record\u00f3 que\u00a0 la aerol\u00ednea ha reducido en promedio 4.01 por ciento su tarifa cada a\u00f1o. \u201cEl a\u00f1o pasado nos concentramos en desarrollar estrategia de costos bajos que nos permiti\u00f3 superar los retos que supuso el aumento de los precios del petr\u00f3leo, y continuar con la apertura de m\u00e1s rutas punto a punto.<\/p>\n<p><strong>E<\/strong>nfatiz\u00f3 que durante sus trece a\u00f1os de vida de la compa\u00f1\u00eda ha tenido momentos clave, como la fundaci\u00f3n de la aerol\u00ednea en Costa Rica en 2016; ser la primera en operar un NEO en Am\u00e9rica del Norte y obtener el reconocimiento por parte de <em>Air Transport<\/em> <em>Wordl<\/em> como \u201cLa \u00a0\u00a0\u00a0\u00a0\u00a0\u00a0\u00a0\u00a0\u00a0\u00a0\u00a0\u00a0\u00a0 aerol\u00ednea m\u00e1s valiosa del a\u00f1o\u201d, y ser considerada entre las mejores cinco aerol\u00edneas de ultra bajo costo y una de las m\u00e1s seguras en el mundo.<\/p>\n<p>Tambi\u00e9n se\u00f1al\u00f3 que en los \u00faltimos seis a\u00f1os esa empresa a\u00e9rea ha incrementado a m\u00e1s del doble sus ingresos, pues pas\u00f3 de 11 mil 686 millones a 27 mil 305 millones de pesos durante 2018. \u201cEl \u00e9xito de Volaris se debe a su enfoque hacia el cliente\u201d, Volaris.com es la p\u00e1gina m\u00e1s visitada en M\u00e9xico en el sector, pues cuenta con m\u00e1s de un mill\u00f3n de usuarios registrados, 850 mil miembros del club de descuentos y 220 mil tarjetahabientes.<\/p>\n<p>El directivo asegur\u00f3 que m\u00e1s de 70 por ciento de sus ventas son a trav\u00e9s de Volaris.com, mientras que su aplicaci\u00f3n m\u00f3vil tuvo 1.7 millones de descargas tan s\u00f3lo en 2018.<\/p>\n<p>Por otra parte,<strong> Beltranena<\/strong> destac\u00f3 que el incremento de 16 por ciento en los costos de operaci\u00f3n del aeropuerto internacional de Quer\u00e9taro llev\u00f3 a la cancelaci\u00f3n de vuelos a Chicago, Chihuahua, Guadalajara y Vallarta, rutas que salieron a la venta el pasado 8 de marzo y han sido canceladas por considerarlas inviables. Sin embargo, all\u00ed seguir\u00e1 operando los vuelos a Canc\u00fan, Tijuana y Chicago (al aeropuerto Midway).<\/p>\n<p>El aeropuerto de Quer\u00e9taro es el s\u00e9ptimo m\u00e1s caro del pa\u00eds y la empresa est\u00e1 analizando aeropuertos que permitan ofertar tarifas m\u00e1s bajas, para colocar la capacidad que se iba a destinar a esa poblaci\u00f3n. A pesar de esa cancelaci\u00f3n, en el reporte de febrero de 2019 la l\u00ednea a\u00e9rea transport\u00f3 un total de 1.5 millones de pasajeros, cifra que representa incremento del 16.1 por ciento si se compara con el mismo mes de 2018.<\/p>\n<p><strong>Enrique Beltranena<\/strong> afirm\u00f3 que la aerol\u00ednea ya no puede seguir soportando los incrementos de costos que tienen algunos aeropuertos del pa\u00eds, por lo que en noviembre envi\u00f3 tres cartas a la Direcci\u00f3n General de Aeron\u00e1utica Civil (DGAC) relacionadas con dicho tema, para pedir su colaboraci\u00f3n.<\/p>\n<p>\u201cLa compa\u00f1\u00eda fue clara en que tenemos que ser viables y no podemos aceptar que los grupos aeroportuarios inconscientemente sigan haciendo incrementos que no tienen relaci\u00f3n con la aviaci\u00f3n o no directamente con lo que se necesita. Quer\u00e9taro, por ejemplo, quiere el nuevo incremento para una nueva terminal y el resto para seguir expandiendo un parque industrial en el que Volaris no tiene nada que ver\u201d, coment\u00f3.<\/p>\n<p>Adicionalmente, la aerol\u00ednea tambi\u00e9n increment\u00f3 su capacidad total medida en t\u00e9rminos de asientos-milla disponibles en 15.2 por ciento comparado con el a\u00f1o anterior. En este reporte, el director general coment\u00f3 que \u201cla demanda de pasajeros continua s\u00f3lida para Volaris, a pesar de que los factores de ocupaci\u00f3n son ligeramente m\u00e1s bajos que el a\u00f1o pasado. Vemos que los ingresos unitarios contin\u00faan mejorando en comparaci\u00f3n con el a\u00f1o anterior\u201d.<\/p>\n<p>Volaris cuenta en este momento con una flota de 77 aviones, de los cuales 54 tienen <em>sharklets<\/em> en las alas que, aunados a los motores de \u00faltima generaci\u00f3n de <em>Pratt &amp; Whitney,<\/em> permiten ahorrar hasta 18 por ciento de combustible.<\/p>\n<p>\u2730\u2730\u2730\u2730\u2730 <em>Air Transport World<\/em> (ATW) entreg\u00f3 al aeropuerto internacional de Dallas,.Fort Worth (DFW), el premio Aeropuerto del A\u00f1o 2019; para celebrarlo, Sales Internacional, que preside <strong>Jorge Sales<\/strong> junto con <strong>Jorge Sales Jr<\/strong>. y <strong>Lilian Toro<\/strong>, representantes de ese aer\u00f3dromo en M\u00e9xico, organizaron reuni\u00f3n a la que acudieron personalidades de la industria de la aviaci\u00f3n y del turismo.<\/p>\n<p>El premio reconoce lo innovador del DFW al proveer experiencia de clase mundial a sus clientes, liderazgo en sustentabilidad, rentables y eficientes operaciones, excelente asociaci\u00f3n con las aerol\u00edneas y la colaboraci\u00f3n con comunidades locales para seguir desarrollando los beneficios econ\u00f3micos de la aviaci\u00f3n en la regi\u00f3n de Dallas-Fort Worth.<\/p>\n<p>Durante 45 a\u00f1os, ese lauro por logros dentro de la Industria a\u00e9rea, significa reconocimiento a los mejores negocios y personas dentro del sector de la aviaci\u00f3n, y ahora el DFW se une a laexclusiva lista de aeropuertos de enlace global que lo han obtenido, como el de Hong Kong, el de Londres y el aeropuerto Singapore-Changi.<\/p>\n<p>Para este a\u00f1o, 2019, el DWF anticipa dar servicio al promedio de casi 200 mil pasajeros por d\u00eda con nuevos destinos dom\u00e9sticos e internacionales y casi mil 900 vuelos diarios. En 2018 dio varias notas sobresalientes, entre ellas 28 nuevos destinos, la oferta de m\u00e1s vuelos dom\u00e9sticos que cualquier otro aeropuerto dentro de los Estados Unidos.<\/p>\n<p>Dio a conocer nueve nuevos vuelos internacionales, duplicando destinos hacia Europa y frecuencias desde el a\u00f1o 2015. Concluy\u00f3 remodelaci\u00f3n y renovaci\u00f3n a un costo de dos billones de d\u00f3lares de sus tres terminales.<\/p>\n<p>Obtuvo la acreditaci\u00f3n de huella de carbono neutral por tercer a\u00f1o consecutivo y lider\u00f3 la innovaci\u00f3n en terminales con el uso de tecnolog\u00eda de vidrio electro cr\u00f3mico, el nuevo y mejorado \u201cCentro de Experiencia\u201d y el programa piloto de tecnolog\u00eda biom\u00e9trica.<\/p>\n<p>ATW reconocer\u00e1 formalmente al aeropuerto internacional de Dallas, Fort Worth, y a todos los ganadores de premios en ceremonia que se efectuar\u00e1 el 26 de marzo pr\u00f3ximo.<\/p>\n<p><em><a href=\"mailto:victoriagprado@gmail.com\" target=\"_blank\" rel=\"noopener noreferrer\">victoriagprado@gmail.com<\/a><\/em><br \/>\n<em>Twitter: <a href=\"https:\/\/twitter.com\/victoriagprado\" target=\"_blank\" rel=\"noopener noreferrer\">@victoriagprado<\/a><\/em><\/p>\n","protected":false},"excerpt":{"rendered":"<p>M\u00e9rida ser\u00e1 la sede del Tianguis Tur\u00edstico, as\u00ed lo dio a conocer en su cuenta de twitter el titular de la Secretar\u00eda de Turismo federal, <strong>Miguel Torruco Marqu\u00e9s<\/strong>.<\/p>\n","protected":false},"author":3,"featured_media":419439,"comment_status":"open","ping_status":"open","sticky":false,"template":"","format":"standard","meta":{"_monsterinsights_skip_tracking":false,"_monsterinsights_sitenote_active":false,"_monsterinsights_sitenote_note":"","_monsterinsights_sitenote_category":0,"footnotes":""},"categories":[11],"tags":[107,43674,106],"class_list":["post-419372","post","type-post","status-publish","format-standard","has-post-thumbnail","hentry","category-turismo","tag-de-cinco-estrellas","tag-opinion","tag-victoria-gonzalez-prado"],"_links":{"self":[{"href":"https:\/\/www.diarioimagen.net\/index.php?rest_route=\/wp\/v2\/posts\/419372","targetHints":{"allow":["GET"]}}],"collection":[{"href":"https:\/\/www.diarioimagen.net\/index.php?rest_route=\/wp\/v2\/posts"}],"about":[{"href":"https:\/\/www.diarioimagen.net\/index.php?rest_route=\/wp\/v2\/types\/post"}],"author":[{"embeddable":true,"href":"https:\/\/www.diarioimagen.net\/index.php?rest_route=\/wp\/v2\/users\/3"}],"replies":[{"embeddable":true,"href":"https:\/\/www.diarioimagen.net\/index.php?rest_route=%2Fwp%2Fv2%2Fcomments&post=419372"}],"version-history":[{"count":0,"href":"https:\/\/www.diarioimagen.net\/index.php?rest_route=\/wp\/v2\/posts\/419372\/revisions"}],"wp:featuredmedia":[{"embeddable":true,"href":"https:\/\/www.diarioimagen.net\/index.php?rest_route=\/wp\/v2\/media\/419439"}],"wp:attachment":[{"href":"https:\/\/www.diarioimagen.net\/index.php?rest_route=%2Fwp%2Fv2%2Fmedia&parent=419372"}],"wp:term":[{"taxonomy":"category","embeddable":true,"href":"https:\/\/www.diarioimagen.net\/index.php?rest_route=%2Fwp%2Fv2%2Fcategories&post=419372"},{"taxonomy":"post_tag","embeddable":true,"href":"https:\/\/www.diarioimagen.net\/index.php?rest_route=%2Fwp%2Fv2%2Ftags&post=419372"}],"curies":[{"name":"wp","href":"https:\/\/api.w.org\/{rel}","templated":true}]}}