{"id":419403,"date":"2019-03-15T00:04:08","date_gmt":"2019-03-15T06:04:08","guid":{"rendered":"https:\/\/www.diarioimagen.net\/?p=419403"},"modified":"2019-04-03T23:25:20","modified_gmt":"2019-04-04T05:25:20","slug":"por-que-narro-ivonne-y-cardenas","status":"publish","type":"post","link":"https:\/\/www.diarioimagen.net\/?p=419403","title":{"rendered":"\u00bfPor qu\u00e9 Narro?, Ivonne y C\u00e1rdenas"},"content":{"rendered":"<h2>Espacio Electoral<\/h2>\n<h5>Eleazar Flores<strong>\u00a0<\/strong><\/h5>\n<p><strong>\u00a0<\/strong><\/p>\n<p><strong>Una sola raz\u00f3n.-<\/strong>Posiblemente sea la semana pr\u00f3xima cuando el PRI lance su convocatoria para elegir a su nueva dirigencia, ejercicio en el que aparecen a groso modo, la honestidad y capacidad tricolor en la persona de Jos\u00e9 Narro, la experiencia institucional de Ivonne Ortega y la juventud con resultados de Rafael\u00a0 Alejandro Moreno C\u00e1rdenas.<\/p>\n<p>Contra lo que piense, esta no es la preocupaci\u00f3n principal de los pri\u00edstas sino evitar que para las intermedias de 2021 no aparezca en la boleta el nombre de AMLO. Hay razones de peso.<\/p>\n<p>Terna tricolor.- Los altos analistas del PRI justifican con raz\u00f3n incluir como aspirante a la presidencia nacional tricolor al ex rector de la UNAM y ex secretario de Salud, Jos\u00e9 Narro Robles, para demostrar que en las filas del partidazo hay \u201cgente decente\u201d as\u00ed los de la Cuarta Transformaci\u00f3n le busquen por doquier, indicios de corrupci\u00f3n en el sexenio pe\u00f1ista.<\/p>\n<p>Reconocen sin embargo que al prestigiado acad\u00e9mico le falta identificaci\u00f3n con la base y su personalidad ayuda poco para acercarlo con las infanter\u00edas, \u201cpero la campa\u00f1a lo ayudar\u00eda\u201d.<\/p>\n<p>De Ivonne Ortega dicen los analistas que le sobran m\u00e9ritos e institucionalidad pues en su momento fue la \u00fanica que se enfrent\u00f3 al presidente Enrique Pe\u00f1a para cuestionarle muchos procedimientos no de gobierno, pero s\u00ed de partido, por lo que acentuando su institucionalidad prefiri\u00f3 hacerse a un lado antes que fingir y fungir como comparsa\u2026hasta de Meade.<\/p>\n<p>El gobernador Alejandro Moreno C\u00e1rdenas a su edad ha logrado todo, o casi, empezando desde las infanter\u00edas del PRI con buenos resultados a los lugares que llega, sean partido o gobierno.<\/p>\n<p>Sin embargo en el rostro de muchos tricolores de nivel resalta la interrogante de \u00bfqui\u00e9n le dijo que podr\u00eda ser?. Inquieta su presunci\u00f3n de tener apoyo de gobernadores pri\u00edstas. Tradicionalismo puro<\/p>\n<p><strong>Boleta 2021.-<\/strong> Desde ahora los pri\u00edstas tienen una mayor preocupaci\u00f3n, evitar que el Presidente de la Rep\u00fablica se salga con la suya, que su nombre aparezca en las boletas de las elecciones intermedias de 2021, cuando se renueve la C\u00e1mara Baja.<\/p>\n<p>Cierto que en este momento la ley lo proh\u00edbe pero AMLO se ha caracterizado por hacer las cosas as\u00ed se transgreda la ley.<\/p>\n<p>El empecinamiento presidencial de aparecer en las boletas tiene un fin claro, fortalecer su presencia medi\u00e1tica e incluso advertir posibles intentos reeleccionistas.<\/p>\n<p>El hecho de que en la papeler\u00eda de alguna Secretar\u00eda de Estado se haya eliminado la frase \u201cSufragio efectivo, no reelecci\u00f3n\u201d es intento manifiesto de dichas intenciones.<\/p>\n<p>Todo lo anterior por saber los morenistas que el \u201cgancho\u201d para jalar votos es AMLO, al grado de hacer ganar hasta a los desconocidos.<\/p>\n<p><a href=\"mailto:elefa44@gmail.com\" target=\"_blank\" rel=\"noopener noreferrer\"><em>elefa44@gmail.com<\/em><\/a><\/p>\n","protected":false},"excerpt":{"rendered":"<p><span style=\"color: #005497;\"><strong>Eleazar Flores<\/strong><\/span><\/p>\n","protected":false},"author":3,"featured_media":0,"comment_status":"open","ping_status":"open","sticky":false,"template":"","format":"standard","meta":{"_monsterinsights_skip_tracking":false,"_monsterinsights_sitenote_active":false,"_monsterinsights_sitenote_note":"","_monsterinsights_sitenote_category":0,"footnotes":""},"categories":[81743],"tags":[81744,81776,43674],"class_list":["post-419403","post","type-post","status-publish","format-standard","hentry","category-eleazar-flores","tag-eleazar-flores","tag-espacio-electoral","tag-opinion"],"_links":{"self":[{"href":"https:\/\/www.diarioimagen.net\/index.php?rest_route=\/wp\/v2\/posts\/419403","targetHints":{"allow":["GET"]}}],"collection":[{"href":"https:\/\/www.diarioimagen.net\/index.php?rest_route=\/wp\/v2\/posts"}],"about":[{"href":"https:\/\/www.diarioimagen.net\/index.php?rest_route=\/wp\/v2\/types\/post"}],"author":[{"embeddable":true,"href":"https:\/\/www.diarioimagen.net\/index.php?rest_route=\/wp\/v2\/users\/3"}],"replies":[{"embeddable":true,"href":"https:\/\/www.diarioimagen.net\/index.php?rest_route=%2Fwp%2Fv2%2Fcomments&post=419403"}],"version-history":[{"count":0,"href":"https:\/\/www.diarioimagen.net\/index.php?rest_route=\/wp\/v2\/posts\/419403\/revisions"}],"wp:attachment":[{"href":"https:\/\/www.diarioimagen.net\/index.php?rest_route=%2Fwp%2Fv2%2Fmedia&parent=419403"}],"wp:term":[{"taxonomy":"category","embeddable":true,"href":"https:\/\/www.diarioimagen.net\/index.php?rest_route=%2Fwp%2Fv2%2Fcategories&post=419403"},{"taxonomy":"post_tag","embeddable":true,"href":"https:\/\/www.diarioimagen.net\/index.php?rest_route=%2Fwp%2Fv2%2Ftags&post=419403"}],"curies":[{"name":"wp","href":"https:\/\/api.w.org\/{rel}","templated":true}]}}