{"id":419472,"date":"2019-03-16T00:09:14","date_gmt":"2019-03-16T06:09:14","guid":{"rendered":"https:\/\/www.diarioimagen.net\/?p=419472"},"modified":"2019-03-18T00:00:20","modified_gmt":"2019-03-18T06:00:20","slug":"no-voy-a-reelegirme-no-soy-un-ambicioso-vulgar-lopez-obrador","status":"publish","type":"post","link":"https:\/\/www.diarioimagen.net\/?p=419472","title":{"rendered":"\u201cNo voy a reelegirme, no soy un ambicioso vulgar\u201d: L\u00f3pez Obrador"},"content":{"rendered":"<ul>\n<li><em><b>Conferencia de prensa matutina<\/b><\/em><\/li>\n<li><em><b>Voy a decir que soy partidario de la democracia, que estoy de acuerdo con la m\u00e1xima del Sufragio Efectivo no Reelecci\u00f3n; que soy maderista, que es uno de los hombres que m\u00e1s admiro, que como se le ha denominado, as\u00ed le llamo, \u2018El ap\u00f3stol de la democracia\u2019<\/b><\/em><\/li>\n<\/ul>\n<p>&nbsp;<\/p>\n<p><a href=\"https:\/\/www.diarioimagen.net\/?attachment_id=419473\" rel=\"attachment wp-att-419473\"><img loading=\"lazy\" decoding=\"async\" class=\"aligncenter size-large wp-image-419473\" src=\"https:\/\/www.diarioimagen.net\/wp-content\/uploads\/2019\/03\/amlo-3-460x259.jpg\" alt=\"\" width=\"460\" height=\"259\" srcset=\"https:\/\/www.diarioimagen.net\/wp-content\/uploads\/2019\/03\/amlo-3-460x259.jpg 460w, https:\/\/www.diarioimagen.net\/wp-content\/uploads\/2019\/03\/amlo-3-240x135.jpg 240w, https:\/\/www.diarioimagen.net\/wp-content\/uploads\/2019\/03\/amlo-3-235x132.jpg 235w, https:\/\/www.diarioimagen.net\/wp-content\/uploads\/2019\/03\/amlo-3-202x114.jpg 202w, https:\/\/www.diarioimagen.net\/wp-content\/uploads\/2019\/03\/amlo-3-350x196.jpg 350w, https:\/\/www.diarioimagen.net\/wp-content\/uploads\/2019\/03\/amlo-3-220x123.jpg 220w, https:\/\/www.diarioimagen.net\/wp-content\/uploads\/2019\/03\/amlo-3-237x132.jpg 237w, https:\/\/www.diarioimagen.net\/wp-content\/uploads\/2019\/03\/amlo-3.jpg 480w\" sizes=\"auto, (max-width: 460px) 100vw, 460px\" \/><\/a><\/p>\n<p>&nbsp;<\/p>\n<p><b>PRESIDENTE ANDR\u00c9S MANUEL L\u00d3PEZ OBRADOR:<\/b> Buenos d\u00edas.<\/p>\n<p><b>PREGUNTA:<\/b> Buenos d\u00edas, presidente. Montserrat Vargas, de Publ\u00edmetro.<\/p>\n<p>Los diputados aprobaron la revocaci\u00f3n de mandato y opositores lo calificaron como una jugada tramposa para la reelecci\u00f3n.<\/p>\n<p>Saber cu\u00e1l es su postura<\/p>\n<p>Y, por otra parte, nos ha hablado acerca de una campa\u00f1a contra el consumo de drogas. Si nos puede hablar un poco m\u00e1s al respecto y si usted piensa que con una simple campa\u00f1a se puede erradicar el problema.<\/p>\n<p>Gracias.<\/p>\n<p><b>PRESIDENTE ANDR\u00c9S MANUEL L\u00d3PEZ OBRADOR:<\/b> Bueno, escuch\u00e9 el planteamiento que hicieron legisladores, hablando de que era un ensayo de reelecci\u00f3n.<\/p>\n<p>Ma\u00f1ana voy a poner aqu\u00ed -el lunes, porque ma\u00f1ana no vamos a estar- el lunes voy a poner aqu\u00ed un compromiso de que no voy a reelegirme, firmado, tengo palabra, lo que estimo m\u00e1s importante en mi vida es mi honestidad, pero de todas maneras voy a hacer ese compromiso p\u00fablico.<\/p>\n<p>Voy a decir que soy partidario de la democracia, que estoy de acuerdo con la m\u00e1xima del Sufragio Efectivo no Reelecci\u00f3n; que soy maderista, que es uno de los hombres que m\u00e1s admiro, que como se le ha denominado, as\u00ed le llamo, \u2018El ap\u00f3stol de la democracia\u2019 y que no soy un ambicioso vulgar, que voy a servir, si lo decide el pueblo, seis a\u00f1os: y que a finales del 2024 termino mi mandato.<\/p>\n<p>Atentamente: \u2018ya saben qui\u00e9n\u2019.<\/p>\n<p>Pero ya quedamos. Vamos en medio, pero el lunes, empezando la semana, la primera fila y que no se muevan, porque si no ya no tendr\u00eda caso. No se puede.<\/p>\n<p><b>PREGUNTA: <\/b>Son distintos lugares.<\/p>\n<p><b>PRESIDENTE ANDR\u00c9S MANUEL L\u00d3PEZ OBRADOR:<\/b> No, pero ya hacemos este acuerdo.<\/p>\n<p>Vamos a hacer una invitaci\u00f3n a quienes quieran participar en los foros que inician ma\u00f1ana para la elaboraci\u00f3n del Plan Nacional de Desarrollo, ma\u00f1ana y pasado.<\/p>\n<p>Ma\u00f1ana s\u00e1bado y domingo vamos a llevar a cabo esta consulta con ciudadanos, con especialistas para la elaboraci\u00f3n del Plan Nacional de Desarrollo. Es muy importante el que se lleve a cabo esta consulta para definir entre todos el nuevo paradigma de desarrollo con bienestar que va a caracterizar al nuevo gobierno.<\/p>\n<p>Se deja atr\u00e1s la pol\u00edtica neoliberal, hay un cambio de r\u00e9gimen, un cambio de pol\u00edtica econ\u00f3mica y se va a dar a conocer el nuevo proyecto post neoliberal, posterior al neoliberalismo que para nosotros no ha sido m\u00e1s que neoporfirismo.<\/p>\n<p>Siempre se dice que no estamos de acuerdo con la pol\u00edtica econ\u00f3mica, pero se pregunta, \u00bfy cu\u00e1l es la propuesta alternativa?, \u00bfqu\u00e9 va a hacer ahora la pol\u00edtica del gobierno?, \u00bfc\u00f3mo se va a distinguir?, \u00bfcu\u00e1les son los ejes principales para que el pa\u00eds avance, para que logremos el renacimiento de M\u00e9xico?<\/p>\n<p>Sobre eso va a tratar esta consulta, por eso est\u00e1n haciendo estos foros para la definici\u00f3n del Plan Nacional de Desarrollo, el nuevo Plan Nacional de Desarrollo, este s\u00e1bado y domingo. A eso se debe que no vamos a visitar, como siempre, los estados, las regiones del pa\u00eds; nos vamos a quedar aqu\u00ed, en la capital de la Rep\u00fablica.<\/p>\n<p>Y el lunes temprano, como siempre, vamos a seguir con estas conversaciones, con estas pl\u00e1ticas, con estos di\u00e1logos circulares. De modo que empezamos, para finalizar.<\/p>\n<p>Ayer fue atr\u00e1s, v\u00e1monos en medio; o sea, que la primera fila va a \u2018chupar Faros\u2019, o sea, en medio.<\/p>\n<p><b>PREGUNTA: <\/b>Gracias presidente, buenos d\u00edas. Alfonso B\u00e1rcenas T\u00e9llez de Cadena Rasa Radio 620.<\/p>\n<p>Preguntarle, presidente, en diferentes ocasiones usted ha comentado que no habr\u00e1 intermediarios en las compras del gobierno federal; sin embargo, el 80 por ciento de las reglas de operaci\u00f3n contemplan intermediarios, como por ejemplo en la SEP, en la Secretar\u00eda de Bienestar.<\/p>\n<p>\u00bfQu\u00e9 informaci\u00f3n tiene al respecto, presidente?<\/p>\n<p><b>PRESIDENTE ANDR\u00c9S MANUEL L\u00d3PEZ OBRADOR:<\/b> No van a haber intermediarios en la entrega de los fondos destinados a la gente, destinados a los ciudadanos, todo se va a entregar de manera directa.<\/p>\n<p>Hay desde luego obras, hay servicios que se tienen que realizar con empresas. Si se hace una carretera, por ejemplo, se tiene que hacer un contrato con una empresa, hay que licitar esa obra; pero todo lo que son apoyos para el bienestar se va a entregar de manera directa a los beneficiarios.<\/p>\n<p>Entonces, eso es una indicaci\u00f3n, ya existe una instrucci\u00f3n en este sentido.<\/p>\n<p>Lo otro es que se va a evitar tambi\u00e9n la contrataci\u00f3n de despachos para la elaboraci\u00f3n de tareas que puedan realizar las instituciones de gobierno, que se puedan hacer con los trabajadores del gobierno, porque se hab\u00eda llegado al colmo de que el gobierno era una simple oficina de contratos.<\/p>\n<p>Exist\u00edan las secretar\u00edas, las subsecretar\u00edas, las direcciones, las \u00e1reas, el personal, los t\u00e9cnicos, pero si se necesitaba alg\u00fan proyecto se contrataba afuera, con un despacho, aunque se pudiese hacer con los mismos servidores p\u00fablicos. Entonces, todo eso se est\u00e1 evitando.<\/p>\n<p>Si se requiere un proyecto, hasta arquitect\u00f3nico, pues que sean unos arquitectos del gobierno; si se necesita producir un video, pues que sean los de comunicaci\u00f3n social, son buen\u00edsimos, no la contrataci\u00f3n del video, porque todo se contrataba. Hab\u00eda un caso -no es pasado, es presente desgraciadamente- hay un caso surrealista, kafkiano:<\/p>\n<p>El gobierno contrataba -y todav\u00eda lo sigue haciendo porque no se pueden cancelar de la noche a la ma\u00f1ana los contratos-, contrataba a 50 mil elementos de polic\u00edas privadas para cuidar las instalaciones del gobierno.<\/p>\n<p>Casi todas las dependencias ten\u00edan contrato con empresas privadas para la seguridad de las instalaciones y de las oficinas del gobierno, mientras la seguridad p\u00fablica, que es la funci\u00f3n principal o una de las funciones b\u00e1sicas del gobierno, se atend\u00eda con 10 mil elementos.<\/p>\n<p>El estado de indefensi\u00f3n de la gente era total, pero el gobierno s\u00ed estaba protegido; pero ni siquiera con polic\u00edas, con marinos, con soldados, sino con elementos contratados a empresas privadas de seguridad.<\/p>\n<p>\u00bfNo les parece incre\u00edble?<\/p>\n<p>Cincuenta mil elementos para cuidar las oficinas. Mucho dinero. Estamos ahora haciendo toda la revisi\u00f3n. Me gustar\u00eda hasta cancelar todos los contratos. No lo puedo hacer, primero, por la cuesti\u00f3n legal; y segundo, porque quiero ver en d\u00f3nde estaban, en qu\u00e9 secretar\u00eda, cu\u00e1nto se pagaba, si era real, qu\u00e9 funciones ten\u00edan.<\/p>\n<p>Cincuenta, 50 mil elementos, porque crearon por la corrupci\u00f3n muchas agrupaciones de seguridad privada que le vend\u00edan el servicio al gobierno.<\/p>\n<p>No estoy hablando del gobierno en su conjunto, del gobierno de la Rep\u00fablica, de los gobiernos estatales, municipales, no, solo del gobierno federal.<\/p>\n<p>Entonces, todo esto es lo que estamos revisando.<\/p>\n<p>Fue muy buena tu pregunta, porque vamos a fortalecer a la Polic\u00eda Federal que tiene un sistema de servicios para la vigilancia de oficinas, pero de esos 50 mil se contrataban a la Polic\u00eda Federal tres mil, solo tres mil.<\/p>\n<p>Entonces, estamos viendo qu\u00e9 empresas, qu\u00e9 oficinas, a qu\u00e9 se dedicaban.<\/p>\n<p>Por eso tengo mucha confianza de que nos va alcanzar el presupuesto. Es que era un desastre, un desbarajuste, era algo de ineficiencia extrema, de no importarles.<\/p>\n<p>Entonces, vamos a poner orden, que no haya intermediarios y que el gobierno haga su funci\u00f3n.<\/p>\n<p>A ver, vamos all\u00e1.<\/p>\n<p><b>PREGUNTA: <\/b>Buenos d\u00edas, presidente. Cihuatl Z\u00fa\u00f1iga, de Grupo Acir.<\/p>\n<p>A m\u00ed me gustar\u00eda saber su opini\u00f3n acerca de este enfrentamiento que se da ayer en Hidalgo entre presuntos huachicoleros y los militares; incluso por cuestiones de la comunidad que se opon\u00edan a la presencia de los militares, retienen al personal del Ej\u00e9rcito.<\/p>\n<p>Me gustar\u00eda saber qu\u00e9 est\u00e1 pasando y si nos podr\u00eda dar un avance de c\u00f3mo se est\u00e1 solucionando esto, si siguen picando los ductos.<\/p>\n<p>\u00bfCu\u00e1l es el avance que tiene hasta ahora?, por favor.<\/p>\n<p><b>PRESIDENTE ANDR\u00c9S MANUEL L\u00d3PEZ OBRADOR:<\/b> S\u00ed, desgraciadamente todav\u00eda hay mucha resistencia a la participaci\u00f3n del Ej\u00e9rcito, de la Marina, de la Polic\u00eda Federal, porque estaba muy arraigado lo del apoyo de la gente a quienes se dedican a actividades il\u00edcitas, en este caso al robo de combustible. Entonces, hay agresiones y hay momentos dif\u00edciles, complejos.<\/p>\n<p>Entonces, s\u00ed tengo informe de lo que sucedi\u00f3 en Hidalgo, seguimos teniendo muchos incidentes en Hidalgo.<\/p>\n<p>Como que en Hidalgo se dej\u00f3 m\u00e1s tiempo el que se permitieran estas pr\u00e1cticas y por eso est\u00e1 costando m\u00e1s trabajo. Lamentablemente ah\u00ed fue la tragedia y esto demuestra que tenemos que seguir vigilando y hablando con la gente.<\/p>\n<p>Y qu\u00e9 bien que me lo pregunta, porque vuelvo a hacer un llamado, un exhorto a todos los pobladores para que le den la espalda a esta actividad, que no protejan a quienes se dedican al robo de combustible, que es muy peligrosa esta actividad, el estar perforando los ductos, el estar poniendo v\u00e1lvulas, las llamadas tomas clandestinas.<\/p>\n<p>Y que si es por necesidad que cuenten con nosotros para que se les apoye en todo lo que requieran, trabajo, bienestar; pero dejar solos a los que se dedican al robo de combustible y a otras actividades il\u00edcitas.<\/p>\n<p>Incluso el llamado tambi\u00e9n lo hago a quienes se dedican a estas actividades, que vayan pensando en reincorporarse a la vida p\u00fablica y a actividades l\u00edcitas, que abandonen las filas de la delincuencia, que piensen en sus familiares, que piensen en sus hijos, en ellos mismos, los riesgos que corren, el que se vayan a la c\u00e1rcel.<\/p>\n<p>Ahora se est\u00e1 reformando la Constituci\u00f3n, va a ser delitos graves el robo de combustible, lo comentaba yo el d\u00eda de ayer.<\/p>\n<p>\u00bfPara qu\u00e9 estar en prisi\u00f3n?<\/p>\n<p>La libertad no tiene precio, la libertad es mucho m\u00e1s que los lujos baratos, que la felicidad ef\u00edmera que puede producir el traer dinero o el traer ropa de marca o alhajas o carros lujosos; esa es riqueza barata. Solamente lo barato en estos casos se compra con el dinero; la dignidad, la honestidad, eso no tiene precio.<\/p>\n<p>Es muy desagradable, pienso yo, el que est\u00e9n a salto de mata, el que siempre tengan que estar huyendo, el que s\u00f3lo puedan ver a sus familias en la noche, de vez en cuando, hay veces que ni siquiera pueden ir a los velorios de sus padres, de sus familiares, porque eso no es vida.<\/p>\n<p>Entonces, vamos a que la gente se separe de esas actividades y que todos entendamos que s\u00f3lo siendo buenos podemos ser felices.<\/p>\n<p>Entonces, s\u00ed estamos atendiendo este tema. Yo hago ese llamado para que no se d\u00e9 la confrontaci\u00f3n, que no se olvide que el soldado es pueblo uniformado, es parte del mismo pueblo, que no se les agreda y que se caiga tambi\u00e9n en provocaciones. Este es el mensaje que diario se est\u00e1 dando a los soldados y a las Fuerzas Armadas.<\/p>\n<p><b>INTERLOCUTORA:<\/b> Se\u00f1or, \u00bftienen alg\u00fan reporte de cu\u00e1ntos intentos de sabotaje o cu\u00e1ntas veces est\u00e1n intentando picar los ductos?<\/p>\n<p><b>PRESIDENTE ANDR\u00c9S MANUEL L\u00d3PEZ OBRADOR:<\/b> S\u00ed, tenemos toda la informaci\u00f3n diaria.<\/p>\n<p>Un d\u00eda les vamos a invitar o vamos a hacer la reuni\u00f3n de seguridad aqu\u00ed, p\u00fablica, para que conozcan cu\u00e1l es el m\u00e9todo de trabajo, cu\u00e1l es el orden del d\u00eda, qu\u00e9 se informa diariamente, cu\u00e1les son los datos que recibimos de todo el pa\u00eds y qu\u00e9 decisiones se toman.<\/p>\n<p>Un d\u00eda, porque ser\u00eda interesante que se conozca.<\/p>\n<p>El primer punto siempre del orden del d\u00eda es el reporte, el parte de delitos cometidos en el pa\u00eds, estado por estado y ciudades, lo que pas\u00f3 en las \u00faltimas 24 horas; lo que pas\u00f3 ayer lo revisamos hoy en la madrugada, en la ma\u00f1ana, sobre todo delitos de homicidio, robo de veh\u00edculos. Eso diario.<\/p>\n<p>Y en el caso de homicidios, desde luego, en d\u00f3nde, cu\u00e1ntos por entidad, cu\u00e1ntos por ciudad, cu\u00e1ntos hombres, cu\u00e1ntas mujeres, bajo qu\u00e9 condiciones, diario.<\/p>\n<p>El robo de veh\u00edculo lo mismo, en d\u00f3nde, siempre vamos viendo tendencias; en el caso de robo de veh\u00edculo cu\u00e1ntos se recuperan tambi\u00e9n diario de los que se roban; que no todos los que se recuperan son por acciones de la polic\u00eda o de las fuerzas de seguridad, sino porque los roban, los utilizan para cometer alg\u00fan delito y los dejan.<\/p>\n<p>Entonces, m\u00e1s que nada son recuperados porque se encuentran en las calles, en las carreteras, en los caminos, pero ese es un registro. Esto se valora tambi\u00e9n con datos de las aseguradoras y tenemos una idea de c\u00f3mo se llevan a cabo los robos.<\/p>\n<p>Y tambi\u00e9n diario tenemos el reporte de las tomas clandestinas, en donde vi diario de lo que extraen de ductos y diario sabemos cu\u00e1les ductos est\u00e1n funcionando, cu\u00e1les son bloqueados, saboteados, cuales son pinchados para poner tomas clandestinas y los tenemos que sacar, cu\u00e1nto tiempo salen de funcionamiento, cu\u00e1ndo vuelven a entrar. Tenemos que estar muy pendientes, porque hay ductos important\u00edsimos, siempre hemos hablado. Por ejemplo, del ducto de Tuxpan a Azcapotzalco, transporta 160 mil barriles diarios de gasolinas para la Ciudad de M\u00e9xico, para el Estado de M\u00e9xico; de esos 160 mil, consumimos nada m\u00e1s en lo que es la Ciudad de M\u00e9xico, que incluye tambi\u00e9n municipios del Estado de M\u00e9xico, alrededor de 140 mil barriles diarios. Entonces, mantener ese ducto es important\u00edsimo.<\/p>\n<p>Tambi\u00e9n tenemos informes sobre la operaci\u00f3n de las pipas nuevas, que ya est\u00e1n ayudando, ya tenemos un margen, sabemos diariamente cu\u00e1les son los inventarios de gasolinas, de di\u00e9sel, de turbosina, cu\u00e1ntos barcos est\u00e1n entrando con combustible diariamente, para que no nos falte el abasto.<\/p>\n<p>Qu\u00e9 pasa con los migrantes, ahora con el tema de los desaparecidos, migrantes. En fin, siempre hay trabajo, siempre hay mucho trabajo.<\/p>\n<p>Entonces, un d\u00eda.<\/p>\n<p>O lo que podemos hacer es -para no hacerlo aqu\u00ed, ser\u00eda bueno para que la gente\u2026o se proyecta, se proyecta-, lo otro es invitarlos por grupos donde nos reunimos, no es muy grande, pero s\u00ed pueden estar cinco cada determinado tiempo, que vayan a ver lo que hacemos.<\/p>\n<p>Las dos.<\/p>\n<p><b>PREGUNTA: <\/b>Buenos d\u00edas. Daniela Pastrana, de Pie de P\u00e1gina.<\/p>\n<p>Presidente, ha habido en los \u00faltimos d\u00edas, bueno, en las \u00faltimas semanas, una insistencia de la comunidad de fil\u00f3sofos de M\u00e9xico de que en toda esta discusi\u00f3n que ha habido sobre la reforma educativa se presente o se explicite el humanismo como un sello de este gobierno.<\/p>\n<p>Entonces yo quer\u00eda preguntarle cu\u00e1l es su posici\u00f3n sobre ese asunto. Claro que es una discusi\u00f3n legislativa, pero quisiera saber cu\u00e1l es la posici\u00f3n que tienen sobre esta petici\u00f3n, que creo que ya le han hecho llevar varias cartas.<\/p>\n<p><b>PRESIDENTE ANDR\u00c9S MANUEL L\u00d3PEZ OBRADOR:<\/b> Yo estoy totalmente de acuerdo en que se revisen los planes de estudio, es un proceso, lo tienen que hacer los especialistas, los pedagogos; pero s\u00ed debemos de darle su lugar al humanismo como tronco com\u00fan.<\/p>\n<p>Ese es mi punto de vista, mi visi\u00f3n, que tengamos como tronco com\u00fan el humanismo, no limitarnos a decir las ciencias sociales. El humanismo.<\/p>\n<p>Por ejemplo, que regrese el civismo. Yo estoy aqu\u00ed, entre otras cosas, por mi maestro de civismo. Y muchos en la secundaria llev\u00e1bamos el libro El buen ciudadano, que era verde, para primero; blanco, para segundo; y rojo, para tercero; un libro de texto. Y me ayud\u00f3 mucho.<\/p>\n<p>Y mi maestro de civismo me abri\u00f3 mi inter\u00e9s por lo social, con el civismo, en segundo de secundaria; siempre lo he dicho, mi maestro Lara Laguna, que todav\u00eda vive mi maestro, que lo estimo mucho.<\/p>\n<p>Pero de mi generaci\u00f3n, todos jovenazos, mujeres y hombres, recordamos esa materia.<\/p>\n<p>Entonces, quitan civismo y hay ah\u00ed una asignatura faltante. Entonces, tenemos que ver los contenidos.<\/p>\n<p>Desde luego es important\u00edsimo el estudio de las matem\u00e1ticas, es b\u00e1sico, tiene que ver con la ciencia, pero nada de lo humano nos debe ser ajeno.<\/p>\n<p>La ciencia al servicio del hombre, la ciencia al servicio de la humanidad.<\/p>\n<p>Entonces, es muy importante el que se revise eso como parte de la Cuarta Transformaci\u00f3n.<\/p>\n<p>Mucho humanismo y muchas matem\u00e1ticas, y materias t\u00e9cnicas, qu\u00edmica, f\u00edsica, pero con el tronco com\u00fan del humanismo.<\/p>\n<p>Hay cient\u00edficos extraordinarios con dimensi\u00f3n social porque tuvieron una buena formaci\u00f3n humanista.<\/p>\n<p>S\u00ed es muy buena tu pregunta. Eso lo tienen que ver quienes est\u00e1n elaborando el Plan de Desarrollo y en particular el plan educativo.<\/p>\n<p><b>PREGUNTA:<\/b> Buenos d\u00edas, presidente.<\/p>\n<p>A trav\u00e9s de \u00e1rea de inteligencia, la Fiscal\u00eda General de la Rep\u00fablica detect\u00f3 que hay una uni\u00f3n entre los c\u00e1rteles de Tl\u00e1huac, Jalisco Nueva Generaci\u00f3n y el grupo de la Uni\u00f3n de Tepito.<\/p>\n<p>Si bien es un pacto para no violencia aqu\u00ed, en la Ciudad de M\u00e9xico, esto podr\u00eda ayudar a que no se genere tanta violencia aqu\u00ed, si esto genera una alerta para las autoridades el que se est\u00e9n aliando este tipo de c\u00e1rteles.<\/p>\n<p>Saber qu\u00e9 informaci\u00f3n tiene usted, qu\u00e9 acciones podr\u00edan estarse realizando al respecto.<\/p>\n<p>Y en un segundo tema. Las empresas y personas que ayer fueron acusadas de haber financiado este documental del Populismo en Am\u00e9rica Latina se han deslindado de estas acusaciones.<\/p>\n<p>Primero, pues acusan que el gobierno federal est\u00e1 violentando su derecho de presunci\u00f3n de inocencia y adem\u00e1s aseguran que estos dep\u00f3sitos s\u00ed se hicieron, pero fue para otro tipo de servicios.<\/p>\n<p>Saber si ustedes tienen las pruebas suficientes para la denuncia que se va a presentar hoy, de que realmente hay sido para financiar este documental.<\/p>\n<p>Gracias, presidente.<\/p>\n<p><b>PRESIDENTE ANDR\u00c9S MANUEL L\u00d3PEZ OBRADOR:<\/b> Lo primero tiene que ver con la inteligencia que se est\u00e1 llevando a cabo, pero por lo mismo yo no puedo hablar mucho sobre este tema, corresponde al \u00e1rea de Inteligencia; lo que s\u00ed puedo decirles es que queremos que haya paz, que haya seguridad en todo el pa\u00eds y en la Ciudad de M\u00e9xico, porque hab\u00eda cierto descontrol.<\/p>\n<p>Ya Claudia Sheinbaum est\u00e1 actuando, est\u00e1 atendiendo el problema de la inseguridad, sobre todo en dos alcald\u00edas, antes delegaciones, que estaba muy desatado el problema de inseguridad y de violencia: Gustavo A. Madero e Iztapalapa, sobre todo Iztapalapa, que se descompuso bastante. Entonces, ya Claudia est\u00e1 a cargo de esto. Lo m\u00e1s importante.<\/p>\n<p>Y adem\u00e1s la felicito, porque se est\u00e1 levantando temprano y est\u00e1 teniendo, al igual que nosotros, reuniones de gabinete de seguridad.<\/p>\n<p>No es para cucar a nadie, pero si todos los gobernantes estamos temprano atendiendo el problema de la inseguridad y de la violencia, se avanza. Ya hay algunos gobernadores que lo est\u00e1n haciendo, que tambi\u00e9n se est\u00e1n levantando temprano, pero en la medida que haya m\u00e1s autoridades que no deleguen este problema a otras autoridades, sino que asuman ellos, los gobernadores, con todo respeto, los presidentes municipales, como algo fundamental levantarse temprano y, a ver, cu\u00e1ntos robos a casa-habitaci\u00f3n, cu\u00e1ntos robos al transporte, si hubo homicidios, robo de veh\u00edculo, algo que es muy lamentable, que duele mucho, los secuestros.<\/p>\n<p>Que la gente sepa que el presidente municipal desde las seis de la ma\u00f1ana est\u00e1 reunido con su secretario de Seguridad P\u00fablica y con sus colaboradores, que el gobernador est\u00e1 haciendo lo mismo y que en Palacio Nacional igual. Esto ayuda. No es que, a ver, tenemos una reuni\u00f3n sobre seguridad, cada semana, cada 15 d\u00edas, ah\u00ed nos reportan si pasa algo grave, nos ponen en conocimiento, nos dan una tarjeta y ya.<\/p>\n<p>Si se atiende todos los d\u00edas, si hay perseverancia y si se trabaja en coordinaci\u00f3n se avanza, por muy dif\u00edcil que est\u00e9 el problema.<\/p>\n<p>Ya saben ustedes que la suerte se reparte muy temprano, los pedacitos de suerte.<\/p>\n<p>Entonces, si temprano se atiende esto se tiene suerte y la pol\u00edtica requiere de suerte, la suerte cuenta en pol\u00edtica, no s\u00f3lo es la virtud, tambi\u00e9n la fortuna, la suerte.<\/p>\n<p>Entonces, en el caso de la Ciudad de M\u00e9xico para m\u00ed es una gran ayuda, es quitarme un poco de carga el que la jefa de gobierno est\u00e9 atendiendo este asunto. Eso es lo que puedo comentar.<\/p>\n<p><b>INTERLOCUTORA:<\/b> \u00bfSobre el documental?<\/p>\n<p><b>PRESIDENTE ANDR\u00c9S MANUEL L\u00d3PEZ OBRADOR:<\/b> Ah, sobre el documental.<\/p>\n<p>Pues ya la autoridad competente va a dar a conocer si son buenas las pruebas o no lo son, si hay sustento o no, qui\u00e9nes son realmente los involucrados. La investigaci\u00f3n tiene que ver con el manejo de cuentas, del dinero.<\/p>\n<p>Alguien dec\u00eda que para saber sobre un delito hab\u00eda que seguirle la pista al dinero. Pues eso es. \u00bfDe qui\u00e9n eran las cuentas?, \u00bfde d\u00f3nde sal\u00eda el dinero?, \u00bfa d\u00f3nde se iba? Por m\u00e1s que trataban de simular, pues se sabe; pero de todas maneras hay una autoridad para esto, que es la Fiscal\u00eda Electoral y el Instituto Electoral para que indaguen y se analice, se revise; y sobre todo es en la idea de prevenir.<\/p>\n<p>\u00bfSe acuerdan que siempre he sostenido que justicia significa castigar, pero tambi\u00e9n significa prevenir delitos, prevenir conductas antisociales? Que ya no haya impunidad.<\/p>\n<p>Por eso se dio a conocer esta informaci\u00f3n, que no es buscar pleito, nosotros no nos vamos a pelear con nadie. Es nada m\u00e1s decir: Esto estaba mal.<\/p>\n<p>Y hay muchos elementos, nada m\u00e1s que yo ya no los puedo decir porque ya soy presidente, por respeto a la investidura no me puedo meter a esas cosas; pero s\u00ed se sab\u00eda de c\u00f3mo se agrupaban, iban a tratar de convencer al presidente Pe\u00f1a para que ayudara en una alianza, que se unieran en contra de \u2018ya saben qui\u00e9n\u2019.<\/p>\n<p>Eso se dijo en su momento, eso es de dominio p\u00fablico, lo que pasa que a veces se olvidan las cosas, pero yo ya no pudo meterme a eso, yo ya estoy en otra cuesti\u00f3n.<\/p>\n<p>Yo lo que quiero nada m\u00e1s es que se sepa que todas esas trampas, triqui\u00f1uelas, que todas esas maniobras sucias, antidemocr\u00e1ticas, se van a desterrar, se va a acabar con los fraudes electorales y se tiene que respetar la voluntad de los ciudadanos y tiene que haber elecciones limpias y libres y no al fraude electoral.<\/p>\n<p>Entonces, vamos.<\/p>\n<p><b>PREGUNTA:<\/b> Gracias. Sharenii Guzm\u00e1n, de La Silla Rota.<\/p>\n<p>Se\u00f1or presidente, a m\u00ed me gustar\u00eda hacerle una pregunta en relaci\u00f3n a algo que dijo Claudia Ruiz Massieu, presidenta del PRI, a La Silla Rota justamente en relaci\u00f3n a que a usted le pide, perd\u00f3n, le demanda respeto y no intromisi\u00f3n en el proceso de selecci\u00f3n del presidente del PRI, luego de que usted hiciera se\u00f1alamientos en contra de uno de sus aspirantes, Jos\u00e9 Narro.<\/p>\n<p>\u00bfQu\u00e9 responde a esto?<\/p>\n<p><b>PRESIDENTE ANDR\u00c9S MANUEL L\u00d3PEZ OBRADOR:<\/b> No, no me meto en eso, no.<\/p>\n<p>La verdad que ni me pasa por la cabeza. No lo tengo en mi pensamiento o sea no me ocupo de eso, pero ni siquiera lo pienso, es mucha la imaginaci\u00f3n de mis adversarios, pero no me meto en eso, no est\u00e1 en mis preocupaciones, en mis prioridades, en mis temas.<\/p>\n<p>Adem\u00e1s, \u00bfqu\u00e9 me tengo yo que estar metiendo en la vida interna de un partido?<\/p>\n<p>\u00bfQu\u00e9 gano con eso? Nada, nada m\u00e1s me desacredito, me vuelvo indigno, me contradigo, me vuelvo traidor a mis principios, a mis ideales, me vuelo hip\u00f3crita. \u00bfQu\u00e9 tengo yo que andarme metiendo en eso? Nada, absolutamente. Que tengan la plena seguridad.<\/p>\n<p>Les dir\u00eda\u2026hay algunos dirigentes de partidos que no tengo el gusto de conocerlos. Si me encuentro con el presidente de un partido, para no mencionar ninguno, puede ser que lo salude: \u2018\u00bfc\u00f3mo est\u00e1s?\u2019, y no sepa qui\u00e9n es; porque tengo mi trabajo de transformar al pa\u00eds y es bastante mi ocupaci\u00f3n. Me gustar\u00eda conocerlo desde luego, tratarlo, pero no tengo tiempo para eso.<\/p>\n<p>Ahora s\u00ed que, como dec\u00eda un amigo. \u00bfY a qu\u00e9 horas?<\/p>\n<p>Se le dec\u00eda: \u2018A ver, vamos al cine\u00b4. \u00b4\u00bfY a qu\u00e9 horas?\u2019. \u2018Oye, te invito a comer\u00b4. \u00b4\u00bfY a qu\u00e9 horas?\u2019<\/p>\n<p>O sea, no hay tiempo, pero entonces no existe eso. Hice un comentario del doctor Narro por la cuesti\u00f3n de los medicamentos, porque me preguntaron que si \u00e9l podr\u00eda estar involucrado.<\/p>\n<p>\u00bfQu\u00e9 dije? Que cuando menos hab\u00eda omisi\u00f3n, no estoy mintiendo. Si hay un secretario que est\u00e1 viendo que se est\u00e1n concentrando las compras y que son pocos los proveedores que le est\u00e1n vendiendo al gobierno, pues s\u00ed est\u00e1 raro, hay una omisi\u00f3n, o sea, no estoy diciendo: \u00c9l lo promovi\u00f3.<\/p>\n<p>Tambi\u00e9n muchas veces, muchas veces, la mayor\u00eda de los casos, la corrupci\u00f3n se da desde arriba, siempre lo hemos dicho, es de arriba hacia abajo.<\/p>\n<p>Entonces, claro que hay que complicidad, hay omisi\u00f3n, porque si se es honesto, si el de arriba dice: \u2018Ayuda a tal proveedor\u2019, pues no puedo.<\/p>\n<p>\u2018No, pero es que lo tienes que ayudar\u2019. No puedo, porque no es correcto, porque no hay competencia, porque es ilegal, porque es influyentismo; y si me obliga a eso, quiere que haga eso, pues le presento mejor mi renuncia y me voy.<\/p>\n<p>Les voy a contar una an\u00e9cdota sobre eso, que es importante.<\/p>\n<p>El general M\u00fagica, que admiro mucho, fue gobernador de Tabasco en 1915, siendo michoacano, luego fue constituyente en el 17, y luego fue director de las Islas Mar\u00edas, fue secretario de Comunicaciones con el general C\u00e1rdenas antes de la Expropiaci\u00f3n, le ten\u00eda tanta confianza el general C\u00e1rdenas que con \u00e9l fue que habl\u00f3 sobre el tema, y luego fue candidato a la presidencia.<\/p>\n<p>Se habla mucho de que el pa\u00eds se desvi\u00f3 porque en vez del general M\u00fagica se opt\u00f3 por el general \u00c1vila Camacho, que eran dos posturas.<\/p>\n<p>Hay quienes dicen que, si hubiese quedado el general M\u00fagica, como ya se hab\u00eda dado la Expropiaci\u00f3n, \u00edbamos a tener el problema con el gobierno de Estados Unidos y hab\u00eda riesgos de intervenci\u00f3n, y que por eso se busc\u00f3 una salida, una posici\u00f3n moderada con \u00c1vila Camacho.<\/p>\n<p>Lo cierto es que s\u00ed en ese entonces estaba muy alborotada la derecha, el conservadurismo. Y yo considero que no iba a ser tanta, esa es mi interpretaci\u00f3n, la oposici\u00f3n externa, for\u00e1nea, sino la interior, porque el general M\u00fagica era un hombre con convicciones; pero, bueno, eso es lo que era el general M\u00fagica, un hombre de principios, extraordinario, un hombre honesto.<\/p>\n<p>Y en 1915 fue gobernador de Tabasco, y va a un municipio que se llama Jonuta, y ah\u00ed los campesinos le dicen que una compa\u00f1\u00eda extranjera les hab\u00eda quitado sus tierras, una isla de 30 mil hect\u00e1reas, que se llama El Chinal.<\/p>\n<p>Todav\u00eda no se hab\u00eda aprobado la Constituci\u00f3n del 17, el art\u00edculo 27; pero ya estaba la Ley Agraria del 6 de enero de 1915 en vigor. Entonces, lo que hace el general es devolver la tierra a sus leg\u00edtimos due\u00f1os. Entonces, los de las compa\u00f1\u00edas extranjeras, que indebidamente hab\u00edan despojado a los campesinos, vienen con el presidente Carranza a acusarlo.<\/p>\n<p>Y el presidente Carranza le ordena que le devuelva la tierra a los de las compa\u00f1\u00edas. Y el general M\u00fagica le escribe, entonces existen los textos, antes le llamaban telegramas, pero no eran tan breves. Le escribe y le da una serie de consideraciones, pero le dice: Si al final de todo esto \u2013le dice- que era una injusticia y que se hab\u00eda ido a la Revoluci\u00f3n a luchar en favor del pueblo, no de las acaudaladas compa\u00f1\u00edas, pero que si \u00e9l consideraba, a pesar de todos los argumentos de que se le ten\u00eda que devolver las tierras a las compa\u00f1\u00edas, que considerara de que \u00e9l no pod\u00eda hacerlo, porque significaba una traici\u00f3n a sus principios y que le ped\u00eda de manera respetuosa que lo relevara del cargo, que renunciaba a ser gobernador de Tabasco. Eso se llama dignidad.<\/p>\n<p>Entonces, por eso si el presidente pide algo indebido, ilegal, el servidor p\u00fablico tiene que decir: No.<\/p>\n<p>La Cuarta Transformaci\u00f3n significa eso, que haya dignidad para decir no. No lo mismo de siempre: \u201cS\u00ed, s\u00ed, s\u00ed, se\u00f1or, s\u00ed se\u00f1or, lo que usted ordene se\u00f1or. \u00bfA qu\u00e9 horas son? Las que usted quiera que sean, se\u00f1or\u201d.<\/p>\n<p>Que se vaya eso por un tubo.<\/p>\n<p>Bueno, muchas gracias.<\/p>\n<p>Nos vemos el lunes.<\/p>\n<p>Adi\u00f3s, adi\u00f3s.<\/p>\n","protected":false},"excerpt":{"rendered":"<p>Voy a decir que soy partidario de la democracia, que estoy de acuerdo con la m\u00e1xima del Sufragio Efectivo no Reelecci\u00f3n; que soy maderista, que es uno de los hombres que m\u00e1s admiro, que como se le ha denominado, as\u00ed le llamo, \u2018El ap\u00f3stol de la democracia\u2019<\/p>\n","protected":false},"author":1,"featured_media":419473,"comment_status":"open","ping_status":"open","sticky":false,"template":"","format":"standard","meta":{"_monsterinsights_skip_tracking":false,"_monsterinsights_sitenote_active":false,"_monsterinsights_sitenote_note":"","_monsterinsights_sitenote_category":0,"footnotes":""},"categories":[3],"tags":[1352,82668,43673,1410],"class_list":["post-419472","post","type-post","status-publish","format-standard","has-post-thumbnail","hentry","category-nacional","tag-andres-manuel-lopez-obrador","tag-conferencia-matutina","tag-nacional","tag-reeleccion"],"_links":{"self":[{"href":"https:\/\/www.diarioimagen.net\/index.php?rest_route=\/wp\/v2\/posts\/419472","targetHints":{"allow":["GET"]}}],"collection":[{"href":"https:\/\/www.diarioimagen.net\/index.php?rest_route=\/wp\/v2\/posts"}],"about":[{"href":"https:\/\/www.diarioimagen.net\/index.php?rest_route=\/wp\/v2\/types\/post"}],"author":[{"embeddable":true,"href":"https:\/\/www.diarioimagen.net\/index.php?rest_route=\/wp\/v2\/users\/1"}],"replies":[{"embeddable":true,"href":"https:\/\/www.diarioimagen.net\/index.php?rest_route=%2Fwp%2Fv2%2Fcomments&post=419472"}],"version-history":[{"count":0,"href":"https:\/\/www.diarioimagen.net\/index.php?rest_route=\/wp\/v2\/posts\/419472\/revisions"}],"wp:featuredmedia":[{"embeddable":true,"href":"https:\/\/www.diarioimagen.net\/index.php?rest_route=\/wp\/v2\/media\/419473"}],"wp:attachment":[{"href":"https:\/\/www.diarioimagen.net\/index.php?rest_route=%2Fwp%2Fv2%2Fmedia&parent=419472"}],"wp:term":[{"taxonomy":"category","embeddable":true,"href":"https:\/\/www.diarioimagen.net\/index.php?rest_route=%2Fwp%2Fv2%2Fcategories&post=419472"},{"taxonomy":"post_tag","embeddable":true,"href":"https:\/\/www.diarioimagen.net\/index.php?rest_route=%2Fwp%2Fv2%2Ftags&post=419472"}],"curies":[{"name":"wp","href":"https:\/\/api.w.org\/{rel}","templated":true}]}}