{"id":419478,"date":"2019-03-16T00:12:08","date_gmt":"2019-03-16T06:12:08","guid":{"rendered":"https:\/\/www.diarioimagen.net\/?p=419478"},"modified":"2019-03-16T07:13:20","modified_gmt":"2019-03-16T13:13:20","slug":"foro-nacional-de-consulta-sobre-el-plan-nacional-de-desarrollo","status":"publish","type":"post","link":"https:\/\/www.diarioimagen.net\/?p=419478","title":{"rendered":"Foro Nacional de consulta sobre el Plan Nacional de Desarrollo"},"content":{"rendered":"<p><a href=\"https:\/\/www.diarioimagen.net\/?attachment_id=419479\" rel=\"attachment wp-att-419479\"><img loading=\"lazy\" decoding=\"async\" class=\"aligncenter size-large wp-image-419479\" src=\"https:\/\/www.diarioimagen.net\/wp-content\/uploads\/2019\/03\/Plan1-460x259.jpg\" alt=\"\" width=\"460\" height=\"259\" srcset=\"https:\/\/www.diarioimagen.net\/wp-content\/uploads\/2019\/03\/Plan1-460x259.jpg 460w, https:\/\/www.diarioimagen.net\/wp-content\/uploads\/2019\/03\/Plan1-240x135.jpg 240w, https:\/\/www.diarioimagen.net\/wp-content\/uploads\/2019\/03\/Plan1-235x132.jpg 235w, https:\/\/www.diarioimagen.net\/wp-content\/uploads\/2019\/03\/Plan1-202x114.jpg 202w, https:\/\/www.diarioimagen.net\/wp-content\/uploads\/2019\/03\/Plan1-350x196.jpg 350w, https:\/\/www.diarioimagen.net\/wp-content\/uploads\/2019\/03\/Plan1-220x123.jpg 220w, https:\/\/www.diarioimagen.net\/wp-content\/uploads\/2019\/03\/Plan1-237x132.jpg 237w, https:\/\/www.diarioimagen.net\/wp-content\/uploads\/2019\/03\/Plan1.jpg 480w\" sizes=\"auto, (max-width: 460px) 100vw, 460px\" \/><\/a><\/p>\n<p>El presidente Andr\u00e9s Manuel L\u00f3pez Obrador invit\u00f3 a la ciudadan\u00eda a participar en el primer Foro Nacional para la definici\u00f3n del Plan Nacional de Desarrollo que se llevar\u00e1 a cabo este s\u00e1bado 16 y domingo 17 de marzo.<\/p>\n<p>\u201cEs muy importante el que se lleve a cabo esta consulta para definir entre todos el nuevo paradigma de desarrollo con bienestar que va a caracterizar al nuevo gobierno\u201d, destac\u00f3 el mandatario en conferencia de prensa matutina.<\/p>\n<p>En este gobierno, dijo, \u201cse deja atr\u00e1s la pol\u00edtica neoliberal, hay un cambio de r\u00e9gimen, un cambio de pol\u00edtica econ\u00f3mica y se va a dar a conocer el nuevo proyecto post neoliberal, posterior al neoliberalismo que para nosotros no ha sido m\u00e1s que neoporfirismo\u201d.<\/p>\n<p>Explic\u00f3 que la consulta tratar\u00e1 sobre c\u00f3mo ser\u00e1 la pol\u00edtica del gobierno federal, c\u00f3mo se va y cu\u00e1les son los ejes \u201cpara que logremos el renacimiento de M\u00e9xico\u201d.<\/p>\n<p>\u201cSobre eso va a tratar esta consulta, por eso est\u00e1n haciendo estos foros para la definici\u00f3n del Plan Nacional de Desarrollo, el nuevo Plan Nacional de Desarrollo, este s\u00e1bado y domingo\u201d, detall\u00f3.<\/p>\n<p>Indic\u00f3 que debido a los foros, este fin de semana no visitar\u00e1 las entidades federativas.<\/p>\n<p>El jefe del Ejecutivo adelant\u00f3 que el pr\u00f3ximo lunes firmar\u00e1 un compromiso de no reelecci\u00f3n, por lo que su mandato terminar\u00e1 a finales de 2024.<\/p>\n<p>\u201cVoy a decir que soy partidario de la democracia, que estoy de acuerdo con la m\u00e1xima del \u2018Sufragio efectivo no reelecci\u00f3n\u2019; soy maderista, es uno de los hombres que m\u00e1s admiro, que como se le ha denominado, as\u00ed le llamo, \u2018El ap\u00f3stol de la democracia\u2019. No soy un ambicioso vulgar, voy a servir, si lo decide el pueblo, seis a\u00f1os: a finales del 2024 termino mi mandato\u201d, remarc\u00f3.<\/p>\n<p>Sobre las denuncias referentes al documental \u2018Populismo en Am\u00e9rica Latina\u2019,el presidente aclar\u00f3 que se dieron a conocer por el manejo il\u00edcito de cuentas que financiaron su realizaci\u00f3n.<\/p>\n<p>\u201cYo lo que quiero nada m\u00e1s es que se sepa que todas esas trampas, triqui\u00f1uelas, que todas esas maniobras sucias, antidemocr\u00e1ticas, se van a desterrar, se va a acabar con los fraudes electorales y se tiene que respetar la voluntad de los ciudadanos y tiene que haber elecciones limpias y libres y no al fraude electoral\u201d, subray\u00f3.<\/p>\n<p>El mandatario asegur\u00f3 que contin\u00faan el Plan contra el robo de combustible y la vigilancia en ductos.<\/p>\n<p>Hizo un nuevo llamado a quienes se dedican a estas actividades para que \u201cvayan pensando reincorporarse a la vida p\u00fablica y actividades l\u00edcitas\u201d porque los delitos relacionados con hidrocarburos ya est\u00e1n tipificados como graves a nivel constitucional gracias a las recientes reformas aprobadas en el Legislativo.<\/p>\n<p>A los pobladores de comunidades cercanas a los ductos los convoc\u00f3 a no encubrir a quienes cometen estos delitos.<\/p>\n<p>\u201cSi es por necesidad, cuenten con nosotros para que se les apoye con trabajo y bienestar\u201d, expres\u00f3.<\/p>\n","protected":false},"excerpt":{"rendered":"<p>El presidente Andr\u00e9s Manuel L\u00f3pez Obrador invit\u00f3 a la ciudadan\u00eda a participar en el primer Foro Nacional para la definici\u00f3n del Plan Nacional de Desarrollo que se llevar\u00e1 a cabo este s\u00e1bado 16 y domingo 17 de marzo.<\/p>\n","protected":false},"author":1,"featured_media":419479,"comment_status":"open","ping_status":"open","sticky":false,"template":"","format":"standard","meta":{"_monsterinsights_skip_tracking":false,"_monsterinsights_sitenote_active":false,"_monsterinsights_sitenote_note":"","_monsterinsights_sitenote_category":0,"footnotes":""},"categories":[3],"tags":[1352,43673,6676],"class_list":["post-419478","post","type-post","status-publish","format-standard","has-post-thumbnail","hentry","category-nacional","tag-andres-manuel-lopez-obrador","tag-nacional","tag-plan-nacional-de-desarrollo"],"_links":{"self":[{"href":"https:\/\/www.diarioimagen.net\/index.php?rest_route=\/wp\/v2\/posts\/419478","targetHints":{"allow":["GET"]}}],"collection":[{"href":"https:\/\/www.diarioimagen.net\/index.php?rest_route=\/wp\/v2\/posts"}],"about":[{"href":"https:\/\/www.diarioimagen.net\/index.php?rest_route=\/wp\/v2\/types\/post"}],"author":[{"embeddable":true,"href":"https:\/\/www.diarioimagen.net\/index.php?rest_route=\/wp\/v2\/users\/1"}],"replies":[{"embeddable":true,"href":"https:\/\/www.diarioimagen.net\/index.php?rest_route=%2Fwp%2Fv2%2Fcomments&post=419478"}],"version-history":[{"count":0,"href":"https:\/\/www.diarioimagen.net\/index.php?rest_route=\/wp\/v2\/posts\/419478\/revisions"}],"wp:featuredmedia":[{"embeddable":true,"href":"https:\/\/www.diarioimagen.net\/index.php?rest_route=\/wp\/v2\/media\/419479"}],"wp:attachment":[{"href":"https:\/\/www.diarioimagen.net\/index.php?rest_route=%2Fwp%2Fv2%2Fmedia&parent=419478"}],"wp:term":[{"taxonomy":"category","embeddable":true,"href":"https:\/\/www.diarioimagen.net\/index.php?rest_route=%2Fwp%2Fv2%2Fcategories&post=419478"},{"taxonomy":"post_tag","embeddable":true,"href":"https:\/\/www.diarioimagen.net\/index.php?rest_route=%2Fwp%2Fv2%2Ftags&post=419478"}],"curies":[{"name":"wp","href":"https:\/\/api.w.org\/{rel}","templated":true}]}}