{"id":419510,"date":"2019-03-18T00:07:01","date_gmt":"2019-03-18T06:07:01","guid":{"rendered":"https:\/\/www.diarioimagen.net\/?p=419510"},"modified":"2019-03-18T23:34:08","modified_gmt":"2019-03-19T05:34:08","slug":"acabaron-los-privilegios-en-gobierno-capitalino-afirma-sheinbaum","status":"publish","type":"post","link":"https:\/\/www.diarioimagen.net\/?p=419510","title":{"rendered":"Acaban privilegios en el gobierno de la CDMX: Sheinbaum"},"content":{"rendered":"<ul>\n<li><strong><em>Informe de los 100 d\u00edas<\/em><\/strong><\/li>\n<li><strong><em>Destaca el ahorro que ha logrado por 25 mil mdp<\/em><\/strong><\/li>\n<\/ul>\n<p>&nbsp;<\/p>\n<div id=\"attachment_419511\" style=\"width: 470px\" class=\"wp-caption aligncenter\"><img loading=\"lazy\" decoding=\"async\" aria-describedby=\"caption-attachment-419511\" class=\"size-large wp-image-419511\" src=\"https:\/\/www.diarioimagen.net\/wp-content\/uploads\/2019\/03\/SHEINBAUM18-portal-460x268.jpg\" alt=\"\" width=\"460\" height=\"268\" srcset=\"https:\/\/www.diarioimagen.net\/wp-content\/uploads\/2019\/03\/SHEINBAUM18-portal-460x268.jpg 460w, https:\/\/www.diarioimagen.net\/wp-content\/uploads\/2019\/03\/SHEINBAUM18-portal-240x140.jpg 240w, https:\/\/www.diarioimagen.net\/wp-content\/uploads\/2019\/03\/SHEINBAUM18-portal.jpg 480w\" sizes=\"auto, (max-width: 460px) 100vw, 460px\" \/><p id=\"caption-attachment-419511\" class=\"wp-caption-text\">La jefa del Gobierno capitalina, Claudia Sheinbaum, rendi\u00f3 un informe por sus primeros 100 d\u00edas de gobierno.<\/p><\/div>\n<p>&nbsp;<\/p>\n<p>La jefa de gobierno de la Ciudad de M\u00e9xico, Claudia Sheinbaum, asegur\u00f3 que aunque ha habido avances en su gobierno, se tendr\u00e1 que \u201cacelerar el paso porque apenas es el inicio\u201d.<\/p>\n<p>En el marco del informe por los 100 d\u00edas de su administraci\u00f3n en el Teatro de la Ciudad Esperanza Iris, destac\u00f3 la importancia del ahorro que ha logrado su administraci\u00f3n, en coordinaci\u00f3n con la austeridad republicana.<\/p>\n<p>Dijo que dichos ahorros suman 25 mil millones de pesos, lo que permiti\u00f3 un incremento de 15 mil millones de pesos de aumento para la inversi\u00f3n p\u00fablica de 2019.<\/p>\n<p>Inici\u00f3 su mensaje a las 10:45 horas en compa\u00f1\u00eda de su gabinete, as\u00ed como de invitados especiales, entre ellos, la historiadora y escritora, Beatriz Guti\u00e9rrez M\u00fcller, esposa del Presidente de la Rep\u00fablica, Andr\u00e9s Manuel L\u00f3pez Obrador.<\/p>\n<p>\u201cHemos trabajado arduamente para regresar a la ciudad a un camino de honestidad, de la entrega en el servicio p\u00fablico, y de orientaci\u00f3n hacia una ciudad innovadora y de derechos\u201d, expres\u00f3.<\/p>\n<p>Agreg\u00f3: \u201cPodemos decir que hemos avanzado en la mayor\u00eda de las acciones que nos planteamos, pero si bien contentos por servir al pueblo, apenas estamos en el arranque, y necesitamos \u2018meter m\u00e1s el acelerador\u2019 para cumplir con todos los compromisos que establecimos con la ciudadan\u00eda\u201d, asegur\u00f3 la funcionaria.<\/p>\n<p>Asegur\u00f3 que se han terminado con los privilegios de los altos funcionarios y se ha avanzado en la eliminaci\u00f3n de la corrupci\u00f3n; se cancelaron seguros de gastos m\u00e9dicos privados y todos los gastos de representaci\u00f3n.<\/p>\n<p>Tambi\u00e9n los veh\u00edculos blindados de la jefatura de Gobierno: \u201cUtilizo mi veh\u00edculo y en algunas ocasiones el Metro para trasladarme. Solamente el secretario de Seguridad Ciudadana, la procuradora y algunos de los funcionarios de esas instituciones, por obvias razones, tienen escoltas\u201d.<\/p>\n<p>Adem\u00e1s, se retiraron mil 400 polic\u00edas que operaban como escoltas de ex funcionarios, y otras personas que no pagaban por el servicio, y dichos elementos se orientaron a labores de la Polic\u00eda Preventiva.<\/p>\n<p>Asegur\u00f3 que en enero de 2019 entr\u00f3 en funciones una nueva estructura org\u00e1nica del Poder Ejecutivo local, que recort\u00f3 mil 712 plazas de altos niveles de estructura y casi 30 por ciento del presupuesto para plazas de honorarios; lo que ha permitido ahorros por mil 800 millones de pesos.<\/p>\n<p>Por otro lado, en el presupuesto de egresos 2019 se transparent\u00f3 la f\u00f3rmula de asignaci\u00f3n de recursos a las 16 alcald\u00edas, las cuales tendr\u00e1n m\u00e1s autonom\u00eda presupuestal.<\/p>\n<p>Detall\u00f3 que no aumentaron los impuestos ni los derechos en t\u00e9rminos reales, y que se redujeron los costos del predial y el agua en 549 pol\u00edgonos con muy bajo \u00edndice de desarrollo social, a los cuales, con el pago del predial y el agua de 2019 se les condonaron adeudos.<\/p>\n<p style=\"text-align: center;\"><strong>Fotomultas, de los temas m\u00e1s aplaudidos<\/strong><\/p>\n<p>Uno de los temas m\u00e1s aplaudidos por la audiencia fue la suspensi\u00f3n del cobro de fotomultas que se sustituy\u00f3 por las fotoc\u00edvicas, que cambia las multas econ\u00f3micas por sanciones con trabajo comunitario.<\/p>\n<p>Respecto al tema inmobiliario en la capital, se\u00f1al\u00f3 \u201cestamos acabando con la corrupci\u00f3n que llev\u00f3 al desorden inmobiliario en la Ciudad de M\u00e9xico. Se han revisado los 174 pol\u00edgonos de actuaci\u00f3n autorizados en 2017 y 2018\u201d.<\/p>\n<p>Detall\u00f3 que tras el an\u00e1lisis se encontraron irregularidades en 48, de los cuales, el Instituto de Verificaci\u00f3n Administrativa (Invea) suspendi\u00f3 la construcci\u00f3n de 17; se presentaron al Tribunal de Justicia Administrativa 24 juicios de lesividad, y est\u00e1n en procedimiento de revocaci\u00f3n de autorizaci\u00f3n 20.<\/p>\n<p>Se\u00f1al\u00f3 que se cancelaron 16 programas que se orientaban a la compra del voto, y que en los siguientes meses se har\u00e1 un censo de los programas existentes, que permita verificar a los beneficiarios y orientar los recursos a programas universales o a aquellos que benefician a las personas que viven en las colonias, barrios y pueblos de mayor marginaci\u00f3n de la ciudad.<\/p>\n<p style=\"text-align: center;\"><strong>Disminuye promedio diario de homicidios en la capital<\/strong><\/p>\n<p>Sheinbaum Pardo afirm\u00f3 que el promedio diario de homicidios dolosos cuando lleg\u00f3 al cargo era de 5.19, pero ya baj\u00f3 a 4.8, mientras que el robo de veh\u00edculos descendi\u00f3 de 44 en promedio en diciembre de 2018, a 35 en lo que va de marzo.<\/p>\n<p>Djo que pese a ello no est\u00e1n satisfechos y se trabaja con una comisi\u00f3n t\u00e9cnica de expertos para transitar hacia una fiscal\u00eda capitalina.<\/p>\n<p>SExplic\u00f3 que encontr\u00f3 maquillaje de cifras en delitos como homicidios, robo de veh\u00edculos y violaciones, por parte de la anterior administraci\u00f3n, lo que hace dif\u00edcil generar una l\u00ednea de tiempo para analizar si han aumentado o no los il\u00edcitos con relaci\u00f3n al a\u00f1o pasado.<\/p>\n<p>Sobre el programa \u201cSi al desarme, si a la paz\u201d, en coordinaci\u00f3n con la Secretar\u00eda de la Defensa Nacional (Sedena), agreg\u00f3 que \u00e9ste se ha llevado a cuatro alcald\u00edas y se han destruido ya 712 armas cortas, 120 largas, 39 granadas, 700 mil 349 cartuchos, siete mil 200 estopines, y seis cartuchos de dinamita.<\/p>\n","protected":false},"excerpt":{"rendered":"<p>La jefa de gobierno de la Ciudad de M\u00e9xico, Claudia Sheinbaum, asegur\u00f3 que aunque ha habido avances en su gobierno, se tendr\u00e1 que \u201cacelerar el paso porque apenas es el inicio\u201d.<\/p>\n","protected":false},"author":5,"featured_media":419511,"comment_status":"open","ping_status":"open","sticky":false,"template":"","format":"standard","meta":{"_monsterinsights_skip_tracking":false,"_monsterinsights_sitenote_active":false,"_monsterinsights_sitenote_note":"","_monsterinsights_sitenote_category":0,"footnotes":""},"categories":[6],"tags":[83671,204,83674,83672,83673],"class_list":["post-419510","post","type-post","status-publish","format-standard","has-post-thumbnail","hentry","category-cd-de-mexico","tag-afirma-sheinbaum","tag-ciudad-de-mexico","tag-homicidios-en-la-capital","tag-informe-por-sus-primeros-100-dias","tag-privilegios-en-gobierno"],"_links":{"self":[{"href":"https:\/\/www.diarioimagen.net\/index.php?rest_route=\/wp\/v2\/posts\/419510","targetHints":{"allow":["GET"]}}],"collection":[{"href":"https:\/\/www.diarioimagen.net\/index.php?rest_route=\/wp\/v2\/posts"}],"about":[{"href":"https:\/\/www.diarioimagen.net\/index.php?rest_route=\/wp\/v2\/types\/post"}],"author":[{"embeddable":true,"href":"https:\/\/www.diarioimagen.net\/index.php?rest_route=\/wp\/v2\/users\/5"}],"replies":[{"embeddable":true,"href":"https:\/\/www.diarioimagen.net\/index.php?rest_route=%2Fwp%2Fv2%2Fcomments&post=419510"}],"version-history":[{"count":0,"href":"https:\/\/www.diarioimagen.net\/index.php?rest_route=\/wp\/v2\/posts\/419510\/revisions"}],"wp:featuredmedia":[{"embeddable":true,"href":"https:\/\/www.diarioimagen.net\/index.php?rest_route=\/wp\/v2\/media\/419511"}],"wp:attachment":[{"href":"https:\/\/www.diarioimagen.net\/index.php?rest_route=%2Fwp%2Fv2%2Fmedia&parent=419510"}],"wp:term":[{"taxonomy":"category","embeddable":true,"href":"https:\/\/www.diarioimagen.net\/index.php?rest_route=%2Fwp%2Fv2%2Fcategories&post=419510"},{"taxonomy":"post_tag","embeddable":true,"href":"https:\/\/www.diarioimagen.net\/index.php?rest_route=%2Fwp%2Fv2%2Ftags&post=419510"}],"curies":[{"name":"wp","href":"https:\/\/api.w.org\/{rel}","templated":true}]}}