{"id":419513,"date":"2019-03-18T00:09:47","date_gmt":"2019-03-18T06:09:47","guid":{"rendered":"https:\/\/www.diarioimagen.net\/?p=419513"},"modified":"2019-03-18T23:34:39","modified_gmt":"2019-03-19T05:34:39","slug":"amlo-declara-formalmente-abolido-el-modelo-neoliberal","status":"publish","type":"post","link":"https:\/\/www.diarioimagen.net\/?p=419513","title":{"rendered":"Se termin\u00f3 la \u201cpesadilla\u201d de la pol\u00edtica neoliberal: L\u00f3pez Obrador"},"content":{"rendered":"<ul>\n<li><em><strong>Foro \u201cPlaneando Juntos la Transformaci\u00f3n de M\u00e9xico\u201d<\/strong><\/em><\/li>\n<li><em><strong>Dice el Presidente que ese modelo econ\u00f3mico se caracterizaba por el pillaje<\/strong><\/em><\/li>\n<\/ul>\n<h6>Jos\u00e9 Luis Monta\u00f1ez<\/h6>\n<p>&nbsp;<\/p>\n<div id=\"attachment_419514\" style=\"width: 470px\" class=\"wp-caption aligncenter\"><img loading=\"lazy\" decoding=\"async\" aria-describedby=\"caption-attachment-419514\" class=\"size-large wp-image-419514\" src=\"https:\/\/www.diarioimagen.net\/wp-content\/uploads\/2019\/03\/AMLO18-portal-460x268.jpg\" alt=\"\" width=\"460\" height=\"268\" srcset=\"https:\/\/www.diarioimagen.net\/wp-content\/uploads\/2019\/03\/AMLO18-portal-460x268.jpg 460w, https:\/\/www.diarioimagen.net\/wp-content\/uploads\/2019\/03\/AMLO18-portal-240x140.jpg 240w, https:\/\/www.diarioimagen.net\/wp-content\/uploads\/2019\/03\/AMLO18-portal.jpg 480w\" sizes=\"auto, (max-width: 460px) 100vw, 460px\" \/><p id=\"caption-attachment-419514\" class=\"wp-caption-text\">Andr\u00e9s Manuel L\u00f3pez Obrador se\u00f1al\u00f3 que en el actual gobierno se termina con las pr\u00e1cticas de la pol\u00edtica neoliberal.<\/p><\/div>\n<p>&nbsp;<\/p>\n<p>El presidente de M\u00e9xico, Andr\u00e9s Manuel L\u00f3pez Obrador, se\u00f1al\u00f3 que en esta administraci\u00f3n se termina con las pr\u00e1cticas de la pol\u00edtica neoliberal que afectaron al pa\u00eds y se construir\u00e1 una propuesta postneoliberal, como un modelo viable de desarrollo econ\u00f3mico, ordenamiento pol\u00edtico y de convivencia entre los sectores sociales.<\/p>\n<p>Al encabezar el Foro Nacional \u201cPlaneando Juntos la Transformaci\u00f3n de M\u00e9xico\u201d, L\u00f3pez Obrador destac\u00f3: \u201cPor eso es el momento de expresar, aprovechando este foro, que para nosotros ya se termin\u00f3 con esa pesadilla que fue la pol\u00edtica neoliberal; declaramos formalmente, desde Palacio Nacional, el fin de la pol\u00edtica neoliberal\u201d.<\/p>\n<p>Precis\u00f3 que la pol\u00edtica econ\u00f3mica neoliberal se caracterizaba por el pillaje, as\u00ed como por ser antipopular, por lo que con las acciones previstas para el desarrollo de un propuesta postneoliberal, se demostrar\u00e1 que la modernidad puede ser forjada desde abajo sin excluir a nadie, y que el desarrollo no tiene por qu\u00e9 ser contrario a la justicia social.<\/p>\n<p>El jefe del Ejecutivo federal puntualiz\u00f3 que dichos principios se incluir\u00e1n dentro del plan nacional de desarroll\u00f3 y resalt\u00f3 la pertinencia de la realizaci\u00f3n de foros como estos, que permitan despu\u00e9s de mucho tiempo que los mexicanos elaboren un programa de desarrollo propio a partir de sus realidades y necesidades.<\/p>\n<p>Explic\u00f3 que durante todo el periodo neoliberal no se habl\u00f3 de una planeaci\u00f3n para el desarrollo similar a esta, sino que se guiaban los anteriores gobernantes por las recetas que se enviaban desde el extranjero, \u201cde las llamadas reformas estructurales\u201d.<\/p>\n<p>El mandatario, acompa\u00f1ado por integrantes de su gabinete, detall\u00f3 en el Sal\u00f3n Tesorer\u00eda algunos conceptos b\u00e1sicos para avanzar hacia la mencionada modernidad, como son: la honradez y la honestidad, en donde la honestidad implica, adem\u00e1s de no robar, el ser consecuente y actuar como se piensa, ser congruentes.<\/p>\n<p>Adem\u00e1s, puso al dispendio en el marco de una pol\u00edtica de austeridad republicana, en donde no se permitir\u00e1 tener un gobierno rico con un pueblo pobre.<\/p>\n<p>Se debe aplicar una econom\u00eda para el bienestar, en donde a la par del crecimiento econ\u00f3mico se de tambi\u00e9n una distribuci\u00f3n de la riqueza y del ingreso pensando siempre en el desarrollo econ\u00f3mico, expuso.<\/p>\n<p style=\"text-align: center;\"><strong>\u201cPatra\u00f1a para imponer la pol\u00edtica neoliberal\u201d<\/strong><\/p>\n<p>L\u00f3pez Obrador enfatiz\u00f3 que el mercado no sustituye al Estado, y esa \u201cfue una patra\u00f1a para imponer la pol\u00edtica neoliberal\u201d, ya que en ninguna parte el Estado incumple con sus responsabilidades econ\u00f3mica, pol\u00edtica y social, \u201cs\u00f3lo a estos tecn\u00f3cratas despistados se les ocurri\u00f3 que no hac\u00eda falta el Estado, si acaso hab\u00eda que usar al Estado era para rescatar al sistema financiero, como cuando el Fobaproa\u201d, dijo.<\/p>\n<p>El Presidente manifest\u00f3 que, por el contrario, el Estado tiene la funci\u00f3n principal de conseguir la felicidad del pueblo, que mejoren las condiciones de vida y de trabajo de todos los mexicanos.<\/p>\n<p>Tambi\u00e9n hizo hincapi\u00e9 en el principio \u201cpor el bien de todos, primero los pobres\u201d, que implica atender, escuchar y respetar a todos, pero d\u00e1ndole preferencia a los m\u00e1s necesitados, a los vulnerables, d\u00e9biles y marginados, ya que eso es humanismo, y eso tiene que ser una caracter\u00edstica de nuestro gobierno.<\/p>\n<p>Con eso se busca \u201cno dejar a nadie atr\u00e1s\u201d, y actuar en el marco de la igualdad sustantiva entre hombres y mujeres, d\u00e1ndole a los j\u00f3venes el derecho de tener un lugar en el mundo y terminando con todas las manifestaciones de discriminaci\u00f3n.<\/p>\n<p>Agreg\u00f3 que no podr\u00e1 haber paz sin justicia, por lo que este problema no se atender\u00e1 s\u00f3lo con el uso de la fuerza, sino principalmente atendiendo las causas que la originan a trav\u00e9s de reactivar la econom\u00eda, crear empleos, generar desarrollo y bienestar, as\u00ed como atender a los j\u00f3venes.<\/p>\n<p>Subray\u00f3 que, aunque los neoliberales lo consideren anacr\u00f3nico, existen valores del pasado que se mantienen vigentes en los nuevos tiempos, como es el respeto al derecho ajeno es la paz, que significa la no intervenci\u00f3n, \u201cque nosotros no tengamos afanes hegem\u00f3nicos, que no aspiremos a ser un imperio, que aspiremos a ser una naci\u00f3n libre y fraterna con todos los pueblos del mundo\u201d.<\/p>\n<p>Expuso que llevar\u00e1 a la pr\u00e1ctica el principio de la autodeterminaci\u00f3n de los pueblos, la soluci\u00f3n pac\u00edfica de las controversias y la cooperaci\u00f3n para el desarrollo.<\/p>\n<p>Agreg\u00f3 que en esta nueva administraci\u00f3n tambi\u00e9n se buscar\u00e1 que ya no se d\u00e9 la migraci\u00f3n por hambre o por violencia, sino que sea opcional y no forzada por falta de oportunidades.<\/p>\n<p>Dijo que se debe llevar a la pr\u00e1ctica y no s\u00f3lo como Rep\u00fablica, que la democracia signifique el poder del pueblo, el mandar obedeciendo en todas sus vertientes, como la democracia participativa y la representativa, y hacer realidad el refer\u00e9ndum, el plebiscito, la consulta ciudadana, y la revocaci\u00f3n del mandato, principio este \u00faltimo que se debe dejar establecido, ya que \u201cel pueblo pone y el pueblo quita\u201d.<\/p>\n<p>Indic\u00f3 que tambi\u00e9n se impulsar\u00e1 la \u00e9tica, la libertad y la confianza, para ir hacia el renacimiento de M\u00e9xico y a la b\u00fasqueda del bienestar tanto material como del alma, aprovechando la reserva de valores que perviven en el pueblo mexicano, para as\u00ed lograr una sociedad m\u00e1s justa, m\u00e1s libre, m\u00e1s democr\u00e1tica y m\u00e1s fraterna.<\/p>\n<p>&nbsp;<\/p>\n<blockquote>\n<h2 style=\"text-align: center;\">Principales puntos del actual gobierno<\/h2>\n<p><strong>\u00a0<\/strong><\/p>\n<p><strong>\u00a0<\/strong><strong>\u2022 Honradez y honestidad<br \/>\n<\/strong>\u201cLa honradez es no apropiarse de lo ajeno y la honestidad tiene una mayor dimensi\u00f3n porque implica no robar y ser consecuente. Es decir, actuar como se piensa. Esa es la honestidad. Ser congruentes\u201d.<\/p>\n<p><strong>\u2022 No a un gobierno rico con pueblo pobre<br \/>\n<\/strong>\u201cNadie tiene derecho a lo superfluo, mientras existan quienes no tienen lo b\u00e1sico\u201d.<\/p>\n<p><strong>\u2022 \u00a0Econom\u00eda para el bienestar<br \/>\n<\/strong>\u201cPensemos en que haya crecimiento de la econom\u00eda pero tambi\u00e9n distribuci\u00f3n de la riqueza y del ingreso. Eso en esencia es desarrollo. Que no nos quedemos hoy en aumentar los niveles de crecimiento econ\u00f3mico, sino que siempre pensemos en el desarrollo\u201d.<\/p>\n<p><strong>\u2022 El mercado no sustituye al Estado<br \/>\n<\/strong>\u201cEn ninguna parte el Estado incumple con sus responsabilidades econ\u00f3mica, pol\u00edtica y social; el Estado tiene la funci\u00f3n principal de conseguir la felicidad del pueblo, que mejoren las condiciones de vida y de trabajo de todos los mexicanosanos\u201d.<\/p>\n<p><strong>\u2022 Por el bien de todos, primero los pobres<br \/>\n<\/strong>\u201cPor el bien de todos, primero los pobres, que implica atender, escuchar y respetar a todos, pero d\u00e1ndole preferencia a los m\u00e1s necesitados, a los vulnerables, d\u00e9biles y marginados, ya que eso es humanismo, y eso tiene que ser una caracter\u00edstica de nuestro gobierno\u201d.<\/p>\n<p><strong>\u2022 No hay paz sin justicia<br \/>\n<\/strong>\u201cLa paz es fruto de la justicia y que el gobierno no va a resolver el grave problema de la inseguridad y la violencia solo con el uso de la fuerza. Se deben atender las causas que originan la violencia reactivando la econom\u00eda, creando el empleos, bienestar y atenci\u00f3n a los j\u00f3venes\u201d.<\/p>\n<p><strong>\u2022 El respeto al derecho ajeno es la paz<br \/>\n<\/strong>\u201cNo aspiremos a ser un imperio, sino una naci\u00f3n libre y fraterna con todos los pueblos del mundo\u201d.<\/p>\n<p><strong>\u2022 No m\u00e1s migraci\u00f3n por hambre y por violencia<br \/>\n<\/strong>\u201cLa migraci\u00f3n debe ser opcional, no forzada, y el que quiera irse del pa\u00eds lo haga por gusto en ejercicio de su libertad y no por falta de oportunidades de trabajo y bienestar\u201d.<\/p>\n<p><strong>\u2022 El mandar obedeciendo<br \/>\n<\/strong>\u201cEl mandar obedeciendo. No, como ret\u00f3rica, o como concepto teor\u00edco. La democracia en sus dos vertientes en lo que es la democracia representativa y la participativa\u201d.<\/p><\/blockquote>\n","protected":false},"excerpt":{"rendered":"<p><span style=\"color: #005497;\">Jos\u00e9 Luis Monta\u00f1ez Aguilar<\/span><br \/>\n<br \/>\nEl presidente de M\u00e9xico, Andr\u00e9s Manuel L\u00f3pez Obrador, se\u00f1al\u00f3 que en esta administraci\u00f3n se termina con las pr\u00e1cticas de la pol\u00edtica neoliberal que afectaron al pa\u00eds y se construir\u00e1 una propuesta postneoliberal, como un modelo viable de desarrollo econ\u00f3mico, ordenamiento pol\u00edtico y de convivencia entre los sectores sociales.<\/p>\n","protected":false},"author":5,"featured_media":419514,"comment_status":"open","ping_status":"open","sticky":false,"template":"","format":"standard","meta":{"_monsterinsights_skip_tracking":false,"_monsterinsights_sitenote_active":false,"_monsterinsights_sitenote_note":"","_monsterinsights_sitenote_category":0,"footnotes":""},"categories":[3],"tags":[2545,1352,83676,71206,83675,83712,373,82049,10825,83533],"class_list":["post-419513","post","type-post","status-publish","format-standard","has-post-thumbnail","hentry","category-nacional","tag-amlo","tag-andres-manuel-lopez-obrador","tag-formalmente-abolido","tag-foro-nacional","tag-modelo-neoliberal","tag-neoliberal","tag-palacio-nacional","tag-pesadilla","tag-politica","tag-termino"],"_links":{"self":[{"href":"https:\/\/www.diarioimagen.net\/index.php?rest_route=\/wp\/v2\/posts\/419513","targetHints":{"allow":["GET"]}}],"collection":[{"href":"https:\/\/www.diarioimagen.net\/index.php?rest_route=\/wp\/v2\/posts"}],"about":[{"href":"https:\/\/www.diarioimagen.net\/index.php?rest_route=\/wp\/v2\/types\/post"}],"author":[{"embeddable":true,"href":"https:\/\/www.diarioimagen.net\/index.php?rest_route=\/wp\/v2\/users\/5"}],"replies":[{"embeddable":true,"href":"https:\/\/www.diarioimagen.net\/index.php?rest_route=%2Fwp%2Fv2%2Fcomments&post=419513"}],"version-history":[{"count":0,"href":"https:\/\/www.diarioimagen.net\/index.php?rest_route=\/wp\/v2\/posts\/419513\/revisions"}],"wp:featuredmedia":[{"embeddable":true,"href":"https:\/\/www.diarioimagen.net\/index.php?rest_route=\/wp\/v2\/media\/419514"}],"wp:attachment":[{"href":"https:\/\/www.diarioimagen.net\/index.php?rest_route=%2Fwp%2Fv2%2Fmedia&parent=419513"}],"wp:term":[{"taxonomy":"category","embeddable":true,"href":"https:\/\/www.diarioimagen.net\/index.php?rest_route=%2Fwp%2Fv2%2Fcategories&post=419513"},{"taxonomy":"post_tag","embeddable":true,"href":"https:\/\/www.diarioimagen.net\/index.php?rest_route=%2Fwp%2Fv2%2Ftags&post=419513"}],"curies":[{"name":"wp","href":"https:\/\/api.w.org\/{rel}","templated":true}]}}