{"id":419579,"date":"2019-03-18T00:05:56","date_gmt":"2019-03-18T06:05:56","guid":{"rendered":"https:\/\/www.diarioimagen.net\/?p=419579"},"modified":"2019-03-18T23:33:53","modified_gmt":"2019-03-19T05:33:53","slug":"continuaran-suspendidas-escaleras-de-cuatro-lineas-del-metro","status":"publish","type":"post","link":"https:\/\/www.diarioimagen.net\/?p=419579","title":{"rendered":"Continuar\u00e1n suspendidas escaleras de cuatro l\u00edneas del Metro"},"content":{"rendered":"<ul>\n<li><strong><em>Mantenimiento<\/em><\/strong><\/li>\n<\/ul>\n<p>&nbsp;<\/p>\n<p><a href=\"https:\/\/www.diarioimagen.net\/?attachment_id=419671\" rel=\"attachment wp-att-419671\"><img loading=\"lazy\" decoding=\"async\" class=\"aligncenter size-large wp-image-419671\" src=\"https:\/\/www.diarioimagen.net\/wp-content\/uploads\/2019\/03\/METRO18-460x259.jpg\" alt=\"\" width=\"460\" height=\"259\" srcset=\"https:\/\/www.diarioimagen.net\/wp-content\/uploads\/2019\/03\/METRO18-460x259.jpg 460w, https:\/\/www.diarioimagen.net\/wp-content\/uploads\/2019\/03\/METRO18-240x135.jpg 240w, https:\/\/www.diarioimagen.net\/wp-content\/uploads\/2019\/03\/METRO18-480x270.jpg 480w, https:\/\/www.diarioimagen.net\/wp-content\/uploads\/2019\/03\/METRO18-235x132.jpg 235w, https:\/\/www.diarioimagen.net\/wp-content\/uploads\/2019\/03\/METRO18-202x114.jpg 202w, https:\/\/www.diarioimagen.net\/wp-content\/uploads\/2019\/03\/METRO18-350x196.jpg 350w, https:\/\/www.diarioimagen.net\/wp-content\/uploads\/2019\/03\/METRO18-220x123.jpg 220w, https:\/\/www.diarioimagen.net\/wp-content\/uploads\/2019\/03\/METRO18-237x132.jpg 237w, https:\/\/www.diarioimagen.net\/wp-content\/uploads\/2019\/03\/METRO18.jpg 683w\" sizes=\"auto, (max-width: 460px) 100vw, 460px\" \/><\/a><\/p>\n<p>&nbsp;<\/p>\n<p>La suspensi\u00f3n del servicio de escaleras el\u00e9ctricas en el Metro continuar\u00e1, inform\u00f3 Florencia Serran\u00eda Soto, directora general del Sistema de Transporte Colectivo (SCT). La funcionaria capitalina agreg\u00f3 que \u201cvamos a revisar las series que tienen 20 a\u00f1os\u201d, y destac\u00f3 que algunas escaleras tienen a\u00f1os sin recibir mantenimiento adecuado.<\/p>\n<p>Inform\u00f3 que a partir de ma\u00f1ana martes camiones de la Red de Transporte de Pasajeros (RTP) auxiliar\u00e1n al Metro, debido al mantenimiento que se le dar\u00e1 a las escaleras el\u00e9ctricas en diversas estaciones.<\/p>\n<p>\u201cVamos a hacer paros escalonados, si es posible, si no vamos a hacer lo que tengamos que hacer. Todos preguntan por qu\u00e9 par\u00e9 todas las escaleras, se pararon porque no cumpl\u00edan con los m\u00ednimos de seguridad para ofrecer al usuario en sus trayectos, entonces, no pod\u00eda elegir entre parar una por una\u201d.<\/p>\n<p>Serran\u00eda Soto dijo que las labores de mantenimiento no se han realizado con mayor velocidad, pues algunas piezas no se fabrican en M\u00e9xico, \u201cse tuvieron que sacar del pa\u00eds para producirlas, por eso no puedo hacerlo de un d\u00eda para otro\u201d.<\/p>\n<p>Explic\u00f3 que las escaleras el\u00e9ctricas tuvieron que ser detenidas de emergencia, puesto que muchas de ellas presentan fallas en el motor que las mueve, en el motor del pasamanos o en el freno, lo que representa un riesgo para los usuarios de las diversas l\u00edneas.<\/p>\n<p>Reconoci\u00f3 que este \u201casunto de emergencia\u201d le ha costado cr\u00edticas, sin embargo, advirti\u00f3 \u201cyo no estoy ah\u00ed para trabajar conforme a la cr\u00edticas, estoy ah\u00ed para asegurar la seguridad del usuario y es lo estamos haciendo\u201d.<\/p>\n<p>\u201cLa gente pregunta: \u00bfpor qu\u00e9 no veo gente trabajando? Porque no es un asunto de labor, sino de refaccionamiento. Se acabaron los alambritos, las rafias, los trapitos. Estamos trabajando en un programa de mejora continua y seguridad, eso tiene repercusiones y yo espero que la gente lo vaya notando\u201d.<\/p>\n","protected":false},"excerpt":{"rendered":"<p>La suspensi\u00f3n del servicio de escaleras el\u00e9ctricas en el Metro continuar\u00e1, inform\u00f3 Florencia Serran\u00eda Soto, directora general del Sistema de Transporte Colectivo (SCT). La funcionaria capitalina agreg\u00f3 que \u201cvamos a revisar las series que tienen 20 a\u00f1os\u201d, y destac\u00f3 que algunas escaleras tienen a\u00f1os sin recibir mantenimiento adecuado.<\/p>\n","protected":false},"author":3,"featured_media":419671,"comment_status":"open","ping_status":"open","sticky":false,"template":"","format":"standard","meta":{"_monsterinsights_skip_tracking":false,"_monsterinsights_sitenote_active":false,"_monsterinsights_sitenote_note":"","_monsterinsights_sitenote_category":0,"footnotes":""},"categories":[6],"tags":[83423,163,347],"class_list":["post-419579","post","type-post","status-publish","format-standard","has-post-thumbnail","hentry","category-cd-de-mexico","tag-florencia-serrania-soto","tag-metro","tag-sct"],"_links":{"self":[{"href":"https:\/\/www.diarioimagen.net\/index.php?rest_route=\/wp\/v2\/posts\/419579","targetHints":{"allow":["GET"]}}],"collection":[{"href":"https:\/\/www.diarioimagen.net\/index.php?rest_route=\/wp\/v2\/posts"}],"about":[{"href":"https:\/\/www.diarioimagen.net\/index.php?rest_route=\/wp\/v2\/types\/post"}],"author":[{"embeddable":true,"href":"https:\/\/www.diarioimagen.net\/index.php?rest_route=\/wp\/v2\/users\/3"}],"replies":[{"embeddable":true,"href":"https:\/\/www.diarioimagen.net\/index.php?rest_route=%2Fwp%2Fv2%2Fcomments&post=419579"}],"version-history":[{"count":0,"href":"https:\/\/www.diarioimagen.net\/index.php?rest_route=\/wp\/v2\/posts\/419579\/revisions"}],"wp:featuredmedia":[{"embeddable":true,"href":"https:\/\/www.diarioimagen.net\/index.php?rest_route=\/wp\/v2\/media\/419671"}],"wp:attachment":[{"href":"https:\/\/www.diarioimagen.net\/index.php?rest_route=%2Fwp%2Fv2%2Fmedia&parent=419579"}],"wp:term":[{"taxonomy":"category","embeddable":true,"href":"https:\/\/www.diarioimagen.net\/index.php?rest_route=%2Fwp%2Fv2%2Fcategories&post=419579"},{"taxonomy":"post_tag","embeddable":true,"href":"https:\/\/www.diarioimagen.net\/index.php?rest_route=%2Fwp%2Fv2%2Ftags&post=419579"}],"curies":[{"name":"wp","href":"https:\/\/api.w.org\/{rel}","templated":true}]}}