{"id":419601,"date":"2019-03-18T00:05:10","date_gmt":"2019-03-18T06:05:10","guid":{"rendered":"https:\/\/www.diarioimagen.net\/?p=419601"},"modified":"2019-03-18T07:06:49","modified_gmt":"2019-03-18T13:06:49","slug":"inicia-oapas-rehabilitacion-de-pozos","status":"publish","type":"post","link":"https:\/\/www.diarioimagen.net\/?p=419601","title":{"rendered":"Inicia OAPAS rehabilitaci\u00f3n de pozos"},"content":{"rendered":"<ul>\n<li><strong><em>Con inversi\u00f3n de 8.8 millones de pesos<\/em><\/strong><\/li>\n<\/ul>\n<p>&nbsp;<\/p>\n<div id=\"attachment_419712\" style=\"width: 470px\" class=\"wp-caption aligncenter\"><a href=\"https:\/\/www.diarioimagen.net\/?attachment_id=419712\" rel=\"attachment wp-att-419712\"><img loading=\"lazy\" decoding=\"async\" aria-describedby=\"caption-attachment-419712\" class=\"size-large wp-image-419712\" src=\"https:\/\/www.diarioimagen.net\/wp-content\/uploads\/2019\/03\/NAUCALPAN-18-460x377.jpg\" alt=\"\" width=\"460\" height=\"377\" srcset=\"https:\/\/www.diarioimagen.net\/wp-content\/uploads\/2019\/03\/NAUCALPAN-18-460x377.jpg 460w, https:\/\/www.diarioimagen.net\/wp-content\/uploads\/2019\/03\/NAUCALPAN-18-240x196.jpg 240w, https:\/\/www.diarioimagen.net\/wp-content\/uploads\/2019\/03\/NAUCALPAN-18.jpg 700w\" sizes=\"auto, (max-width: 460px) 100vw, 460px\" \/><\/a><p id=\"caption-attachment-419712\" class=\"wp-caption-text\">El director del OAPAS, Ricardo Gudi\u00f1o Morales, dijo que los trabajos concluir\u00e1n a finales de abril, y que se utilizar\u00e1 un sistema de control remoto en cada uno de los pozos.<\/p><\/div>\n<p>&nbsp;<\/p>\n<p><strong>Naucalpan, Estado de M\u00e9xico<\/strong>.- Con una inversi\u00f3n de 8.8 millones de pesos, el gobierno de Naucalpan, a trav\u00e9s del Organismo de Agua Potable, Alcantarillado y Saneamiento (OAPAS), inici\u00f3 los trabajos de rehabilitaci\u00f3n de cuatro pozos de agua potable en beneficio de 60 mil habitantes.<\/p>\n<p>Los trabajos garantizar\u00e1n una mayor cantidad y calidad del l\u00edquido durante los pr\u00f3ximos 15 a\u00f1os para la poblaci\u00f3n de San Antonio Zomeyucan, San Jos\u00e9 de los Leones, el fraccionamiento Las Am\u00e9ricas y la Unidad Morelos, entre otras comunidades de Naucalpan.<\/p>\n<p>La presidenta municipal, Patricia Dur\u00e1n Reveles, y el director del OAPAS, Ricardo Gudi\u00f1o Morales, dieron el banderazo de arranque a la rehabilitaci\u00f3n de los pozos, uno de ellos en San Antonio Zomeyucan, con una profundidad de 300 metros.<\/p>\n<p>\u201cEl agua es vida y es un derecho para todos, por eso estamos trabajando en el mantenimiento de pozos de agua potable y lo hacemos con recursos propios y del programa federal que se llama Prodder\u201d, explic\u00f3 la alcaldesa.<\/p>\n<p>El director del OAPAS, Ricardo Gudi\u00f1o Morales, dijo que los trabajos concluir\u00e1n a finales de abril, y que se utilizar\u00e1 un sistema de control remoto en cada uno de los pozos para su automatizaci\u00f3n. Estas acciones son parte de las labores que contribuir\u00e1n a que en el municipio haya acceso universal al agua, se\u00f1alaron las autoridades municipales ante vecinos.<\/p>\n","protected":false},"excerpt":{"rendered":"<p>Con una inversi\u00f3n de 8.8 millones de pesos, el gobierno de Naucalpan, a trav\u00e9s del Organismo de Agua Potable, Alcantarillado y Saneamiento (OAPAS), inici\u00f3 los trabajos de rehabilitaci\u00f3n de cuatro pozos de agua potable en beneficio de 60 mil habitantes.<\/p>\n","protected":false},"author":3,"featured_media":419712,"comment_status":"open","ping_status":"open","sticky":false,"template":"","format":"standard","meta":{"_monsterinsights_skip_tracking":false,"_monsterinsights_sitenote_active":false,"_monsterinsights_sitenote_note":"","_monsterinsights_sitenote_category":0,"footnotes":""},"categories":[35155],"tags":[43675,970,45759,80863,8519],"class_list":["post-419601","post","type-post","status-publish","format-standard","has-post-thumbnail","hentry","category-estado-de-mexico-estado-de-mexico","tag-estado-de-mexico","tag-naucalpan","tag-oapas","tag-pozos","tag-rehabilitacion"],"_links":{"self":[{"href":"https:\/\/www.diarioimagen.net\/index.php?rest_route=\/wp\/v2\/posts\/419601","targetHints":{"allow":["GET"]}}],"collection":[{"href":"https:\/\/www.diarioimagen.net\/index.php?rest_route=\/wp\/v2\/posts"}],"about":[{"href":"https:\/\/www.diarioimagen.net\/index.php?rest_route=\/wp\/v2\/types\/post"}],"author":[{"embeddable":true,"href":"https:\/\/www.diarioimagen.net\/index.php?rest_route=\/wp\/v2\/users\/3"}],"replies":[{"embeddable":true,"href":"https:\/\/www.diarioimagen.net\/index.php?rest_route=%2Fwp%2Fv2%2Fcomments&post=419601"}],"version-history":[{"count":0,"href":"https:\/\/www.diarioimagen.net\/index.php?rest_route=\/wp\/v2\/posts\/419601\/revisions"}],"wp:featuredmedia":[{"embeddable":true,"href":"https:\/\/www.diarioimagen.net\/index.php?rest_route=\/wp\/v2\/media\/419712"}],"wp:attachment":[{"href":"https:\/\/www.diarioimagen.net\/index.php?rest_route=%2Fwp%2Fv2%2Fmedia&parent=419601"}],"wp:term":[{"taxonomy":"category","embeddable":true,"href":"https:\/\/www.diarioimagen.net\/index.php?rest_route=%2Fwp%2Fv2%2Fcategories&post=419601"},{"taxonomy":"post_tag","embeddable":true,"href":"https:\/\/www.diarioimagen.net\/index.php?rest_route=%2Fwp%2Fv2%2Ftags&post=419601"}],"curies":[{"name":"wp","href":"https:\/\/api.w.org\/{rel}","templated":true}]}}