{"id":419645,"date":"2019-03-18T00:05:22","date_gmt":"2019-03-18T06:05:22","guid":{"rendered":"https:\/\/www.diarioimagen.net\/?p=419645"},"modified":"2019-03-18T01:54:00","modified_gmt":"2019-03-18T07:54:00","slug":"revocacion-y-consulta-hacia-la-reeleccion","status":"publish","type":"post","link":"https:\/\/www.diarioimagen.net\/?p=419645","title":{"rendered":"Revocaci\u00f3n y consulta, hacia la reelecci\u00f3n"},"content":{"rendered":"<h2>Centro..!<\/h2>\n<h5>Arturo R\u00edos Ruiz<\/h5>\n<p>&nbsp;<\/p>\n<ul>\n<li><strong><em>\u201cDenme por muerto para el 2006\u201d, dijo AMLO en 2003\u00a0<\/em><\/strong><\/li>\n<\/ul>\n<p>&nbsp;<\/p>\n<p>Puntos de vista van y vienen respecto a la novedad que con relativa facilidad el Congreso aprob\u00f3 en lo general la Ley de Revocaci\u00f3n de Mandato y Consulta y de inmediato, se abri\u00f3 la idea de que el Presidente prepara su reelecci\u00f3n.<\/p>\n<p>Marko Cort\u00e9s del PAN, Dulce Mar\u00eda Sauri del PRI, Martha Tagle, del MC y Gustavo de Hoyos, l\u00edder de la Coparmex, no dudaron ni tantito en adelantarse horas antes de la aprobaci\u00f3n que el proyecto perseguir\u00eda la reelecci\u00f3n de AMLO.<\/p>\n<p>En la ma\u00f1anera del d\u00eda siguiente el Presidente dijo: \u201cNo, lo firmo que no voy a la reelecci\u00f3n\u201d, palabras m\u00e1s o menos, pero fue la esencia; no he le\u00eddo que alguien recuerde que en 2003, dijo, \u201cDenme por muerto, para el 2006\u201d y la pele\u00f3 como todos sabemos.<\/p>\n<p>Ante el triunfo rotundo del primero de julio, que arras\u00f3 a sus adversarios y Morena se convirti\u00f3 en el nuevo partidazo, surge la anunciada oferta de campa\u00f1a, la revocaci\u00f3n de mandato que son\u00f3 atractiva por la novedad en M\u00e9xico, misma oferta que Hugo Ch\u00e1vez le hizo en entrevista al periodista Jorge Ramos y como en los matrimonios, s\u00f3lo la muerte lo separ\u00f3 del poder.<\/p>\n<p>Lo anterior, nos explica el c\u00f3mo AMLO, s\u00ed ten\u00eda un plan bien concebido y mucha seguridad que en \u00e9sta s\u00ed llegar\u00eda, ante la ilusi\u00f3n de sus contendientes que pensaron ser\u00eda su tercera y \u00faltima derrota, pues creyeron que se ir\u00eda a \u201cLa Chingada\u201d, nombre de su rancho, como tambi\u00e9n lo prometi\u00f3 y ya ven, sac\u00f3, al PRI de Los Pinos y a Anaya del PAN, lo mand\u00f3 a dar clases.<\/p>\n<p>La Revocaci\u00f3n de Mandato, para un servidor tiene dos puntas, una para que si la salud se lo permite, AMLO, buscar\u00e1 la reelecci\u00f3n, a m\u00ed, no me cabe la menor duda, la pregunta: \u201c\u00bfQuieren que siga?\u201d Que lo escucharemos y leeremos en 2021, servir\u00e1 para refrendar el triunfo de su partido.<\/p>\n<p>Dice que para las elecciones del 21 se llevar\u00e1 el ejercicio de la revocaci\u00f3n, con la aclaraci\u00f3n de que no se haga gasto aleda\u00f1o, quien lo crea, est\u00e1 perdido.<\/p>\n<p>Lo que s\u00ed es claro que desea imponer una absoluta ventaja y deber\u00e1n cambiar la Ley Electoral, para permit\u00edrselo, que al final de cuentas tiene al Congreso en sus pu\u00f1os y podr\u00e1 lograrlo.<\/p>\n<p>Si es as\u00ed, en ese momento iniciar\u00e1 el absolutismo presidencial.<\/p>\n<p>La verdadera juagada maestra de AMLO es imponer a Morena, para mantener el poder, por eso se parece tanto lo que hace, a los tiempos de Echeverr\u00eda, cuando todo era PRI.<\/p>\n<p><em><a href=\"mailto:rrrart2000@hotmail.com\" target=\"_blank\" rel=\"noopener noreferrer\">rrrart2000@hotmail.com<\/a><\/em><\/p>\n","protected":false},"excerpt":{"rendered":"<p><span style=\"color: #005497;\"><strong>Arturo R\u00edos Ruiz<\/strong><\/span><\/p>\n","protected":false},"author":3,"featured_media":0,"comment_status":"open","ping_status":"open","sticky":false,"template":"","format":"standard","meta":{"_monsterinsights_skip_tracking":false,"_monsterinsights_sitenote_active":false,"_monsterinsights_sitenote_note":"","_monsterinsights_sitenote_category":0,"footnotes":""},"categories":[82265],"tags":[82266,10806,43674],"class_list":["post-419645","post","type-post","status-publish","format-standard","hentry","category-arturo-rios-ruiz","tag-arturo-rios-ruiz","tag-centro","tag-opinion"],"_links":{"self":[{"href":"https:\/\/www.diarioimagen.net\/index.php?rest_route=\/wp\/v2\/posts\/419645","targetHints":{"allow":["GET"]}}],"collection":[{"href":"https:\/\/www.diarioimagen.net\/index.php?rest_route=\/wp\/v2\/posts"}],"about":[{"href":"https:\/\/www.diarioimagen.net\/index.php?rest_route=\/wp\/v2\/types\/post"}],"author":[{"embeddable":true,"href":"https:\/\/www.diarioimagen.net\/index.php?rest_route=\/wp\/v2\/users\/3"}],"replies":[{"embeddable":true,"href":"https:\/\/www.diarioimagen.net\/index.php?rest_route=%2Fwp%2Fv2%2Fcomments&post=419645"}],"version-history":[{"count":0,"href":"https:\/\/www.diarioimagen.net\/index.php?rest_route=\/wp\/v2\/posts\/419645\/revisions"}],"wp:attachment":[{"href":"https:\/\/www.diarioimagen.net\/index.php?rest_route=%2Fwp%2Fv2%2Fmedia&parent=419645"}],"wp:term":[{"taxonomy":"category","embeddable":true,"href":"https:\/\/www.diarioimagen.net\/index.php?rest_route=%2Fwp%2Fv2%2Fcategories&post=419645"},{"taxonomy":"post_tag","embeddable":true,"href":"https:\/\/www.diarioimagen.net\/index.php?rest_route=%2Fwp%2Fv2%2Ftags&post=419645"}],"curies":[{"name":"wp","href":"https:\/\/api.w.org\/{rel}","templated":true}]}}