{"id":419784,"date":"2019-03-19T00:10:18","date_gmt":"2019-03-19T06:10:18","guid":{"rendered":"https:\/\/www.diarioimagen.net\/?p=419784"},"modified":"2019-03-19T06:02:59","modified_gmt":"2019-03-19T12:02:59","slug":"continua-semaforo-en-amarillo-fase-2-por-el-popo","status":"publish","type":"post","link":"https:\/\/www.diarioimagen.net\/?p=419784","title":{"rendered":"Contin\u00faa sem\u00e1foro en amarillo fase 2 por el \u201cPopo\u201d"},"content":{"rendered":"<h2>Arco Norte<\/h2>\n<h5>Jos\u00e9 Luis Monta\u00f1ez Aguilar<\/h5>\n<p>&nbsp;<\/p>\n<p><a href=\"https:\/\/www.diarioimagen.net\/?attachment_id=419823\" rel=\"attachment wp-att-419823\"><img loading=\"lazy\" decoding=\"async\" class=\"aligncenter size-large wp-image-419823\" src=\"https:\/\/www.diarioimagen.net\/wp-content\/uploads\/2019\/03\/volcan-460x328.jpg\" alt=\"\" width=\"460\" height=\"328\" srcset=\"https:\/\/www.diarioimagen.net\/wp-content\/uploads\/2019\/03\/volcan-460x328.jpg 460w, https:\/\/www.diarioimagen.net\/wp-content\/uploads\/2019\/03\/volcan-240x171.jpg 240w, https:\/\/www.diarioimagen.net\/wp-content\/uploads\/2019\/03\/volcan-90x65.jpg 90w, https:\/\/www.diarioimagen.net\/wp-content\/uploads\/2019\/03\/volcan.jpg 680w\" sizes=\"auto, (max-width: 460px) 100vw, 460px\" \/><\/a><\/p>\n<p>&nbsp;<\/p>\n<p>En las \u00faltimas horas, por medio de los sistemas de monitoreo del volc\u00e1n Popocat\u00e9petl, se identificaron 43 exhalaciones de baja intensidad, acompa\u00f1adas de una emisi\u00f3n de vapor de agua, gas y en algunas ocasiones ligeras cantidades de ceniza, adem\u00e1s de 12 minutos de tremor arm\u00f3nico de baja amplitud.<\/p>\n<p>Anoche se observ\u00f3 la emisi\u00f3n continua de gases volc\u00e1nicos, adem\u00e1s de leve incandescencia en el \u00e1rea del cr\u00e1ter, la cual aument\u00f3 por algunos episodios.<\/p>\n<p>El Cenapred exhorta a NO ACERCARSE al volc\u00e1n ni al cr\u00e1ter, por el peligro que implica la ca\u00edda de fragmentos bal\u00edsticos y en caso de lluvias fuertes alejarse de los fondos de barrancas por el peligro de flujos de lodo y escombro.<\/p>\n<p>El Sem\u00e1foro de Alerta Volc\u00e1nica del Popocat\u00e9petl se encuentra en AMARILLO FASE 2.<\/p>\n<p>Las recomendaciones para la poblaci\u00f3n ante esta actividad son no hacer caso a rumores y estar atentos a la informaci\u00f3n que emita la Coordinaci\u00f3n Nacional de Protecci\u00f3n Civil por sus canales y cuentas oficiales www.gob.mx\/ cenapred y @CNPC_MX.<\/p>\n<p>La Coordinaci\u00f3n General de Protecci\u00f3n Civil del Estado de M\u00e9xico invita a la poblaci\u00f3n a mantenerse informados.<\/p>\n<p style=\"text-align: center;\"><strong>Comparten acuarelistas poblanos su obra art\u00edstica con mexiquenses<\/strong><\/p>\n<p>\u00a0La exposici\u00f3n \u201cAcuarelistas poblanos\u201d, lleg\u00f3 al Museo de la Acuarela del Estado de M\u00e9xico para mostrar el trabajo de un grupo de acuarelistas quienes se congregan en el Barrio del Artista, lugar de arte, cultura y bohemia en el estado de Puebla.<\/p>\n<p>Conformada por 40 piezas, en esta muestra se pueden apreciar rostros finamente delineados, manifestaciones del folclor, templos y pueblos originarios, casonas del siglo XIX con lujo de detalle, as\u00ed como ejemplares de fauna silvestre tan bien logrados que le dan realismo a las obras.<\/p>\n<p>La finalidad de este grupo de acuarelistas, como ellos mismos comentaron, la resumen en estas palabras: \u201cel agua como medio, el color como expresi\u00f3n y el pincel como elemento de contacto entre el sentimiento creativo del artista y el plano bidimensional del papel que se transforma en fuerza, profundidad, pasi\u00f3n y todo un c\u00famulo de emociones sin fin, que se perpetu\u00e1n en muestras vivas que deleitan la vista del observador\u201d.<\/p>\n<p><em><a href=\"mailto:montanezaguilar@gmail.com\" target=\"_blank\" rel=\"noopener noreferrer\">montanezaguilar@gmail.com<\/a><\/em><\/p>\n","protected":false},"excerpt":{"rendered":"<p><span style=\"color: #005497;\">Jos\u00e9 Luis Monta\u00f1ez Aguilar<\/span><br \/>\n<br \/>\nEn las \u00faltimas horas, por medio de los sistemas de monitoreo del volc\u00e1n Popocat\u00e9petl, se identificaron 43 exhalaciones de baja intensidad, acompa\u00f1adas de una emisi\u00f3n de vapor de agua, gas y en algunas ocasiones ligeras cantidades de ceniza, adem\u00e1s de 12 minutos de tremor arm\u00f3nico de baja amplitud.<\/p>\n","protected":false},"author":3,"featured_media":419823,"comment_status":"open","ping_status":"open","sticky":false,"template":"","format":"standard","meta":{"_monsterinsights_skip_tracking":false,"_monsterinsights_sitenote_active":false,"_monsterinsights_sitenote_note":"","_monsterinsights_sitenote_category":0,"footnotes":""},"categories":[5],"tags":[13284,43704,43674],"class_list":["post-419784","post","type-post","status-publish","format-standard","has-post-thumbnail","hentry","category-estado-de-mexico","tag-arco-norte","tag-jose-luis-montanez-aguilar","tag-opinion"],"_links":{"self":[{"href":"https:\/\/www.diarioimagen.net\/index.php?rest_route=\/wp\/v2\/posts\/419784","targetHints":{"allow":["GET"]}}],"collection":[{"href":"https:\/\/www.diarioimagen.net\/index.php?rest_route=\/wp\/v2\/posts"}],"about":[{"href":"https:\/\/www.diarioimagen.net\/index.php?rest_route=\/wp\/v2\/types\/post"}],"author":[{"embeddable":true,"href":"https:\/\/www.diarioimagen.net\/index.php?rest_route=\/wp\/v2\/users\/3"}],"replies":[{"embeddable":true,"href":"https:\/\/www.diarioimagen.net\/index.php?rest_route=%2Fwp%2Fv2%2Fcomments&post=419784"}],"version-history":[{"count":0,"href":"https:\/\/www.diarioimagen.net\/index.php?rest_route=\/wp\/v2\/posts\/419784\/revisions"}],"wp:featuredmedia":[{"embeddable":true,"href":"https:\/\/www.diarioimagen.net\/index.php?rest_route=\/wp\/v2\/media\/419823"}],"wp:attachment":[{"href":"https:\/\/www.diarioimagen.net\/index.php?rest_route=%2Fwp%2Fv2%2Fmedia&parent=419784"}],"wp:term":[{"taxonomy":"category","embeddable":true,"href":"https:\/\/www.diarioimagen.net\/index.php?rest_route=%2Fwp%2Fv2%2Fcategories&post=419784"},{"taxonomy":"post_tag","embeddable":true,"href":"https:\/\/www.diarioimagen.net\/index.php?rest_route=%2Fwp%2Fv2%2Ftags&post=419784"}],"curies":[{"name":"wp","href":"https:\/\/api.w.org\/{rel}","templated":true}]}}