{"id":419801,"date":"2019-03-19T00:09:59","date_gmt":"2019-03-19T06:09:59","guid":{"rendered":"https:\/\/www.diarioimagen.net\/?p=419801"},"modified":"2019-03-19T06:58:27","modified_gmt":"2019-03-19T12:58:27","slug":"regresan-las-protestas-de-la-cnte-a-la-ciudad-de-mexico","status":"publish","type":"post","link":"https:\/\/www.diarioimagen.net\/?p=419801","title":{"rendered":"Regresan las protestas de la CNTE a la Ciudad de M\u00e9xico"},"content":{"rendered":"<p><a href=\"https:\/\/www.diarioimagen.net\/?attachment_id=419876\" rel=\"attachment wp-att-419876\"><img loading=\"lazy\" decoding=\"async\" class=\"aligncenter size-large wp-image-419876\" src=\"https:\/\/www.diarioimagen.net\/wp-content\/uploads\/2019\/03\/CNTE19-460x259.jpg\" alt=\"\" width=\"460\" height=\"259\" srcset=\"https:\/\/www.diarioimagen.net\/wp-content\/uploads\/2019\/03\/CNTE19-460x259.jpg 460w, https:\/\/www.diarioimagen.net\/wp-content\/uploads\/2019\/03\/CNTE19-240x135.jpg 240w, https:\/\/www.diarioimagen.net\/wp-content\/uploads\/2019\/03\/CNTE19-235x132.jpg 235w, https:\/\/www.diarioimagen.net\/wp-content\/uploads\/2019\/03\/CNTE19-202x114.jpg 202w, https:\/\/www.diarioimagen.net\/wp-content\/uploads\/2019\/03\/CNTE19-350x196.jpg 350w, https:\/\/www.diarioimagen.net\/wp-content\/uploads\/2019\/03\/CNTE19-220x123.jpg 220w, https:\/\/www.diarioimagen.net\/wp-content\/uploads\/2019\/03\/CNTE19-237x132.jpg 237w, https:\/\/www.diarioimagen.net\/wp-content\/uploads\/2019\/03\/CNTE19.jpg 480w\" sizes=\"auto, (max-width: 460px) 100vw, 460px\" \/><\/a><\/p>\n<p>&nbsp;<\/p>\n<p>Con la discusi\u00f3n del dictamen de proyecto de ley para reformar el art\u00edculo tercero constitucional, la Coordinadora Nacional de Trabajadores de la Educaci\u00f3n (CNTE) prepara m\u00e1s protestas en la Ciudad de M\u00e9xico.<\/p>\n<p>Los maestros no est\u00e1n muy conformes con el documento final que empez\u00f3 a distribuirse entre legisladores, en el que se establece que el Estado tendr\u00e1 la rector\u00eda de la educaci\u00f3n.<\/p>\n<p>Tambi\u00e9n rechazan que mantenga la evaluaci\u00f3n como m\u00e9todo para obtener plazas en el magisterio y que, por lo mismo, qued\u00f3 fuera su demanda de dar plazas de manera autom\u00e1tica a los egresados de las escuelas normales.<\/p>\n<p>La secci\u00f3n 22 de la CNTE en Oaxaca tiene planeadas movilizaciones nacionales este 20 y 21 de marzo en la CDMX.<\/p>\n","protected":false},"excerpt":{"rendered":"<p>Con la discusi\u00f3n del dictamen de proyecto de ley para reformar el art\u00edculo tercero constitucional, la Coordinadora Nacional de Trabajadores de la Educaci\u00f3n (CNTE) prepara m\u00e1s protestas en la Ciudad de M\u00e9xico.<\/p>\n","protected":false},"author":3,"featured_media":419876,"comment_status":"open","ping_status":"open","sticky":false,"template":"","format":"standard","meta":{"_monsterinsights_skip_tracking":false,"_monsterinsights_sitenote_active":false,"_monsterinsights_sitenote_note":"","_monsterinsights_sitenote_category":0,"footnotes":""},"categories":[6],"tags":[204,7473,12784],"class_list":["post-419801","post","type-post","status-publish","format-standard","has-post-thumbnail","hentry","category-cd-de-mexico","tag-ciudad-de-mexico","tag-cnte","tag-protesta"],"_links":{"self":[{"href":"https:\/\/www.diarioimagen.net\/index.php?rest_route=\/wp\/v2\/posts\/419801","targetHints":{"allow":["GET"]}}],"collection":[{"href":"https:\/\/www.diarioimagen.net\/index.php?rest_route=\/wp\/v2\/posts"}],"about":[{"href":"https:\/\/www.diarioimagen.net\/index.php?rest_route=\/wp\/v2\/types\/post"}],"author":[{"embeddable":true,"href":"https:\/\/www.diarioimagen.net\/index.php?rest_route=\/wp\/v2\/users\/3"}],"replies":[{"embeddable":true,"href":"https:\/\/www.diarioimagen.net\/index.php?rest_route=%2Fwp%2Fv2%2Fcomments&post=419801"}],"version-history":[{"count":0,"href":"https:\/\/www.diarioimagen.net\/index.php?rest_route=\/wp\/v2\/posts\/419801\/revisions"}],"wp:featuredmedia":[{"embeddable":true,"href":"https:\/\/www.diarioimagen.net\/index.php?rest_route=\/wp\/v2\/media\/419876"}],"wp:attachment":[{"href":"https:\/\/www.diarioimagen.net\/index.php?rest_route=%2Fwp%2Fv2%2Fmedia&parent=419801"}],"wp:term":[{"taxonomy":"category","embeddable":true,"href":"https:\/\/www.diarioimagen.net\/index.php?rest_route=%2Fwp%2Fv2%2Fcategories&post=419801"},{"taxonomy":"post_tag","embeddable":true,"href":"https:\/\/www.diarioimagen.net\/index.php?rest_route=%2Fwp%2Fv2%2Ftags&post=419801"}],"curies":[{"name":"wp","href":"https:\/\/api.w.org\/{rel}","templated":true}]}}