{"id":419837,"date":"2019-03-25T00:09:56","date_gmt":"2019-03-25T06:09:56","guid":{"rendered":"https:\/\/www.diarioimagen.net\/?p=419837"},"modified":"2019-03-25T07:03:32","modified_gmt":"2019-03-25T13:03:32","slug":"que-priista-le-conviene-a-amlo","status":"publish","type":"post","link":"https:\/\/www.diarioimagen.net\/?p=419837","title":{"rendered":"\u00bfQu\u00e9 pri\u00edsta le conviene a AMLO?"},"content":{"rendered":"<h2>Poder y dinero<\/h2>\n<h5>V\u00edctor S\u00e1nchez Ba\u00f1os<\/h5>\n<p>&nbsp;<\/p>\n<p><em>\u00a0<\/em><\/p>\n<ul>\n<li><strong><em>\u00bfAlito, Ivonne, Narro o Ulises, confiables?<\/em><\/strong><\/li>\n<li><em><strong>Morena vuelve los ojos a su padre: el PRI<\/strong> <\/em><\/li>\n<\/ul>\n<p><em>\u00a0<\/em><\/p>\n<p style=\"text-align: right;\"><strong><em>Un monstruo hay en el mundo:<\/em><\/strong><em><strong> el hombre ocioso<\/strong><br \/>\nThomas Carlyle, 1795-1881; historiador y pensador escoc\u00e9s<\/em><\/p>\n<p>&nbsp;<\/p>\n<div id=\"attachment_420741\" style=\"width: 470px\" class=\"wp-caption aligncenter\"><a href=\"https:\/\/www.diarioimagen.net\/?attachment_id=420741\" rel=\"attachment wp-att-420741\"><img loading=\"lazy\" decoding=\"async\" aria-describedby=\"caption-attachment-420741\" class=\"size-large wp-image-420741\" src=\"https:\/\/www.diarioimagen.net\/wp-content\/uploads\/2019\/03\/EL-QUE-SABE-SABE-jose-luis-460x379.jpg\" alt=\"\" width=\"460\" height=\"379\" srcset=\"https:\/\/www.diarioimagen.net\/wp-content\/uploads\/2019\/03\/EL-QUE-SABE-SABE-jose-luis-460x379.jpg 460w, https:\/\/www.diarioimagen.net\/wp-content\/uploads\/2019\/03\/EL-QUE-SABE-SABE-jose-luis-240x198.jpg 240w, https:\/\/www.diarioimagen.net\/wp-content\/uploads\/2019\/03\/EL-QUE-SABE-SABE-jose-luis-768x633.jpg 768w, https:\/\/www.diarioimagen.net\/wp-content\/uploads\/2019\/03\/EL-QUE-SABE-SABE-jose-luis.jpg 1200w\" sizes=\"auto, (max-width: 460px) 100vw, 460px\" \/><\/a><p id=\"caption-attachment-420741\" class=\"wp-caption-text\">El que sabe, sabe&#8230; | Jos\u00e9 Luis<\/p><\/div>\n<p>&nbsp;<\/p>\n<p>#AMLO #PRI #PAN #MORENA #PRD #Alito #IvonneOrtega #JoseNarro #UlisesRuiz #MilitanciaPriista #\u00a1SiHayBonos! #BonosAlIMP #EnJuegoDosBocas #JuezVenal #LiberanADefraudadora #TSJCDMX #Cummins#D\u00edaMundialDelAgua<\/p>\n<p>&nbsp;<\/p>\n<p>La disputa por el liderazgo del CEN del PRI, est\u00e1 a todo vapor.<\/p>\n<p>Este partido se ubica en la cuarta posici\u00f3n en el sentimiento electoral de los mexicanos. Cada vez con menos aceptaci\u00f3n y mayor rechazo. Sin embargo, los pol\u00edticos tricolores buscan su liderazgo.<\/p>\n<p>Son cuatro aspirantes: Alejandro Moreno, gobernador de Campeche; Jos\u00e9 Narro, exrector de la UNAM; Ivonne Ortega, exgobernadora de Yucat\u00e1n y Ulises Ruiz, ex gobernador de Oaxaca. Este \u00faltimo es quien lanza una enorme cantidad de cieno sobre sus compa\u00f1eros; un factor de divisi\u00f3n y discordia en el seno del PRI.<\/p>\n<p>Sin embargo, los militantes de ese partido, no est\u00e1n acostumbrados a ser oposici\u00f3n y, cuando est\u00e1n del otro lado del escritorio, prefieren negociar con los encumbrados en el poder.<\/p>\n<p>Por ello, la pregunta salta a la vista: \u00bfA qui\u00e9n le conviene a Andr\u00e9s Mamuel L\u00f3pez Obrador, que se convierta en l\u00edder priista?<\/p>\n<p>Necesita alguien con qui\u00e9n negociar acciones de su gobierno.<\/p>\n<p>Con el PAN, la relaci\u00f3n no es tersa. Ellos est\u00e1n acostumbrados a ser rijosos; a ser oposici\u00f3n. As\u00ed ocurre con los perredistas y ahora morenistas. Desde el poder siguen como gallos sin mecate.<\/p>\n<p>En ese escenario, quien forma parte de esa estructura de acercamiento con el presidente es Alejandro Moreno.<\/p>\n<p>Pero en el sentimiento de los pri\u00edstas, no quieren eso. Quieren demostrar que el gobierno de Morena no es el ideal para el pa\u00eds. Necesitar\u00edan a quien pueda demostrar un liderazgo que est\u00e9 m\u00e1s entregado a las necesidades de la militancia. Esto lo representar\u00eda Ivonne Ortega. En fin, las cosas no est\u00e1n f\u00e1ciles para un partido que le dio cobijo en sus inicios al actual presidente de la Rep\u00fablica y que es el semillero de la mayor\u00eda de la clase pol\u00edtica actual.<\/p>\n<p><strong>PODEROSOS CABALLEROS<\/strong>: Una cosa es el discurso y otra, en instituciones \u201camigas\u201d, la realidad. El martes 12 de marzo, dieron retroactivo de 5 catorcenas (60 mil pesos en promedio) a los empleados del servicio profesional de carrera, en el Instituto Mexicano del Petr\u00f3leo.<\/p>\n<p>Es un premio adelantado para avalar la viabilidad de la refiner\u00eda de Dos Bocas, en Tabasco. Bueno, eso es lo que se afirma en aquella entidad gobernada por Ad\u00e1n L\u00f3pez de Morena.<\/p>\n<p>Hay bonos en el gobierno. Con este bono, habr\u00e1 personas que ganen m\u00e1s que el Presidente, al sumar el bono del sistema nacional de investigadores m\u00e1s sueldo. No hay dinero para estancias, pero si para la burocracia dorada.<\/p>\n<p><strong>RESPONSABILIDAD SOCIAL CORPORATIVA<\/strong>: Con motivo del #D\u00edaMundialDelAgua a celebrarse el pr\u00f3ximo 22 de marzo, Cummins ratifica su compromiso por aprovechar de manera eficiente los recursos implementando una soluci\u00f3n de reaprovechamiento de agua que le permitir\u00e1 ahorrar m\u00e1s de 10 millones de litros durante 2019. Esta soluci\u00f3n represent\u00f3 una inversi\u00f3n de 249 mil d\u00f3lares en las instalaciones de Cd. Ju\u00e1rez, lideradas por Robert Rivas.<\/p>\n<p><a href=\"http:\/\/poderydinero.mx\" target=\"_blank\" rel=\"noopener noreferrer\"><em>poderydinero.mx<\/em><\/a><em><b><br \/>\n<\/b><a href=\"mailto:vsanchezb@gmail.com\" target=\"_blank\" rel=\"noopener noreferrer\">vsanchezb@gmail.com<br \/>\n<\/a><strong>Twitter:<\/strong><a href=\"https:\/\/twitter.com\/vsanchezbanos\" target=\"_blank\" rel=\"noopener noreferrer\">@vsanchezbano<br \/>\n<\/a><strong>Facebook:\u00a0<\/strong><a href=\"https:\/\/www.facebook.com\/vsanchezbanos?fref=ts\" target=\"_blank\" rel=\"noopener noreferrer\">vsanchezbano<\/a><\/em><\/p>\n","protected":false},"excerpt":{"rendered":"<p><span style=\"color: #005497;\"><strong>V\u00edctor S\u00e1nchez Ba\u00f1os<\/strong><\/span><br \/>\n<br \/>\nLa disputa por el liderazgo del CEN del PRI, est\u00e1 a todo vapor.<\/p>\n","protected":false},"author":3,"featured_media":420741,"comment_status":"open","ping_status":"open","sticky":false,"template":"","format":"standard","meta":{"_monsterinsights_skip_tracking":false,"_monsterinsights_sitenote_active":false,"_monsterinsights_sitenote_note":"","_monsterinsights_sitenote_category":0,"footnotes":""},"categories":[38844],"tags":[43674,38847,38848],"class_list":["post-419837","post","type-post","status-publish","format-standard","has-post-thumbnail","hentry","category-victor-sanchez-banos","tag-opinion","tag-poder-y-dinero","tag-victor-sanchez-banos"],"_links":{"self":[{"href":"https:\/\/www.diarioimagen.net\/index.php?rest_route=\/wp\/v2\/posts\/419837","targetHints":{"allow":["GET"]}}],"collection":[{"href":"https:\/\/www.diarioimagen.net\/index.php?rest_route=\/wp\/v2\/posts"}],"about":[{"href":"https:\/\/www.diarioimagen.net\/index.php?rest_route=\/wp\/v2\/types\/post"}],"author":[{"embeddable":true,"href":"https:\/\/www.diarioimagen.net\/index.php?rest_route=\/wp\/v2\/users\/3"}],"replies":[{"embeddable":true,"href":"https:\/\/www.diarioimagen.net\/index.php?rest_route=%2Fwp%2Fv2%2Fcomments&post=419837"}],"version-history":[{"count":0,"href":"https:\/\/www.diarioimagen.net\/index.php?rest_route=\/wp\/v2\/posts\/419837\/revisions"}],"wp:featuredmedia":[{"embeddable":true,"href":"https:\/\/www.diarioimagen.net\/index.php?rest_route=\/wp\/v2\/media\/420741"}],"wp:attachment":[{"href":"https:\/\/www.diarioimagen.net\/index.php?rest_route=%2Fwp%2Fv2%2Fmedia&parent=419837"}],"wp:term":[{"taxonomy":"category","embeddable":true,"href":"https:\/\/www.diarioimagen.net\/index.php?rest_route=%2Fwp%2Fv2%2Fcategories&post=419837"},{"taxonomy":"post_tag","embeddable":true,"href":"https:\/\/www.diarioimagen.net\/index.php?rest_route=%2Fwp%2Fv2%2Ftags&post=419837"}],"curies":[{"name":"wp","href":"https:\/\/api.w.org\/{rel}","templated":true}]}}