{"id":419928,"date":"2019-03-20T00:05:24","date_gmt":"2019-03-20T06:05:24","guid":{"rendered":"https:\/\/www.diarioimagen.net\/?p=419928"},"modified":"2019-03-20T00:53:33","modified_gmt":"2019-03-20T06:53:33","slug":"inauguran-casa-de-transicion-en-naucalpan","status":"publish","type":"post","link":"https:\/\/www.diarioimagen.net\/?p=419928","title":{"rendered":"Inauguran Casa de Transici\u00f3n en Naucalpan"},"content":{"rendered":"<ul>\n<li><em><strong>Para mujeres en situaci\u00f3n de violencia<\/strong><\/em><\/li>\n<\/ul>\n<p>&nbsp;<\/p>\n<div id=\"attachment_419929\" style=\"width: 470px\" class=\"wp-caption aligncenter\"><img loading=\"lazy\" decoding=\"async\" aria-describedby=\"caption-attachment-419929\" class=\"size-large wp-image-419929\" src=\"https:\/\/www.diarioimagen.net\/wp-content\/uploads\/2019\/03\/CASA20-portal-460x268.jpg\" alt=\"\" width=\"460\" height=\"268\" srcset=\"https:\/\/www.diarioimagen.net\/wp-content\/uploads\/2019\/03\/CASA20-portal-460x268.jpg 460w, https:\/\/www.diarioimagen.net\/wp-content\/uploads\/2019\/03\/CASA20-portal-240x140.jpg 240w, https:\/\/www.diarioimagen.net\/wp-content\/uploads\/2019\/03\/CASA20-portal.jpg 480w\" sizes=\"auto, (max-width: 460px) 100vw, 460px\" \/><p id=\"caption-attachment-419929\" class=\"wp-caption-text\">La Casa de Transici\u00f3n funciona como alojamiento y protecci\u00f3n para mujeres en situaci\u00f3n de violencia.<\/p><\/div>\n<p>&nbsp;<\/p>\n<p><strong>Naucalpan, Estado de M\u00e9xico<\/strong>.- Para ofrecer atenci\u00f3n especializada a las mujeres en situaci\u00f3n de violencia, el Secretario de Desarrollo Social, Eric Sevilla Montes de Oca, inaugur\u00f3 la Casa de Transici\u00f3n en el municipio de Naucalpan.<\/p>\n<p>Esta acci\u00f3n, implementada bajo la administraci\u00f3n del Gobierno de Alfredo Del Mazo Maza, reconoce a la mujer como \u201cpilar de la sociedad y columna vertebral de la familia\u201d.<\/p>\n<p>Ante la Diputada Mariana Uribe Bernal, Presidenta de la LX Legislatura del Estado de M\u00e9xico y de la Comisi\u00f3n de Igualdad de G\u00e9nero, el Secretario expres\u00f3 su agradecimiento al Congreso local, que permiti\u00f3 tener los recursos para continuar con todos los programas sociales, lo que demuestra que el Estado de M\u00e9xico, a trav\u00e9s de sus Poderes Ejecutivo, Legislativo y Judicial, est\u00e1 unido para trabajar por el bienestar de las familias mexiquenses.<\/p>\n<p>Asimismo, se\u00f1al\u00f3 que esta Casa de Transici\u00f3n es la primera en su tipo abierta a nivel nacional que funciona como alojamiento y protecci\u00f3n a quienes egresan de los refugios y no cuentan con medios externos de apoyo para continuar con sus actividades diarias. En ella se otorgar\u00e1 asesor\u00eda jur\u00eddica, psicol\u00f3gica y de trabajo social.<\/p>\n<p>En su oportunidad, la Presidenta municipal de Naucalpan, Patricia Dur\u00e1n Reveles, agradeci\u00f3 el trabajo coordinado con el Gobierno estatal a favor de las mujeres, destacando que es necesario empoderarlas para que puedan salir adelante y, de igual forma, resalt\u00f3 la necesidad de fortalecer los temas preventivos.<\/p>\n<p>Por su parte, Melissa Vargas Camacho, Vocal Ejecutiva del Consejo Estatal de la Mujer y Bienestar Social (CEMyBS), resalt\u00f3 que la suma de esfuerzos entre los diferentes niveles de Gobierno es vital, un ejemplo de ello es que gracias a esta acci\u00f3n se estar\u00e1 apoyando inicialmente a 12 familias del estado que tendr\u00e1n albergues.<\/p>\n<p>Coment\u00f3 que en coordinaci\u00f3n con el Ayuntamiento se acord\u00f3 que si bien el esquema de esta Casa es de transici\u00f3n, se pretende que tambi\u00e9n sea una unidad de atenci\u00f3n que se sume a las del CEMyBS, en la que se brinde apoyo psicol\u00f3gico y legal de 9:00 a 18:00 horas y sea una casa de alojamiento temporal de 24 a 75 horas para atenci\u00f3n de la comunidad.<\/p>\n","protected":false},"excerpt":{"rendered":"<p>Para ofrecer atenci\u00f3n especializada a las mujeres en situaci\u00f3n de violencia, el Secretario de Desarrollo Social, Eric Sevilla Montes de Oca, inaugur\u00f3 la Casa de Transici\u00f3n en el municipio de Naucalpan.<\/p>\n","protected":false},"author":5,"featured_media":419929,"comment_status":"open","ping_status":"open","sticky":false,"template":"","format":"standard","meta":{"_monsterinsights_skip_tracking":false,"_monsterinsights_sitenote_active":false,"_monsterinsights_sitenote_note":"","_monsterinsights_sitenote_category":0,"footnotes":""},"categories":[35155],"tags":[2505,1296,66232,43675,83766,970],"class_list":["post-419928","post","type-post","status-publish","format-standard","has-post-thumbnail","hentry","category-estado-de-mexico-estado-de-mexico","tag-alfredo-del-mazo-maza","tag-desarrollo-social","tag-eric-sevilla-montes-de-oca","tag-estado-de-mexico","tag-inauguran-casa-de-transicion","tag-naucalpan"],"_links":{"self":[{"href":"https:\/\/www.diarioimagen.net\/index.php?rest_route=\/wp\/v2\/posts\/419928","targetHints":{"allow":["GET"]}}],"collection":[{"href":"https:\/\/www.diarioimagen.net\/index.php?rest_route=\/wp\/v2\/posts"}],"about":[{"href":"https:\/\/www.diarioimagen.net\/index.php?rest_route=\/wp\/v2\/types\/post"}],"author":[{"embeddable":true,"href":"https:\/\/www.diarioimagen.net\/index.php?rest_route=\/wp\/v2\/users\/5"}],"replies":[{"embeddable":true,"href":"https:\/\/www.diarioimagen.net\/index.php?rest_route=%2Fwp%2Fv2%2Fcomments&post=419928"}],"version-history":[{"count":0,"href":"https:\/\/www.diarioimagen.net\/index.php?rest_route=\/wp\/v2\/posts\/419928\/revisions"}],"wp:featuredmedia":[{"embeddable":true,"href":"https:\/\/www.diarioimagen.net\/index.php?rest_route=\/wp\/v2\/media\/419929"}],"wp:attachment":[{"href":"https:\/\/www.diarioimagen.net\/index.php?rest_route=%2Fwp%2Fv2%2Fmedia&parent=419928"}],"wp:term":[{"taxonomy":"category","embeddable":true,"href":"https:\/\/www.diarioimagen.net\/index.php?rest_route=%2Fwp%2Fv2%2Fcategories&post=419928"},{"taxonomy":"post_tag","embeddable":true,"href":"https:\/\/www.diarioimagen.net\/index.php?rest_route=%2Fwp%2Fv2%2Ftags&post=419928"}],"curies":[{"name":"wp","href":"https:\/\/api.w.org\/{rel}","templated":true}]}}