{"id":419932,"date":"2019-03-20T00:08:06","date_gmt":"2019-03-20T06:08:06","guid":{"rendered":"https:\/\/www.diarioimagen.net\/?p=419932"},"modified":"2019-03-20T23:30:59","modified_gmt":"2019-03-21T05:30:59","slug":"impulsa-edomex-la-apertura-de-pequenas-y-medianas-empresas","status":"publish","type":"post","link":"https:\/\/www.diarioimagen.net\/?p=419932","title":{"rendered":"Impulsa Edomex la apertura de peque\u00f1as y medianas empresas"},"content":{"rendered":"<ul>\n<li><em><strong>Con ferias del emprendimiento<\/strong><\/em><\/li>\n<li><em><strong>Inaugura Del Mazo Feria de Emprendimiento, en Tecnol\u00f3gico de Valle de Bravo<\/strong><\/em><\/li>\n<\/ul>\n<div id=\"attachment_419933\" style=\"width: 470px\" class=\"wp-caption aligncenter\"><img loading=\"lazy\" decoding=\"async\" aria-describedby=\"caption-attachment-419933\" class=\"size-large wp-image-419933\" src=\"https:\/\/www.diarioimagen.net\/wp-content\/uploads\/2019\/03\/DEL-MAZO20-portal-460x268.jpg\" alt=\"\" width=\"460\" height=\"268\" srcset=\"https:\/\/www.diarioimagen.net\/wp-content\/uploads\/2019\/03\/DEL-MAZO20-portal-460x268.jpg 460w, https:\/\/www.diarioimagen.net\/wp-content\/uploads\/2019\/03\/DEL-MAZO20-portal-240x140.jpg 240w, https:\/\/www.diarioimagen.net\/wp-content\/uploads\/2019\/03\/DEL-MAZO20-portal.jpg 480w\" sizes=\"auto, (max-width: 460px) 100vw, 460px\" \/><p id=\"caption-attachment-419933\" class=\"wp-caption-text\">Alfredo Del Mazo Maza inaugur\u00f3 la Feria de Emprendimiento, en el Tecnol\u00f3gico de Estudios Superiores de Valle de Bravo.<\/p><\/div>\n<p>&nbsp;<\/p>\n<p><strong>Valle de Bravo, Estado de M\u00e9xico<\/strong>.- El gobernador Alfredo Del Mazo Maza afirm\u00f3 que en la entidad se apoya\u00a0 la apertura de las micro, peque\u00f1as y medianas empresas, e indic\u00f3 que gracias a ventajas como su ubicaci\u00f3n geogr\u00e1fica, la gran conectividad con el resto del pa\u00eds y el talento de los mexiquenses, los emprendedores pueden hacer realidad su sue\u00f1o de abrir su\u00a0 empresa en el Estado de M\u00e9xico.<\/p>\n<p>\u201cDel total de empresas que tenemos en el Estado de M\u00e9xico, que son cerca de 620 mil en todo el estado, 95 por ciento, 95 de cada 100 de ellas son micro, peque\u00f1as o medianas empresas y eso quiere decir que la gran mayor\u00eda de ellas son negocios de j\u00f3venes, de mujeres, de hombres, como ustedes, que se arriesgaron a poner su propio negocio y hacer su sue\u00f1o realidad\u201d, se\u00f1al\u00f3.<\/p>\n<p>Destac\u00f3 que una muestra de la fortaleza econ\u00f3mica del Estado de M\u00e9xico es que todos los d\u00edas se abren ocho nuevos negocios, en promedio, lo cual, dijo, es resultado de los apoyos que el gobierno mexiquense otorga a los emprendedores, y al hecho de estar dentro del mercado de consumo m\u00e1s grande de M\u00e9xico.<\/p>\n<p>\u201cEs el estado que m\u00e1s nuevas empresas se abren todos los d\u00edas; ocho empresas diariamente se abren en el Estado de M\u00e9xico y esto es gracias a ese \u00e1nimo de emprendedores que tenemos en la entidad y tambi\u00e9n gracias a las facilidades que el Estado de M\u00e9xico da para que las empresas se vengan a instalar aqu\u00ed, porque tenemos facilidades para la apertura de empresas, pero tambi\u00e9n por la buena conectividad que tiene el Edomex y que nos coloca dentro del centro de consumo que tenemos en todo el pa\u00eds, que son m\u00e1s de 30 millones de habitantes\u201d, extern\u00f3.<\/p>\n<p>Tras entregar Microcr\u00e9ditos EDOMEX, Alfredo Del Mazo se\u00f1al\u00f3 que la Feria de Emprendimiento es un espacio que ofrece la administraci\u00f3n estatal a los j\u00f3venes, a trav\u00e9s del Instituto Mexiquense del Emprendedor, con la finalidad de que encuentren inspiraci\u00f3n, descubran nuevas posibilidades y desarrollen conceptos que les permitan formar un negocio exitoso.<\/p>\n<p>\u201cEstamos haciendo aqu\u00ed esta Feria de Emprendimiento para que muchas y muchos de ustedes se atrevan a innovar, se atrevan a arriesgarse y a querer poner su propia empresa o su propio negocio. De eso se trata el emprendimiento, de alguien que tiene una idea nueva, que la quiere hacer realidad, que probablemente no tiene el apoyo financiero o la capacitaci\u00f3n para poder hacerlo\u201d, refiri\u00f3 el mandatario mexiquense.<\/p>\n<p>\u201cPero para eso est\u00e1 el Instituto Mexiquense del Emprendedor y estas ferias del emprendimiento que estamos haciendo para acercarles a ustedes las herramientas de capacitaci\u00f3n, para acercarles a ustedes el financiamiento para que puedan echar a andar su propio negocio y puedan hacer realidad el sue\u00f1o de tener su propia empresa\u201d.<\/p>\n<p>En este evento, el gobernador tambi\u00e9n entreg\u00f3 un Centro de C\u00f3mputo totalmente equipado, que beneficiar\u00e1 a mil 696 alumnos del plantel, y en el cual se invirtieron m\u00e1s de 35 millones de pesos.<\/p>\n<p>Este centro fue construido en dos plantas, que constan de aulas de c\u00f3mputo con equipo de vanguardia interconectado con fibra \u00f3ptica, laboratorio de c\u00f3mputo, site de telecomunicaciones, sanitarios, vest\u00edbulo y \u00e1reas de tesis, posgrado, investigaci\u00f3n y para asesor\u00eda.<\/p>\n<p>En su recorrido, el titular del Ejecutivo estatal platic\u00f3 con alumnos de las carreras de Arquitectura y Mecatr\u00f3nica, quienes le mostraron los trabajos que desarrollan para colaborar a satisfacer la demanda habitacional en la regi\u00f3n.<\/p>\n<p>En compa\u00f1\u00eda de los Secretarios de Desarrollo Econ\u00f3mico y de Comunicaciones, Enrique Jacob Rocha y Luis Lim\u00f3n Ch\u00e1vez, respectivamente, as\u00ed como de la Directora General del Instituto Mexiquense del Emprendedor, Anahy Ram\u00edrez Vilchis y del Alcalde de Valle de Bravo, Mauricio Osorio, el mandatario estatal entreg\u00f3 Microcr\u00e9ditos EDOM\u00c9X a peque\u00f1os empresarios de Valle de Bravo, Santo Tom\u00e1s, Villa de Allende, Ixtapan del Oro, Texcaltitl\u00e1n y Temascaltepec, entre otros municipios, quienes s\u00f3lo tendr\u00e1n que pagar el uno por ciento mensual del total del pr\u00e9stamo que recibieron.<\/p>\n<p>El Secretario de Desarrollo Econ\u00f3mico, Enrique Jacob Rocha, subray\u00f3 que \u00e9sta es la primera de 20 Ferias que se realizar\u00e1n en cada una de las regiones en que se divide la entidad, esto con la finalidad de fomentar la vocaci\u00f3n emprendedora entre la juventud mexiquense.<\/p>\n<p>###<\/p>\n<p>Alfredo Del Mazo Maza inaugur\u00f3 la Feria de Emprendimiento, en el Tecnol\u00f3gico de Estudios Superiores de Valle de Bravo.<\/p>\n<p>&nbsp;<\/p>\n","protected":false},"excerpt":{"rendered":"<p>El gobernador Alfredo Del Mazo Maza afirm\u00f3 que en la entidad se apoya\u00a0 la apertura de las micro, peque\u00f1as y medianas empresas, e indic\u00f3 que gracias a ventajas como su ubicaci\u00f3n geogr\u00e1fica, la gran conectividad con el resto del pa\u00eds y el talento de los mexiquenses, los emprendedores pueden hacer realidad su sue\u00f1o de abrir su\u00a0 empresa en el Estado de M\u00e9xico.<\/p>\n","protected":false},"author":5,"featured_media":419933,"comment_status":"open","ping_status":"open","sticky":false,"template":"","format":"standard","meta":{"_monsterinsights_skip_tracking":false,"_monsterinsights_sitenote_active":false,"_monsterinsights_sitenote_note":"","_monsterinsights_sitenote_category":0,"footnotes":""},"categories":[5],"tags":[2505,43675,83768,83798,83797,83767,1458],"class_list":["post-419932","post","type-post","status-publish","format-standard","has-post-thumbnail","hentry","category-estado-de-mexico","tag-alfredo-del-mazo-maza","tag-estado-de-mexico","tag-feria-de-emprendimiento","tag-medianas","tag-pequenas","tag-pequenas-y-medianas-empresas","tag-valle-de-bravo"],"_links":{"self":[{"href":"https:\/\/www.diarioimagen.net\/index.php?rest_route=\/wp\/v2\/posts\/419932","targetHints":{"allow":["GET"]}}],"collection":[{"href":"https:\/\/www.diarioimagen.net\/index.php?rest_route=\/wp\/v2\/posts"}],"about":[{"href":"https:\/\/www.diarioimagen.net\/index.php?rest_route=\/wp\/v2\/types\/post"}],"author":[{"embeddable":true,"href":"https:\/\/www.diarioimagen.net\/index.php?rest_route=\/wp\/v2\/users\/5"}],"replies":[{"embeddable":true,"href":"https:\/\/www.diarioimagen.net\/index.php?rest_route=%2Fwp%2Fv2%2Fcomments&post=419932"}],"version-history":[{"count":0,"href":"https:\/\/www.diarioimagen.net\/index.php?rest_route=\/wp\/v2\/posts\/419932\/revisions"}],"wp:featuredmedia":[{"embeddable":true,"href":"https:\/\/www.diarioimagen.net\/index.php?rest_route=\/wp\/v2\/media\/419933"}],"wp:attachment":[{"href":"https:\/\/www.diarioimagen.net\/index.php?rest_route=%2Fwp%2Fv2%2Fmedia&parent=419932"}],"wp:term":[{"taxonomy":"category","embeddable":true,"href":"https:\/\/www.diarioimagen.net\/index.php?rest_route=%2Fwp%2Fv2%2Fcategories&post=419932"},{"taxonomy":"post_tag","embeddable":true,"href":"https:\/\/www.diarioimagen.net\/index.php?rest_route=%2Fwp%2Fv2%2Ftags&post=419932"}],"curies":[{"name":"wp","href":"https:\/\/api.w.org\/{rel}","templated":true}]}}