{"id":419971,"date":"2019-03-20T00:11:42","date_gmt":"2019-03-20T06:11:42","guid":{"rendered":"https:\/\/www.diarioimagen.net\/?p=419971"},"modified":"2019-03-20T07:55:50","modified_gmt":"2019-03-20T13:55:50","slug":"casa-para-mujeres-en-situacion-de-violencia","status":"publish","type":"post","link":"https:\/\/www.diarioimagen.net\/?p=419971","title":{"rendered":"Casa para mujeres en\u00a0 situaci\u00f3n de violencia"},"content":{"rendered":"<h2>Arco Norte<\/h2>\n<h5>Jos\u00e9 Luis Monta\u00f1ez Aguilar<\/h5>\n<p>&nbsp;<\/p>\n<p><a href=\"https:\/\/www.diarioimagen.net\/?attachment_id=420068\" rel=\"attachment wp-att-420068\"><img loading=\"lazy\" decoding=\"async\" class=\"aligncenter size-large wp-image-420068\" src=\"https:\/\/www.diarioimagen.net\/wp-content\/uploads\/2019\/03\/arco-4-460x259.jpg\" alt=\"\" width=\"460\" height=\"259\" srcset=\"https:\/\/www.diarioimagen.net\/wp-content\/uploads\/2019\/03\/arco-4-460x259.jpg 460w, https:\/\/www.diarioimagen.net\/wp-content\/uploads\/2019\/03\/arco-4-240x135.jpg 240w, https:\/\/www.diarioimagen.net\/wp-content\/uploads\/2019\/03\/arco-4-235x132.jpg 235w, https:\/\/www.diarioimagen.net\/wp-content\/uploads\/2019\/03\/arco-4-202x114.jpg 202w, https:\/\/www.diarioimagen.net\/wp-content\/uploads\/2019\/03\/arco-4-350x196.jpg 350w, https:\/\/www.diarioimagen.net\/wp-content\/uploads\/2019\/03\/arco-4-220x123.jpg 220w, https:\/\/www.diarioimagen.net\/wp-content\/uploads\/2019\/03\/arco-4-237x132.jpg 237w, https:\/\/www.diarioimagen.net\/wp-content\/uploads\/2019\/03\/arco-4.jpg 480w\" sizes=\"auto, (max-width: 460px) 100vw, 460px\" \/><\/a><\/p>\n<p>&nbsp;<\/p>\n<p>Para ofrecer atenci\u00f3n especializada a las mujeres en situaci\u00f3n de violencia, el secretario de Desarrollo Social, Eric Sevilla Montes de Oca, inaugur\u00f3 la Casa de Transici\u00f3n en el municipio de Naucalpan.<\/p>\n<p>Esta acci\u00f3n, implementada bajo la administraci\u00f3n del gobierno de Alfredo Del Mazo Maza, reconoce a la mujer como \u201cpilar de la sociedad y columna vertebral de la familia\u201d.<\/p>\n<p>Ante la diputada Mariana Uribe Bernal, presidenta de la LX Legislatura del Estado de M\u00e9xico y de la Comisi\u00f3n de Igualdad de G\u00e9nero, el secretario expres\u00f3 su agradecimiento al Congreso local, que permiti\u00f3 tener los recursos para continuar con todos los programas sociales, lo que demuestra que el Estado de M\u00e9xico, a trav\u00e9s de sus poderes Ejecutivo, Legislativo y Judicial, est\u00e1 unido para trabajar por el bienestar de las familias mexiquenses.<\/p>\n<p>Asimismo, se\u00f1al\u00f3 que esta Casa de Transici\u00f3n es la primera en su tipo abierta a nivel nacional que funciona como alojamiento y protecci\u00f3n a quienes egresan de los refugios y no cuentan con medios externos de apoyo para continuar con sus actividades diarias.<\/p>\n<p>En ella se otorgar\u00e1 asesor\u00eda jur\u00eddica, psicol\u00f3gica y de trabajo social.<\/p>\n<p>En su oportunidad, la presidenta municipal de Naucalpan, Patricia Dur\u00e1n Reveles, agradeci\u00f3 el trabajo coordinado con el gobierno estatal a favor de las mujeres.<\/p>\n<p style=\"text-align: center;\"><strong>Benefician con seguro de alto riesgo a artesanos mexiquenses<\/strong><\/p>\n<p>En el marco del D\u00eda del Artesano \u201cEmbajador de tradiciones\u201d, la Secretaria de Turismo, Aurora Gonz\u00e1lez Ledezma, entreg\u00f3 seguros contra accidentes para mil maestras y maestros del arte popular que trabajan en actividades artesanales de alto riesgo, como alfarer\u00eda y cer\u00e1mica, lapidaria y cantera, as\u00ed como en las ramas de madera y vidrio.<\/p>\n<p>Durante el evento, organizado a trav\u00e9s del Instituto de Investigaci\u00f3n y Fomento de las Artesan\u00edas del Estado de M\u00e9xico (IIFAEM), a cargo de Ang\u00e9lica Mondrag\u00f3n Orozco, la titular del Turismo estatal se\u00f1al\u00f3 que, m\u00e1s all\u00e1 de la celebraci\u00f3n por el trabajo que realizan los artesanos mexiquenses, se busc\u00f3 otorgarles un apoyo que se tradujese en un beneficio tangible para su labor cotidiana.<\/p>\n<p><em><a href=\"mailto:montanezaguilar@gmail.com\" target=\"_blank\" rel=\"noopener noreferrer\">montanezaguilar@gmail.com<\/a><\/em><\/p>\n","protected":false},"excerpt":{"rendered":"<p><span style=\"color: #005497;\">Jos\u00e9 Luis Monta\u00f1ez Aguilar<\/span><br \/>\n<br \/>\nPara ofrecer atenci\u00f3n especializada a las mujeres en situaci\u00f3n de violencia, el secretario de Desarrollo Social, Eric Sevilla Montes de Oca, inaugur\u00f3 la Casa de Transici\u00f3n en el municipio de Naucalpan.<\/p>\n","protected":false},"author":3,"featured_media":420068,"comment_status":"open","ping_status":"open","sticky":false,"template":"","format":"standard","meta":{"_monsterinsights_skip_tracking":false,"_monsterinsights_sitenote_active":false,"_monsterinsights_sitenote_note":"","_monsterinsights_sitenote_category":0,"footnotes":""},"categories":[5],"tags":[13284,43704,43674],"class_list":["post-419971","post","type-post","status-publish","format-standard","has-post-thumbnail","hentry","category-estado-de-mexico","tag-arco-norte","tag-jose-luis-montanez-aguilar","tag-opinion"],"_links":{"self":[{"href":"https:\/\/www.diarioimagen.net\/index.php?rest_route=\/wp\/v2\/posts\/419971","targetHints":{"allow":["GET"]}}],"collection":[{"href":"https:\/\/www.diarioimagen.net\/index.php?rest_route=\/wp\/v2\/posts"}],"about":[{"href":"https:\/\/www.diarioimagen.net\/index.php?rest_route=\/wp\/v2\/types\/post"}],"author":[{"embeddable":true,"href":"https:\/\/www.diarioimagen.net\/index.php?rest_route=\/wp\/v2\/users\/3"}],"replies":[{"embeddable":true,"href":"https:\/\/www.diarioimagen.net\/index.php?rest_route=%2Fwp%2Fv2%2Fcomments&post=419971"}],"version-history":[{"count":0,"href":"https:\/\/www.diarioimagen.net\/index.php?rest_route=\/wp\/v2\/posts\/419971\/revisions"}],"wp:featuredmedia":[{"embeddable":true,"href":"https:\/\/www.diarioimagen.net\/index.php?rest_route=\/wp\/v2\/media\/420068"}],"wp:attachment":[{"href":"https:\/\/www.diarioimagen.net\/index.php?rest_route=%2Fwp%2Fv2%2Fmedia&parent=419971"}],"wp:term":[{"taxonomy":"category","embeddable":true,"href":"https:\/\/www.diarioimagen.net\/index.php?rest_route=%2Fwp%2Fv2%2Fcategories&post=419971"},{"taxonomy":"post_tag","embeddable":true,"href":"https:\/\/www.diarioimagen.net\/index.php?rest_route=%2Fwp%2Fv2%2Ftags&post=419971"}],"curies":[{"name":"wp","href":"https:\/\/api.w.org\/{rel}","templated":true}]}}