{"id":420001,"date":"2019-03-20T00:09:31","date_gmt":"2019-03-20T06:09:31","guid":{"rendered":"https:\/\/www.diarioimagen.net\/?p=420001"},"modified":"2019-03-20T08:00:46","modified_gmt":"2019-03-20T14:00:46","slug":"clinica-orocentro-de-la-uaem-cumplio-primer-ano-de-actividades","status":"publish","type":"post","link":"https:\/\/www.diarioimagen.net\/?p=420001","title":{"rendered":"Cl\u00ednica Orocentro de la UAEM cumpli\u00f3 primer a\u00f1o de actividades"},"content":{"rendered":"<ul>\n<li><strong><em>Naci\u00f3 de la necesidad de prevenir el c\u00e1ncer bucal\u00a0<\/em><\/strong><\/li>\n<\/ul>\n<p>&nbsp;<\/p>\n<div id=\"attachment_420077\" style=\"width: 470px\" class=\"wp-caption aligncenter\"><a href=\"https:\/\/www.diarioimagen.net\/?attachment_id=420077\" rel=\"attachment wp-att-420077\"><img loading=\"lazy\" decoding=\"async\" aria-describedby=\"caption-attachment-420077\" class=\"size-large wp-image-420077\" src=\"https:\/\/www.diarioimagen.net\/wp-content\/uploads\/2019\/03\/UAEM-20-460x259.jpg\" alt=\"\" width=\"460\" height=\"259\" srcset=\"https:\/\/www.diarioimagen.net\/wp-content\/uploads\/2019\/03\/UAEM-20-460x259.jpg 460w, https:\/\/www.diarioimagen.net\/wp-content\/uploads\/2019\/03\/UAEM-20-240x135.jpg 240w, https:\/\/www.diarioimagen.net\/wp-content\/uploads\/2019\/03\/UAEM-20-235x132.jpg 235w, https:\/\/www.diarioimagen.net\/wp-content\/uploads\/2019\/03\/UAEM-20-202x114.jpg 202w, https:\/\/www.diarioimagen.net\/wp-content\/uploads\/2019\/03\/UAEM-20-350x196.jpg 350w, https:\/\/www.diarioimagen.net\/wp-content\/uploads\/2019\/03\/UAEM-20-220x123.jpg 220w, https:\/\/www.diarioimagen.net\/wp-content\/uploads\/2019\/03\/UAEM-20-237x132.jpg 237w, https:\/\/www.diarioimagen.net\/wp-content\/uploads\/2019\/03\/UAEM-20.jpg 480w\" sizes=\"auto, (max-width: 460px) 100vw, 460px\" \/><\/a><p id=\"caption-attachment-420077\" class=\"wp-caption-text\">La Cl\u00ednica Orocentro naci\u00f3 de la necesidad de prevenir el c\u00e1ncer bucal, afirma el catedr\u00e1tico e investigador V\u00edctor Hugo Toral Rizo.<\/p><\/div>\n<p>&nbsp;<\/p>\n<p><strong>Toluca, Estado de M\u00e9xico<\/strong>.- Durante su primer a\u00f1o de actividades, la Cl\u00ednica Orocentro de la Facultad de Odontolog\u00eda de la Universidad Aut\u00f3noma del Estado de M\u00e9xico, atendi\u00f3 a un promedio de 100 pacientes y diagnostic\u00f3 a 10 de ellos con patolog\u00edas malignas, quienes fueron canalizados con especialistas, sostuvo el catedr\u00e1tico e investigador universitario V\u00edctor Hugo Toral Rizo.<\/p>\n<p>El coordinador de dicho espacio de la m\u00e1xima casa de estudios mexiquense, indic\u00f3 que la cl\u00ednica naci\u00f3 de la necesidad de prevenir el c\u00e1ncer bucal y otorgar servicios especializados en el \u00e1rea.<\/p>\n<p>Atendemos, dijo, a la comunidad universitaria y p\u00fablico en general ante la presencia de padecimientos bucales cancer\u00edgenos o lesiones con alguna premalignidad. \u201cEn un promedio de siete d\u00edas realizamos el diagn\u00f3stico de alg\u00fan padecimiento o lesi\u00f3n bucal\u201d.<\/p>\n<p>El tambi\u00e9n coordinador de Posgrado de la Facultad de Odontolog\u00eda manifest\u00f3 que los resultados han sido exitosos. \u201cHemos realizado diagn\u00f3sticos oportunos, cuyos pacientes ya fueron tratados y rehabilitados\u201d.<\/p>\n<p>V\u00edctor Hugo Toral Rizo abund\u00f3 que los casos de c\u00e1ncer bucal crecen en el Estado de M\u00e9xico y que el grupo de riesgo son los hombres mayores de 50 a\u00f1os que fuman y consumen alcohol. \u201cLesiones como bolitas, carnosidades, aftas o \u00falceras que no cicatrizan en un periodo m\u00e1ximo de tres semanas deben ser atendidas de inmediato\u201d.<\/p>\n<p>La Cl\u00ednica Orocentro de la Facultad de Odontolog\u00eda de la UAEM es la \u00fanica instancia de car\u00e1cter p\u00fablico de la entidad que ofrece servicios especializados en esta \u00e1rea, con infraestructura nueva y adecuada.<\/p>\n","protected":false},"excerpt":{"rendered":"<p>Durante su primer a\u00f1o de actividades, la Cl\u00ednica Orocentro de la Facultad de Odontolog\u00eda de la Universidad Aut\u00f3noma del Estado de M\u00e9xico, atendi\u00f3 a un promedio de 100 pacientes y diagnostic\u00f3 a 10 de ellos con patolog\u00edas malignas, quienes fueron canalizados con especialistas, sostuvo el catedr\u00e1tico e investigador universitario V\u00edctor Hugo Toral Rizo.<\/p>\n","protected":false},"author":3,"featured_media":420077,"comment_status":"open","ping_status":"open","sticky":false,"template":"","format":"standard","meta":{"_monsterinsights_skip_tracking":false,"_monsterinsights_sitenote_active":false,"_monsterinsights_sitenote_note":"","_monsterinsights_sitenote_category":0,"footnotes":""},"categories":[35155],"tags":[51320,43675,452,1491],"class_list":["post-420001","post","type-post","status-publish","format-standard","has-post-thumbnail","hentry","category-estado-de-mexico-estado-de-mexico","tag-actividades","tag-estado-de-mexico","tag-toluca","tag-uaem"],"_links":{"self":[{"href":"https:\/\/www.diarioimagen.net\/index.php?rest_route=\/wp\/v2\/posts\/420001","targetHints":{"allow":["GET"]}}],"collection":[{"href":"https:\/\/www.diarioimagen.net\/index.php?rest_route=\/wp\/v2\/posts"}],"about":[{"href":"https:\/\/www.diarioimagen.net\/index.php?rest_route=\/wp\/v2\/types\/post"}],"author":[{"embeddable":true,"href":"https:\/\/www.diarioimagen.net\/index.php?rest_route=\/wp\/v2\/users\/3"}],"replies":[{"embeddable":true,"href":"https:\/\/www.diarioimagen.net\/index.php?rest_route=%2Fwp%2Fv2%2Fcomments&post=420001"}],"version-history":[{"count":0,"href":"https:\/\/www.diarioimagen.net\/index.php?rest_route=\/wp\/v2\/posts\/420001\/revisions"}],"wp:featuredmedia":[{"embeddable":true,"href":"https:\/\/www.diarioimagen.net\/index.php?rest_route=\/wp\/v2\/media\/420077"}],"wp:attachment":[{"href":"https:\/\/www.diarioimagen.net\/index.php?rest_route=%2Fwp%2Fv2%2Fmedia&parent=420001"}],"wp:term":[{"taxonomy":"category","embeddable":true,"href":"https:\/\/www.diarioimagen.net\/index.php?rest_route=%2Fwp%2Fv2%2Fcategories&post=420001"},{"taxonomy":"post_tag","embeddable":true,"href":"https:\/\/www.diarioimagen.net\/index.php?rest_route=%2Fwp%2Fv2%2Ftags&post=420001"}],"curies":[{"name":"wp","href":"https:\/\/api.w.org\/{rel}","templated":true}]}}