{"id":420047,"date":"2019-03-20T00:10:32","date_gmt":"2019-03-20T06:10:32","guid":{"rendered":"https:\/\/www.diarioimagen.net\/?p=420047"},"modified":"2019-03-20T08:14:02","modified_gmt":"2019-03-20T14:14:02","slug":"el-krauzegate-pensamiento-elemental-primario-y-fallido","status":"publish","type":"post","link":"https:\/\/www.diarioimagen.net\/?p=420047","title":{"rendered":"El <em>Krauzegate<\/em>: pensamiento elemental, primario y fallido"},"content":{"rendered":"<h2>\u00cdndice pol\u00edtico<\/h2>\n<h5>Francisco Rodr\u00edguez<\/h5>\n<p>&nbsp;<\/p>\n<div id=\"attachment_420097\" style=\"width: 470px\" class=\"wp-caption aligncenter\"><a href=\"https:\/\/www.diarioimagen.net\/?attachment_id=420097\" rel=\"attachment wp-att-420097\"><img loading=\"lazy\" decoding=\"async\" aria-describedby=\"caption-attachment-420097\" class=\"size-large wp-image-420097\" src=\"https:\/\/www.diarioimagen.net\/wp-content\/uploads\/2019\/03\/jesusa-rodriguez-MARAL-460x355.jpg\" alt=\"\" width=\"460\" height=\"355\" srcset=\"https:\/\/www.diarioimagen.net\/wp-content\/uploads\/2019\/03\/jesusa-rodriguez-MARAL-460x355.jpg 460w, https:\/\/www.diarioimagen.net\/wp-content\/uploads\/2019\/03\/jesusa-rodriguez-MARAL-240x185.jpg 240w, https:\/\/www.diarioimagen.net\/wp-content\/uploads\/2019\/03\/jesusa-rodriguez-MARAL-768x593.jpg 768w, https:\/\/www.diarioimagen.net\/wp-content\/uploads\/2019\/03\/jesusa-rodriguez-MARAL.jpg 1200w\" sizes=\"auto, (max-width: 460px) 100vw, 460px\" \/><\/a><p id=\"caption-attachment-420097\" class=\"wp-caption-text\">Jesusa Rodr\u00edguez&#8230; | Maral<\/p><\/div>\n<p>&nbsp;<\/p>\n<p>Cuando\u00a0St\u00e9phane Hessel\u00a0 sac\u00f3 a la luz su ensayo\u00a0\u00a1Indignaos!\u00a0y propuso la insurrecci\u00f3n pac\u00edfica contra cualquier manifestaci\u00f3n del fascismo o del totalitarismo actuante y moderno, estructur\u00f3 un alegato contra la indiferencia, en favor de la independencia y el ejercicio planetario de los derechos civiles.<\/p>\n<p>El combatiente, formado en las filas de la Resistencia Francesa en la Segunda Guerra Mundial, record\u00f3 que durante ese per\u00edodo se cre\u00f3 la seguridad social, se nacionalizaron los bancos y las fuentes energ\u00e9ticas, se integr\u00f3 una prensa independiente y se abri\u00f3 una forma de ense\u00f1anza no discriminatoria ni tendenciosa.<\/p>\n<p>El libro tuvo un gran impacto entre los manifestantes democr\u00e1ticos de todas latitudes. Para su impresi\u00f3n en lengua espa\u00f1ola, encontr\u00f3 en el maestro humanista catal\u00e1n Jos\u00e9 Luis Sampedro, un escritor de primer nivel en la pen\u00ednsula ib\u00e9rica, la mejor pluma para redactar el Pr\u00f3logo de la obra emblem\u00e1tica del Siglo XXI.<\/p>\n<p>\u201cCada cultura ha tenido un referente, dec\u00eda Sampedro \u2014fallecido hace cinco a\u00f1os\u2014, los griegos, el hombre; la Edad Media a Dios. En la actualidad, el referente es el dinero&#8230; para haber una democracia tiene que haber dem\u00f3cratas, y para ser dem\u00f3crata hay que tener libre el pensamiento\u2026\u201d, expres\u00f3 el humanista.<\/p>\n<p>Sampedro sosten\u00eda que toda la educaci\u00f3n que nos dan va contra la libertad de pensamiento. Si no se tiene, la libertad de expresi\u00f3n no tiene ning\u00fan valor. Deber\u00edan educar a los hombres \u201cpara pensar por nuestra cuenta, razonar y arriesgarnos por nuestra cuenta y ser cada cual quien es&#8230; estamos educados para no tener independencia y ser sumisos y buenos borregos\u201d.<\/p>\n<p>El pueblo vota, sin libertad, influido por los medios de comunicaci\u00f3n que est\u00e1n todos en manos de los que mandan. Informan de lo que les conviene y de lo que no, no&#8230; \u201cCuando me invitan a venderme y vienen a comprarme, s\u00f3lo digo que no\u201d. Tan sencillo y tan dif\u00edcil y peligroso.<\/p>\n<p>Peor de peligroso es cuando los\u00a0inteletules por cuales\u00a0se alquilan para manipular la informaci\u00f3n, para crear las llamadas fake news, los memes degradatorios, cual en el reciente esc\u00e1ndalo que bien podr\u00eda llamarse\u00a0Krauzegate.<\/p>\n<p>Tan peligroso y demag\u00f3gico es el populismo de izquierda como el de derecha, que patrocinan los Coppel. Estamos atenazados, confinados, reducidos necesariamente y nuestra voluntad se canaliza, consciente o subliminalmente por lo que los medios dicen que les ordenan. A eso se ha confinado el ejercicio de las libertades. Quien opina sin tener libertad de pensamiento, no puede tener expresi\u00f3n v\u00e1lida.<\/p>\n<p>Esa lucidez de Hessel y Sampedro, cal\u00f3 hondo entre las j\u00f3venes generaciones formadas en el per\u00edodo que contempl\u00f3 la agresi\u00f3n estadounidense de las guerras preventivas contra los que llamaron\u00a0ejes del mal, la pavorosa crisis financiera\u00a0subprime\u00a0del 2008&#8230;&#8230; y las nefastas consecuencias del crecimiento exponencial del fascismo europeo, en respuesta a la fragilidad de los sistemas pol\u00edticos occidentales para responder al agotamiento de la econom\u00eda, al resurgimiento del despotismo, y la obligada cancelaci\u00f3n de las libertades civiles que trajo como consecuencia casi irreversible.<\/p>\n<p>Los sistemas pol\u00edticos se aferran a permanecer en base a estas coordenadas. Para ellos, la existencia de las desigualdades y la agudizaci\u00f3n de las m\u00edseras condiciones de vida, con su correspondiente enajenaci\u00f3n colectiva que busca eternizar el mando en unos cuantos, es el\u00a0sursum corda, la raz\u00f3n de ser de su hegemon\u00eda pol\u00edtica.<\/p>\n<p>La proclama desaforada e intolerablemente ignorante de Enrique Krauze, al anunciar que demandar\u00e1 a la diputada Tatiana Clouthier por haber develado su participaci\u00f3n, como coordinador de una de las varias campa\u00f1as negras lanzadas en contra del entonces candidato presidencial Andr\u00e9s Manuel L\u00f3pez Obrador, es ejemplo claro de la intolerancia que no debemos alentar.<\/p>\n<p>El viejo grito de la claudicaci\u00f3n mexicana, \u00bfpara qu\u00e9 gano, si puedo perder? \u2014que anim\u00f3 a los Coppel, Larrea,\u00a0et al\u00a0para sufragar la campa\u00f1a negra de Krauze\u2014, est\u00e1 en la base de la esclavitud del pensamiento, dirigida conscientemente a la desinformaci\u00f3n, la desintegraci\u00f3n y la falta de voluntad para crear cualquier cosa nueva, s\u00f3lo porque tiene capacidad de triunfo. El pensamiento elemental, primario y fallido de los\u00a0empresaurios\u00a0beneficiarios del neoliberalismo condenar\u00eda al fracaso anticipado de cualquier coalici\u00f3n electoral en el mundo.<\/p>\n<p>Krauze, por su parte, arenga a los derrotados del primer d\u00eda de julio, victimiz\u00e1ndose por fantasiosos ataques a su libertad de expresi\u00f3n que, por cierto, no es lo que est\u00e1 en la\u00a0litis.\u00a0Los silogismos del \u201chistoriador\u201d, elevado a ide\u00f3logo del empresariado antinacional se estrella contra cualquier examen superficial, no resiste una sola prueba, ni sem\u00e1ntica. Es tan falso como el ejercicio corrupto de los millonarios a quienes sirve. Es tan elemental como la tabla del uno que utilizaron para convertir al gobierno en una caja registradora de moches y comisiones.<\/p>\n<p>Hace un a\u00f1o la pandilla mexiquita y los empresarios con los que se complicitaron estaba francamente asustada ante la evoluci\u00f3n de los acontecimientos. Nadie cre\u00eda en las encuestas provocadoras que publicaban en el peri\u00f3dico del compadre de Pe\u00f1a Nieto, donde se insist\u00eda extra l\u00f3gicamente en demostrar que la demolici\u00f3n de los acuerdos y unidades alcanzadas por el PRD, PAN, MC, podr\u00edan resultar mejor si se les inoculaba e infiltraba una candidata con rebozo mordido, proveniente de los s\u00f3tanos de la quinta columna.<\/p>\n<p>Hace un a\u00f1o, cuando a trav\u00e9s del financiamiento a una cuarentena de candidatos \u201cindependientes\u201d, quer\u00edan conseguir su objetivo de pulverizaci\u00f3n del voto, distracci\u00f3n pol\u00edtica de los ciudadanos y declinaciones al gusto del PRI en el \u00faltimo momento que permit\u00eda la ley electoral. Su problema era que la gente ya no les cre\u00eda nada. Y ellos insist\u00edan en querer matar v\u00edbora el viernes.<\/p>\n<p>La furia del torrente monetario se enderez\u00f3 contra Andr\u00e9s Manuel L\u00f3pez Obrador y los candidatos de Morena. El problema fue que los que gritaban: \u201c\u00a1agarren al ladr\u00f3n!\u201d, deber\u00edan haber sido perseguidos primero.<\/p>\n<p>Las patadas de ahogado estaban a la orden, todos los d\u00edas. Cada centuri\u00f3n de los mexiquitas, Enrique Karuze entre esa tropa, ten\u00eda el encargo de dedicarse \u00fanica y exclusivamente a fastidiar, a destruir, mal informar, distraer, a robar, que pa\u2019 luego es tarde. Sab\u00edan que La Voladora no razona. Y andaba ya muy cerca de ellos.<\/p>\n<p>No sab\u00edan que el mexicano ya venci\u00f3 a la indiferencia. Que estaba y est\u00e1 justamente indignado contra las pezu\u00f1as neofascistas y totalitarias del r\u00e9gimen mexiquita, de sus mezquindades y hasta de su modito de andar. De sus Krauzes, de sus Alejandros Quintero.<\/p>\n<p>No saben la que les espera&#8230;<\/p>\n<p><strong><em>\u00cdndice Flam\u00edgero: <\/em><\/strong>\u201cEl escritor Enrique Krauze afirm\u00f3 ser v\u00edctima de la \u201cmaquinaria del Estado\u201d y de \u2018los medios afines al poder\u2019 al identificarlo como orquestador de la guerra sucia contra Andr\u00e9s Manuel L\u00f3pez Obrador, con vastos recursos de grandes empresarios, que otra vez neg\u00f3\u201d, se lee en la revista\u00a0Proceso.\u00a0De \u00e9l hubi\u00e9semos esperado virilidad, s\u00f3lo virilidad, \u00bfno cree usted? + + + Y de la autor\u00eda de\u00a0C\u00e9sar Octavio Huerta\u00a0y de\u00a0Jorge G\u00f3mez Naredo, leo en el portal Polem\u00f3n que \u201cEnrique Krauze\u00a0siempre se ha asumido como\u00a0un \u201cintelectual\u201d libre\u00a0que no tiene v\u00ednculos con los gobiernos en turno. Argumenta, cada que puede, que lo que \u00e9l dice es lo que piensa y que no hay en sus palabras ning\u00fan inter\u00e9s econ\u00f3mico, que\u00a0\u00e9l critica y fustiga porque as\u00ed se lo dicta su ideolog\u00eda liberal y \u201cdemocr\u00e1tica\u201d. Sin embargo,\u00a0esto no es del todo cierto. Hay algo que une a Krauze con el actual (el anterior) gobierno federal. Y ese algo se llama\u00a0negocios.\u00a0El historiador\u00a0Enrique Krauze\u00a0se ha convertido en un contratista consentido de\u00a0Enrique Pe\u00f1a Nieto. Desde que el pri\u00edsta lleg\u00f3 al poder, el director de\u00a0Letras Libres\u00a0ha sido beneficiado con 53 millones de pesos. La\u00a0Editorial Cl\u00edo Libros y Videos S.A. de C.V, de la cual Krauze funge como director y due\u00f1o, ha signado m\u00faltiples contratos, la mayor\u00eda mediante adjudicaci\u00f3n directa, con dependencias del gobierno federal. Y no s\u00f3lo \u00e1reas relacionadas con el \u00e1mbito cultural. Cl\u00edo puede presumir el haber entablado negocios con dependencias como la\u00a0Procuradur\u00eda General de la Rep\u00fablica, la Secretar\u00eda de la Defensa Nacional, la Secretar\u00eda de Educaci\u00f3n P\u00fablica, el Instituto Mexicano del Seguro Social, la Secretar\u00eda de Desarrollo Social y hasta con la\u00a0Comisi\u00f3n Nacional Forestal.\u201d,\u00a0este art\u00edculo fue publicado originalmente el 3 de octubre de 2017, as\u00ed que faltan por contabilizar los recursos que, seguramente, Krauze y sus empresas habr\u00edan recibido en 2018. \u00bfEl \u201cpago de marcha\u201d incluido?<\/p>\n<p><em><u><a href=\"http:\/\/www.indicepolitico.com\" target=\"_blank\" rel=\"noopener noreferrer\">www.indicepolitico.com<\/a><br \/>\n<a href=\"mailto:pacorodriguez@journalist.com\" target=\"_blank\" rel=\"noopener noreferrer\">pacorodriguez@journalist.com<\/a><br \/>\n<a href=\"https:\/\/twitter.com\/pacorodriguez\" target=\"_blank\" rel=\"noopener noreferrer\">@pacorodriguez<\/a><\/u><\/em><\/p>\n","protected":false},"excerpt":{"rendered":"<p><span style=\"color: #005497;\"><strong>Francisco Rodr\u00edguez<\/strong><\/span><br \/>\n<br \/>\nCuando\u00a0St\u00e9phane Hessel\u00a0 sac\u00f3 a la luz su ensayo\u00a0\u00a1Indignaos!\u00a0y propuso la insurrecci\u00f3n pac\u00edfica contra cualquier manifestaci\u00f3n del fascismo o del totalitarismo actuante y moderno, estructur\u00f3 un alegato contra la indiferencia, en favor de la independencia y el ejercicio planetario de los derechos civiles.<\/p>\n","protected":false},"author":3,"featured_media":420097,"comment_status":"open","ping_status":"open","sticky":false,"template":"","format":"standard","meta":{"_monsterinsights_skip_tracking":false,"_monsterinsights_sitenote_active":false,"_monsterinsights_sitenote_note":"","_monsterinsights_sitenote_category":0,"footnotes":""},"categories":[549],"tags":[43689,550,43674],"class_list":["post-420047","post","type-post","status-publish","format-standard","has-post-thumbnail","hentry","category-francisco-rodriguez","tag-francisco-rodriguez","tag-indice-politico","tag-opinion"],"_links":{"self":[{"href":"https:\/\/www.diarioimagen.net\/index.php?rest_route=\/wp\/v2\/posts\/420047","targetHints":{"allow":["GET"]}}],"collection":[{"href":"https:\/\/www.diarioimagen.net\/index.php?rest_route=\/wp\/v2\/posts"}],"about":[{"href":"https:\/\/www.diarioimagen.net\/index.php?rest_route=\/wp\/v2\/types\/post"}],"author":[{"embeddable":true,"href":"https:\/\/www.diarioimagen.net\/index.php?rest_route=\/wp\/v2\/users\/3"}],"replies":[{"embeddable":true,"href":"https:\/\/www.diarioimagen.net\/index.php?rest_route=%2Fwp%2Fv2%2Fcomments&post=420047"}],"version-history":[{"count":0,"href":"https:\/\/www.diarioimagen.net\/index.php?rest_route=\/wp\/v2\/posts\/420047\/revisions"}],"wp:featuredmedia":[{"embeddable":true,"href":"https:\/\/www.diarioimagen.net\/index.php?rest_route=\/wp\/v2\/media\/420097"}],"wp:attachment":[{"href":"https:\/\/www.diarioimagen.net\/index.php?rest_route=%2Fwp%2Fv2%2Fmedia&parent=420047"}],"wp:term":[{"taxonomy":"category","embeddable":true,"href":"https:\/\/www.diarioimagen.net\/index.php?rest_route=%2Fwp%2Fv2%2Fcategories&post=420047"},{"taxonomy":"post_tag","embeddable":true,"href":"https:\/\/www.diarioimagen.net\/index.php?rest_route=%2Fwp%2Fv2%2Ftags&post=420047"}],"curies":[{"name":"wp","href":"https:\/\/api.w.org\/{rel}","templated":true}]}}