{"id":420049,"date":"2019-03-20T00:11:37","date_gmt":"2019-03-20T06:11:37","guid":{"rendered":"https:\/\/www.diarioimagen.net\/?p=420049"},"modified":"2019-03-20T08:12:10","modified_gmt":"2019-03-20T14:12:10","slug":"revocacion-se-sometera-a-voces-de-la-sociedad","status":"publish","type":"post","link":"https:\/\/www.diarioimagen.net\/?p=420049","title":{"rendered":"Revocaci\u00f3n, se someter\u00e1 a voces de la sociedad"},"content":{"rendered":"<h2>Tras la puerta del poder<\/h2>\n<h5>Roberto Vizca\u00edno<\/h5>\n<p>&nbsp;<\/p>\n<div id=\"attachment_420094\" style=\"width: 470px\" class=\"wp-caption aligncenter\"><a href=\"https:\/\/www.diarioimagen.net\/?attachment_id=420094\" rel=\"attachment wp-att-420094\"><img loading=\"lazy\" decoding=\"async\" aria-describedby=\"caption-attachment-420094\" class=\"size-large wp-image-420094\" src=\"https:\/\/www.diarioimagen.net\/wp-content\/uploads\/2019\/03\/checando-la-gravedad-LUIS-XAVIER-460x360.jpg\" alt=\"\" width=\"460\" height=\"360\" srcset=\"https:\/\/www.diarioimagen.net\/wp-content\/uploads\/2019\/03\/checando-la-gravedad-LUIS-XAVIER-460x360.jpg 460w, https:\/\/www.diarioimagen.net\/wp-content\/uploads\/2019\/03\/checando-la-gravedad-LUIS-XAVIER-240x188.jpg 240w, https:\/\/www.diarioimagen.net\/wp-content\/uploads\/2019\/03\/checando-la-gravedad-LUIS-XAVIER-768x601.jpg 768w, https:\/\/www.diarioimagen.net\/wp-content\/uploads\/2019\/03\/checando-la-gravedad-LUIS-XAVIER.jpg 1200w\" sizes=\"auto, (max-width: 460px) 100vw, 460px\" \/><\/a><p id=\"caption-attachment-420094\" class=\"wp-caption-text\">Checando la gravedad&#8230; | Luis Xavier<\/p><\/div>\n<p>&nbsp;<\/p>\n<p>Consciente de que la oposici\u00f3n de PAN, PRI, MC y PRD en el Senado no aprobar\u00e1 la minuta de la revocaci\u00f3n de mandato como lleg\u00f3 de la C\u00e1mara de Diputados porque considera que encubre una intenci\u00f3n de reelecci\u00f3n, <strong>Ricardo Monreal <\/strong>la someter\u00e1 a un proceso de Parlamento Abierto, es decir, a la revisi\u00f3n y debate de sectores de la sociedad.<\/p>\n<p>Pero aclar\u00f3 que no ser\u00e1 un proceso largo.<\/p>\n<p>\u201cNosotros hemos decidido respaldar como est\u00e1\u2026 vamos a escuchar opiniones en las comisiones entre hoy, ma\u00f1ana y pasado, esta semana\u2026 no va a pasar de inmediato al pleno, para escuchar a la sociedad, y la pr\u00f3xima semana estar\u00edamos dictamin\u00e1ndola entre martes y jueves\u201d, indic\u00f3.<\/p>\n<p><strong>Monreal<\/strong> sabe que en este proceso, como en lo de la Guardia Nacional y la designaci\u00f3n de la ministra de la Suprema Corte, requiere de votos de la oposici\u00f3n para alcanzar las necesarias 2 terceras partes que requiere una reforma constitucional. Por eso aclara:<\/p>\n<p>\u201cSi no logra la mayor\u00eda calificada, es responsabilidad de cada uno de los senadores y senadoras\u2026 El Grupo de Morena va a votar a favor\u2026 Es una oportunidad hist\u00f3rica, no vamos a desperdiciarla\u2026 hay que intentar el convencimiento, el acuerdo y el consenso, lograr los votos que nos hacen falta para obtener la mayor\u00eda calificada.<\/p>\n<p>Esa es mi posici\u00f3n\u201d, indic\u00f3.<\/p>\n<p>Detr\u00e1s de este proceso ha crecido un debate que ya involucra a importantes sectores como el empresarial, acad\u00e9mico, pol\u00edtico sin duda, de organizaciones sociales y hasta internacionales que consideran que detr\u00e1s de la reforma constitucional de revocaci\u00f3n de mandato se encubre un intento para abrirle la puerta a la reelecci\u00f3n presidencial.<\/p>\n<p>A ellos el presidente de la Junta de Coordinaci\u00f3n Pol\u00edtica del Senado les dice:<\/p>\n<p>\u201c\u2026 lo de hoy me parece que deja a salvo las voces contrarias o que intentaban mezclar y confundir la revocaci\u00f3n de mandato con la reelecci\u00f3n\u2026 la carta del Presidente (donde renuncia expl\u00edcitamente a intentar la reelecci\u00f3n) no deja lugar a dudas\u2026 no tiene por qu\u00e9 no incluirlo en la Constituci\u00f3n\u2026 la revocaci\u00f3n existe en muchos otros pa\u00edses\u2026 no tendr\u00eda por qu\u00e9 no plasmarse en la Constituci\u00f3n.<\/p>\n<p>\u201cAclarado que no se reelegir\u00e1, que concluir\u00e1 su mandato el d\u00eda que establece la Constituci\u00f3n no habr\u00eda raz\u00f3n para oponerse\u2026 todos los partidos han planteado la revocaci\u00f3n de mandato\u2026 si un gobernante no funciona debe de irse\u2026 si el Presidente de la Rep\u00fablica no cumple lo prometido, la mayor\u00eda de la poblaci\u00f3n no respaldar\u00e1 su continuidad despu\u00e9s de los tres a\u00f1os.<\/p>\n<p>\u201cDeber\u00edan estar todos de acuerdo incluidos los adversarios a votar el d\u00eda de la elecci\u00f3n\u2026 para que concluyera antes de terminar el mandato\u2026 la revocaci\u00f3n es una instituci\u00f3n democr\u00e1tica, relevante, innovadora que existe en todos los pa\u00edses democr\u00e1ticos\u2026 M\u00e9xico no tendr\u00eda por qu\u00e9 no tenerla\u2026 vamos a plantear que se permita la discusi\u00f3n amplia para que se vote en la semana pr\u00f3xima\u00b7, insisti\u00f3<\/p>\n<p>El zacatecano record\u00f3 que apenas quedan 12 sesiones antes del fin del per\u00edodo y que existen otros asuntos por discutir y aprobar.<\/p>\n<p>Ante la interrogante de si en Morena tienen la voluntad pol\u00edtica para modificar la minuta enviada de la C\u00e1mara de Diputados, dijo que eso se ver\u00e1 y decidir\u00e1 en el trabajo de las comisiones.<\/p>\n<p style=\"text-align: center;\"><strong>Vacuna contra la reelecci\u00f3n<\/strong><\/p>\n<p>En este contexto la bancada del PRI con el presumible apoyo de las otras de la oposici\u00f3n (de PAN, MC y PRD) present\u00f3 ayer una iniciativa para establecer en la Constituci\u00f3n que los principios b\u00e1sicos de la Carta Magna no podr\u00e1n ser sometidos a consulta popular<\/p>\n<p>Esta iniciativa va directamente vinculada a la que pretende establecer la revocaci\u00f3n de mandato y que afirman, encubre un intento de reelecci\u00f3n presidencial.<\/p>\n<p>Con modificaciones al art\u00edculo 35 de la Carta Magna se evitar\u00e1 ese riesgo, afirmaron los senadores del PRI liderados por <strong>Miguel \u00c1ngel Osorio Chong.<\/strong><\/p>\n<p>La reforma planteada dir\u00eda:<\/p>\n<p>\u201cNo podr\u00e1n ser objeto de consulta popular la restricci\u00f3n de los derechos humanos reconocidos por esta Constituci\u00f3n; los principios consagrados en el art\u00edculo 40; los plazos establecidos en el art\u00edculo 83; la materia electoral; los ingresos y gastos del Estado; la seguridad nacional y la organizaci\u00f3n, funcionamiento y disciplina de la Fuerza Armada permanente. La Suprema Corte de Justicia de la Naci\u00f3n resolver\u00e1, previo a la convocatoria que realice el Congreso de la Uni\u00f3n, sobre la constitucionalidad de la materia de la consulta\u201d.<\/p>\n<p>La propuesta fue turnada para estudio y dictamen a las comisiones unidas de Puntos Constitucionales, y de Estudios Legislativos, Segunda.<\/p>\n<p style=\"text-align: center;\"><strong>Morena, fracturada en Puebla<\/strong><\/p>\n<p>C\u00f3mo estaba cantado, el senador <strong>Alejandro Armenta<\/strong> no acept\u00f3 la decisi\u00f3n del grupo de <strong>Yeidckol Polevnsky<\/strong> de darle de nuevo la candidatura a la gubernatura de Puebla a <strong>Miguel Barbosa<\/strong> y anunci\u00f3 que interpondr\u00e1 un recurso ante la Comisi\u00f3n de Honor y Justicia de este partido.<\/p>\n<p>Explic\u00f3 que la metodolog\u00eda del sondeo preve\u00eda que se deb\u00edan cumplir cuatro indicadores: conocimiento, cercan\u00eda, opini\u00f3n positiva y buen candidato.<\/p>\n<p>En estos elementos no se incluy\u00f3 un quinto aplicado en un sondeo anterior realizado en la Ciudad de M\u00e9xico, que era el del nivel de competitividad.<\/p>\n<p>De cualquier forma, indic\u00f3, \u00e9l logr\u00f3 superar a <strong>Barbosa <\/strong>en los rubros cercan\u00eda (con los votantes), opini\u00f3n positiva y buen candidato.<\/p>\n<p>Y Barbosa aparentemente gan\u00f3 el de \u201cm\u00e1s conocido\u201d, lo cual <strong>Armenta<\/strong> considera inexacto porque otros sondeos realizados a encargo suyo, lo colocaban por sobre su contendiente interno.<\/p>\n<p>Al final de 4 elementos que deb\u00edan cumplir los candidatos dentro de la encuesta que decidir\u00eda la candidatura, 3 fueron a favor de <strong>Armenta<\/strong> y s\u00f3lo 1 para <strong>Barbosa.<\/strong><\/p>\n<p>Y la dirigente y su grupo decidieron que con ese 1 era suficiente para darle la candidatura a <strong>Barbosa <\/strong>por sobre <strong>Armenta.<\/strong><\/p>\n<p>\u201cHubo parcialidad, subjetividad, no hubo transparencia ni certeza\u201d, concluy\u00f3.<\/p>\n<p>A pesar de que<strong> Armenta<\/strong> afirma que no va a hacerle da\u00f1o a Morena, es evidente que hoy este partido va fracturado a la elecci\u00f3n extraordinaria del 2 de junio en Puebla lo que, sumado a las malquerencias con que carga Barbosa en la sociedad y otras fuerzas, podr\u00eda quiz\u00e1 significarle un tropiezo de consecuencias insospechadas.<\/p>\n<p style=\"text-align: center;\"><strong>Va el candado a contrataciones de IP <\/strong><\/p>\n<p>Finalmente le toc\u00f3 al senador del PT, <strong>Miguel \u00c1ngel Lucero Olivas<\/strong>, presentar la iniciativa para impedir que nadie surgido del sector p\u00fablico pueda pasar de inmediato a ninguna empresa de la iniciativa privada.<\/p>\n<p>El candado incluye a \u201ctoda servidora o servidor p\u00fablico, una vez terminada su relaci\u00f3n laboral con el Gobierno Federal, estatal o municipal\u201d.<\/p>\n<p>La iniciativa prev\u00e9 que la reforma a Ley General de Responsabilidades Administrativas, permita a la Secretar\u00eda de la Funci\u00f3n P\u00fablica dictaminar, a trav\u00e9s de un consejo especializado, los casos en los que se dar\u00eda permiso a los desempleados del gobierno para ser contratados por el sector privado.<\/p>\n<p>Se prende as\u00ed que nadie que trabaje en el sector p\u00fablico pueda utilizar de manera discrecional, y para su beneficio, la informaci\u00f3n a la cual tuvo acceso durante su funci\u00f3n en el sector p\u00fablico.<\/p>\n<p>Hacerlo ser\u00eda considerado un acto de corrupci\u00f3n.<\/p>\n<p>\u201cEn M\u00e9xico, el cambio del trabajo p\u00fablico al privado se ha vuelto una pr\u00e1ctica inmoral y carente de \u00e9tica entre muchos ex servidores p\u00fablicos de alto nivel, \u201cal grado de normalizar un conflicto de intereses\u201d, se\u00f1ala la iniciativa.<\/p>\n<p style=\"text-align: center;\"><strong>Para amarrar lo anterior<\/strong><\/p>\n<p>En otra iniciativa, \u00e9sta presentada por el senador <strong>Ricardo Vel\u00e1zquez Meza<\/strong>, la fracci\u00f3n de Morena encabezada por el zacatecano <strong>Ricardo Monreal,<\/strong> se buscar\u00e1 impulsar las denuncias de empleados y funcionarios del gobierno en contra de actos de corrupci\u00f3n al interior de las instituciones o dependencias en las que laboren.<\/p>\n<p><strong>Monreal,<\/strong> autor de la iniciativa de reforma, explic\u00f3 que el objetivo es que los funcionarios puedan ser denunciados, independientemente de la dependencia involucrada, y que los hechos puedan informarse a la autoridad competente.<\/p>\n<p>Hoy la ley tiene limitantes que imposibilitan las denuncias sobre estas faltas, aun cuando se tengan los elementos probatorios suficientes que la acrediten.<\/p>\n<p>Esas restricciones, se dice en la iniciativa, no abonan al modelo de combate a las malas pr\u00e1cticas en la administraci\u00f3n p\u00fablica, ni a los resultados proyectados con la inclusi\u00f3n del Sistema Nacional Anticorrupci\u00f3n.<\/p>\n<p><em><a href=\"http:\/\/endirecto.mx\" target=\"_blank\" rel=\"noopener noreferrer\">www.endirecto.mx<\/a><\/em><br \/>\n<em><a href=\"https:\/\/twitter.com\/_rvizcaino\" target=\"_blank\" rel=\"noopener noreferrer\">@_RVizcaino<\/a><\/em><br \/>\n<a href=\"https:\/\/www.facebook.com\/rvizcainoa\" target=\"_blank\" rel=\"noopener noreferrer\">f<em>acebook.com\/rvizcainoa<\/em><\/a><\/p>\n","protected":false},"excerpt":{"rendered":"<p><span style=\"color: #005497;\"><strong>Roberto Vizca\u00edno<\/strong><\/span><br \/>\n<br \/>\nConsciente de que la oposici\u00f3n de PAN, PRI, MC y PRD en el Senado no aprobar\u00e1 la minuta de la revocaci\u00f3n de mandato como lleg\u00f3 de la C\u00e1mara de Diputados porque considera que encubre una intenci\u00f3n de reelecci\u00f3n, <strong>Ricardo Monreal <\/strong>la someter\u00e1 a un proceso de Parlamento Abierto, es decir, a la revisi\u00f3n y debate de sectores de la sociedad.<\/p>\n","protected":false},"author":3,"featured_media":420094,"comment_status":"open","ping_status":"open","sticky":false,"template":"","format":"standard","meta":{"_monsterinsights_skip_tracking":false,"_monsterinsights_sitenote_active":false,"_monsterinsights_sitenote_note":"","_monsterinsights_sitenote_category":0,"footnotes":""},"categories":[136],"tags":[43674,93,94],"class_list":["post-420049","post","type-post","status-publish","format-standard","has-post-thumbnail","hentry","category-roberto-vizcaino-opinion","tag-opinion","tag-roberto-vizcaino","tag-tras-la-puerta-del-poder"],"_links":{"self":[{"href":"https:\/\/www.diarioimagen.net\/index.php?rest_route=\/wp\/v2\/posts\/420049","targetHints":{"allow":["GET"]}}],"collection":[{"href":"https:\/\/www.diarioimagen.net\/index.php?rest_route=\/wp\/v2\/posts"}],"about":[{"href":"https:\/\/www.diarioimagen.net\/index.php?rest_route=\/wp\/v2\/types\/post"}],"author":[{"embeddable":true,"href":"https:\/\/www.diarioimagen.net\/index.php?rest_route=\/wp\/v2\/users\/3"}],"replies":[{"embeddable":true,"href":"https:\/\/www.diarioimagen.net\/index.php?rest_route=%2Fwp%2Fv2%2Fcomments&post=420049"}],"version-history":[{"count":0,"href":"https:\/\/www.diarioimagen.net\/index.php?rest_route=\/wp\/v2\/posts\/420049\/revisions"}],"wp:featuredmedia":[{"embeddable":true,"href":"https:\/\/www.diarioimagen.net\/index.php?rest_route=\/wp\/v2\/media\/420094"}],"wp:attachment":[{"href":"https:\/\/www.diarioimagen.net\/index.php?rest_route=%2Fwp%2Fv2%2Fmedia&parent=420049"}],"wp:term":[{"taxonomy":"category","embeddable":true,"href":"https:\/\/www.diarioimagen.net\/index.php?rest_route=%2Fwp%2Fv2%2Fcategories&post=420049"},{"taxonomy":"post_tag","embeddable":true,"href":"https:\/\/www.diarioimagen.net\/index.php?rest_route=%2Fwp%2Fv2%2Ftags&post=420049"}],"curies":[{"name":"wp","href":"https:\/\/api.w.org\/{rel}","templated":true}]}}