{"id":420222,"date":"2019-03-21T00:11:15","date_gmt":"2019-03-21T06:11:15","guid":{"rendered":"https:\/\/www.diarioimagen.net\/?p=420222"},"modified":"2019-03-21T04:56:04","modified_gmt":"2019-03-21T10:56:04","slug":"desaparece-el-pes-y-ya-registraron-al-pes","status":"publish","type":"post","link":"https:\/\/www.diarioimagen.net\/?p=420222","title":{"rendered":"Desaparece el PES y ya registraron al PES"},"content":{"rendered":"<h2>Tras la puerta del poder<\/h2>\n<h5>Roberto Vizca\u00edno<\/h5>\n<p>&nbsp;<\/p>\n<div id=\"attachment_420272\" style=\"width: 470px\" class=\"wp-caption aligncenter\"><a href=\"https:\/\/www.diarioimagen.net\/?attachment_id=420272\" rel=\"attachment wp-att-420272\"><img loading=\"lazy\" decoding=\"async\" aria-describedby=\"caption-attachment-420272\" class=\"size-large wp-image-420272\" src=\"https:\/\/www.diarioimagen.net\/wp-content\/uploads\/2019\/03\/se-les-acabo-el-negocio-LUIS-XAVIER-460x358.jpg\" alt=\"\" width=\"460\" height=\"358\" srcset=\"https:\/\/www.diarioimagen.net\/wp-content\/uploads\/2019\/03\/se-les-acabo-el-negocio-LUIS-XAVIER-460x358.jpg 460w, https:\/\/www.diarioimagen.net\/wp-content\/uploads\/2019\/03\/se-les-acabo-el-negocio-LUIS-XAVIER-240x187.jpg 240w, https:\/\/www.diarioimagen.net\/wp-content\/uploads\/2019\/03\/se-les-acabo-el-negocio-LUIS-XAVIER-768x597.jpg 768w, https:\/\/www.diarioimagen.net\/wp-content\/uploads\/2019\/03\/se-les-acabo-el-negocio-LUIS-XAVIER.jpg 1200w\" sizes=\"auto, (max-width: 460px) 100vw, 460px\" \/><\/a><p id=\"caption-attachment-420272\" class=\"wp-caption-text\">Se les acab\u00f3 el negocio&#8230; | Luis Xavier<\/p><\/div>\n<p>&nbsp;<\/p>\n<p>Con la experiencia de haber logrado ya el registro de un partido pol\u00edtico, <strong>Hugo Eric Flores<\/strong> \u2013como <strong>Elba Esther Gordillo-<\/strong>, no llor\u00f3 ni sufri\u00f3 ayer cuando el Tribunal Electoral del Poder Judicial de la Federaci\u00f3n le cancel\u00f3 definitivamente el registro del <strong>Partido Encuentro Social,<\/strong> porque ya tiene avanzado el registro de un nuevo partido: el <strong>Partido Encuentro Solidario<\/strong>.<\/p>\n<p>Doctor en Derecho, <strong>Flores<\/strong> pele\u00f3 hasta el final por mantener el registro del PES, pero sabedor de las sorpresas que da la vida, desde el a\u00f1o pasado ech\u00f3 a andar su Plan \u201cB\u201d: presentar una solicitud para un nuevo partido, lo que le fue concedido por el INE hacia fines de febrero pasado.<\/p>\n<p>Ayer el Tribunal Electoral por unanimidad decidi\u00f3 que el PES no hab\u00eda alcanzado el 1 de julio anterior el 3% de la votaci\u00f3n v\u00e1lida para poder sobrevivir.<\/p>\n<p>Los magistrados indicaron que en las 3 elecciones federales ocurridas ese d\u00eda la m\u00e1xima votaci\u00f3n del PES fue de 2.7% en la elecci\u00f3n presidencial; de 2.5% en la de diputados y de 2.4 % en la de senadores.<\/p>\n<p>De nada le vali\u00f3 a <strong>Flores<\/strong> alegar que el PES bajo su direcci\u00f3n hab\u00eda obtenido 56 diputados federales es decir el 11% de esa C\u00e1mara y 8 senadur\u00edas, un 6.25% de la otra.<\/p>\n<p><strong>Janine Madeline Ot\u00e1lora,<\/strong> quien hasta hace poco era presidenta de ese tribunal, le indic\u00f3 que sus n\u00fameros eran enga\u00f1osos.<\/p>\n<p>Y que, los resultados de 2018, indicaban claramente que el PES tuvo un n\u00famero de representantes populares \u201cmuy superior a su real fuerza electoral\u201d.<\/p>\n<p>Eso significa, le dijeron los magistrados, que el PES obtuvo votos gracias al gran arrastre de <strong>Andr\u00e9s Manuel L\u00f3pez Obrador <\/strong>lo que significa que \u201csi al PES se le quitase el manto protector de la coalici\u00f3n, no tendr\u00eda votaci\u00f3n\u201d.<\/p>\n<p>\u00a1Orale!<\/p>\n<p>Las victorias, dijo la magistrada, de los candidatos del PES, \u201cse debieron esencialmente a la votaci\u00f3n recibida por Morena\u201d.<\/p>\n<p>Y agreg\u00f3: en los 210 distritos electorales federales en los que ganaron las candidaturas postuladas por la Coalici\u00f3n, el partido que obtuvo la gran mayor\u00eda de votos y por tanto logr\u00f3 la victoria de la candidatura postulada de forma conjunta fue Morena.\u00a0 \u201cDe ah\u00ed que es evidente que el PES <strong>no cuenta con el respaldo ciudadano requerido por la Constituci\u00f3n para mantener su registro como partido\u201d. <\/strong><\/p>\n<p>Y por eso decretaron la desaparici\u00f3n del PES.<\/p>\n<p>Flores se encogi\u00f3 de hombros y se fue a comer un filete con vino tinto, para celebrar que ya tiene avanzado el registro de su nuevo partido, el de Encuentro Solidario.<\/p>\n<p>En ese mismo caso est\u00e1 <strong>Elba Esther Gordillo,<\/strong> quien, a trav\u00e9s del esposo de su hija Maricruz Montelongo, el ex subsecretario de Educaci\u00f3n <strong>Fernando Gonz\u00e1lez,<\/strong> y de su nieto, <strong>Ren\u00e9 Fujiwara,<\/strong> ya tienen avanzado el registro del Partido Redes Sociales Progresistas, con el que sustituir\u00e1 la p\u00e9rdida del Partido Nueva Alianza que fue creado por ella a inicios de este siglo.<\/p>\n<p>Ambos \u2013<strong>Elba Esther <\/strong>y <strong>Hugo Eric Flores<\/strong>&#8211; ya lo hicieron una vez y conf\u00edan volver a lograrlo.<\/p>\n<p>De entrada los dos registros ya fueron autorizados por el INE a fines de febrero pasado junto a otras 86 asociaciones pol\u00edticas m\u00e1s que intentar\u00e1n convertirse en partidos en los siguientes meses.<\/p>\n<p>El INE ya anunci\u00f3 que entregar\u00e1 2.1 millones de pesos a estas organizaciones que logren su registro. Es decir\u2026<\/p>\n<p style=\"text-align: center;\"><strong>M\u00e9xico sigue a la baja<\/strong><\/p>\n<p>Y ayer <strong>Fitch Rating<\/strong> lo volvi\u00f3 a hacer. Ahora redujo la expectativa de crecimiento econ\u00f3mico para M\u00e9xico en lo que resta de 2019, de 2.1% a 1.5% del Producto Interno Bruto.<\/p>\n<p>Con ello se suma a las prospectivas de otras calificadoras e instituciones que prev\u00e9n una menor expansi\u00f3n de la econom\u00eda mexicana.<\/p>\n<p>La calificadora explic\u00f3 que uno de los factores tomados en cuenta para sustentar su decisi\u00f3n, fue la desaceleraci\u00f3n de la actividad econ\u00f3mica registrada en el cuarto trimestre de 2018.<\/p>\n<p>\u00abLa econom\u00eda de M\u00e9xico se desaceler\u00f3 dr\u00e1sticamente en el 4T18 (cuarto trimestre) y la debilidad de los datos se mantuvo en 2019, lo que nos lleva a reducir nuestro pron\u00f3stico de crecimiento\u00bb, indic\u00f3 Fitch.<\/p>\n<p>Esta desaceleraci\u00f3n, dijo, refleja factores transitorios, como el impacto de la escasez de combustible y las huelgas en maquiladoras de Matamoros, y las tendencias m\u00e1s persistentes por el lado de la oferta y de la demanda que mantienen el crecimiento por debajo de su potencial.<\/p>\n<p>Respecto de la ca\u00edda sostenida de la producci\u00f3n de petr\u00f3leo, que Fitch prev\u00e9, continuar\u00e1 durante los pr\u00f3ximos dos o tres a\u00f1os y es la principal debilidad por el lado de la oferta.<\/p>\n<p>Bank of America y Merrill Lynch han recortado tambi\u00e9n sus pron\u00f3sticos.<\/p>\n<p style=\"text-align: center;\"><strong>Sitiados<\/strong><\/p>\n<p>Pese a integrar en las filas de la bancada de Morena a unos 40 diputados surgidos de la CNTE, el coordinador de Morena en San L\u00e1zaro y presidente de la Junta de Coordinaci\u00f3n Pol\u00edtica, <strong>Mario Delgado<\/strong>, tuvo que hacer ayer el oso de sentarse a negociar la liberaci\u00f3n de la C\u00e1mara de Diputados cuyas entradas y salidas fueron clausuradas por maestros de la Coordinadora.<\/p>\n<p>Delgado afirm\u00f3 entre sonrisas que tuvo un di\u00e1logo fluido con los l\u00edderes de las secciones de la CNTE que se quejan de que la iniciativa de la nueva reforma educativa retoma la mayor\u00eda de los articulados de la reforma de Enrique Pe\u00f1a Nieto que jur\u00f3 AMLO ser\u00eda abolida.<\/p>\n<p>En los hechos Delgado se comprometi\u00f3 con los dirigentes de la CNTE a entregarles el proyecto de reforma para que ellos la revisen y la aprueben o se someta a nuevos cambios.<\/p>\n<p>Delgado afirm\u00f3 que las manifestaciones y el cierre de puertas del Congreso por parte de la CNTE son acciones leg\u00edtimas.<\/p>\n<p style=\"text-align: center;\"><strong>Designaci\u00f3n en masa<\/strong><\/p>\n<p>Marcelo Ebrard, secretario de Relaciones Exteriores, envi\u00f3 al Senado 21 nuevos nombramientos de embajadores y c\u00f3nsules para las sedes diplom\u00e1ticas del continente y el caribe.<\/p>\n<p>Con esta lista se pretende suplir a quienes fueron cesados hacia inicio de la presente administraci\u00f3n encabezada por el presidente <strong>Andr\u00e9s Manuel L\u00f3pez Obrador.<\/strong><\/p>\n<p>Los nuevos nombramientos responden a una instrucci\u00f3n del L\u00f3pez Obrador, que se enfoca en el fortalecimiento de las relaciones bilaterales y regionales en todos los \u00e1mbitos.<\/p>\n<p><strong>La lista la encabeza Ricardo Valero Recio Becerra<\/strong> quien va como embajador de M\u00e9xico en Argentina. Le sigue Mar\u00eda Teresa Mercado P\u00e9rez quien ser\u00e1 la embajadora de M\u00e9xico en <strong>Bolivia.<\/strong><\/p>\n<p><em><a href=\"http:\/\/endirecto.mx\" target=\"_blank\" rel=\"noopener noreferrer\">www.endirecto.mx<\/a><\/em><br \/>\n<em><a href=\"https:\/\/twitter.com\/_rvizcaino\" target=\"_blank\" rel=\"noopener noreferrer\">@_RVizcaino<\/a><\/em><br \/>\n<a href=\"https:\/\/www.facebook.com\/rvizcainoa\" target=\"_blank\" rel=\"noopener noreferrer\">f<em>acebook.com\/rvizcainoa<\/em><\/a><\/p>\n","protected":false},"excerpt":{"rendered":"<p><span style=\"color: #005497;\"><strong>Roberto Vizca\u00edno<\/strong><\/span><br \/>\n<br \/>\nCon la experiencia de haber logrado ya el registro de un partido pol\u00edtico, Hugo Eric Flores \u2013como Elba Esther Gordillo-, no llor\u00f3 ni sufri\u00f3 ayer cuando el Tribunal Electoral del Poder Judicial de la Federaci\u00f3n le cancel\u00f3 definitivamente el registro del Partido Encuentro Social, porque ya tiene avanzado el registro de un nuevo partido: el Partido Encuentro Solidario.<\/p>\n","protected":false},"author":3,"featured_media":420272,"comment_status":"open","ping_status":"open","sticky":false,"template":"","format":"standard","meta":{"_monsterinsights_skip_tracking":false,"_monsterinsights_sitenote_active":false,"_monsterinsights_sitenote_note":"","_monsterinsights_sitenote_category":0,"footnotes":""},"categories":[136],"tags":[43674,93,94],"class_list":["post-420222","post","type-post","status-publish","format-standard","has-post-thumbnail","hentry","category-roberto-vizcaino-opinion","tag-opinion","tag-roberto-vizcaino","tag-tras-la-puerta-del-poder"],"_links":{"self":[{"href":"https:\/\/www.diarioimagen.net\/index.php?rest_route=\/wp\/v2\/posts\/420222","targetHints":{"allow":["GET"]}}],"collection":[{"href":"https:\/\/www.diarioimagen.net\/index.php?rest_route=\/wp\/v2\/posts"}],"about":[{"href":"https:\/\/www.diarioimagen.net\/index.php?rest_route=\/wp\/v2\/types\/post"}],"author":[{"embeddable":true,"href":"https:\/\/www.diarioimagen.net\/index.php?rest_route=\/wp\/v2\/users\/3"}],"replies":[{"embeddable":true,"href":"https:\/\/www.diarioimagen.net\/index.php?rest_route=%2Fwp%2Fv2%2Fcomments&post=420222"}],"version-history":[{"count":0,"href":"https:\/\/www.diarioimagen.net\/index.php?rest_route=\/wp\/v2\/posts\/420222\/revisions"}],"wp:featuredmedia":[{"embeddable":true,"href":"https:\/\/www.diarioimagen.net\/index.php?rest_route=\/wp\/v2\/media\/420272"}],"wp:attachment":[{"href":"https:\/\/www.diarioimagen.net\/index.php?rest_route=%2Fwp%2Fv2%2Fmedia&parent=420222"}],"wp:term":[{"taxonomy":"category","embeddable":true,"href":"https:\/\/www.diarioimagen.net\/index.php?rest_route=%2Fwp%2Fv2%2Fcategories&post=420222"},{"taxonomy":"post_tag","embeddable":true,"href":"https:\/\/www.diarioimagen.net\/index.php?rest_route=%2Fwp%2Fv2%2Ftags&post=420222"}],"curies":[{"name":"wp","href":"https:\/\/api.w.org\/{rel}","templated":true}]}}