{"id":420281,"date":"2019-03-21T00:05:14","date_gmt":"2019-03-21T06:05:14","guid":{"rendered":"https:\/\/www.diarioimagen.net\/?p=420281"},"modified":"2019-03-21T04:57:51","modified_gmt":"2019-03-21T10:57:51","slug":"reforma-educativa-fundamental","status":"publish","type":"post","link":"https:\/\/www.diarioimagen.net\/?p=420281","title":{"rendered":"Reforma educativa, fundamental"},"content":{"rendered":"<h2>Desde el portal<\/h2>\n<h5>\u00c1ngel Soriano<\/h5>\n<p>&nbsp;<\/p>\n<p>&nbsp;<\/p>\n<p>El l\u00edder de la C\u00e1mara de Diputados, conf\u00edo en la aprobaci\u00f3n de la nueva reforma educativa y la abrogaci\u00f3n de la anterior y valor\u00f3 la importancia de la movilizaci\u00f3n y bloqueo de los accesos a San L\u00e1zaro por la disidencia magisterial, como una acci\u00f3n de libertad y de participaci\u00f3n en este proceso legislativo.<\/p>\n<p>Estas acciones llevaron a dar marcha atr\u00e1s a la anterior reforma, dijo.<\/p>\n<p>Delgado atribuy\u00f3 a falta de informaci\u00f3n las protestas magisteriales sobre las reformas que habr\u00e1n de hacerse, pero una vez aclarado esto, se proceder\u00eda a su discusi\u00f3n\/y aprobaci\u00f3n, en su caso.<\/p>\n<p>Los maestros, a su vez, insist\u00edan en dar a conocer sus desacuerdos e impedir que las nuevas reformas no afecten sus intereses y vuelva a quedar como estaba en el gobierno anterior, que amenazaba sus conquistas laborales.<\/p>\n<p>Desde la \u00e9poca de Jos\u00e9 Vasconcelos como titular de Educaci\u00f3n, el fil\u00f3sofo oaxaque\u00f1o abogaba por mejores salarios a los maestros.<\/p>\n<p>Se trata de una demanda recurrente, persistente, nunca satisfecha.<\/p>\n<p>Y es que si los maestros no obtienen los ingresos suficientes, dif\u00edcilmente podr\u00e1n cumplir con su cometido. Los recursos p\u00fablicos se destinan a otros rubros, pero no a la educaci\u00f3n, o cuando menos no los suficientes.<\/p>\n<p>Se requiere, en principio, revertir el destino de los recursos: menos a las corporaciones policiacas y militares; cuando las nuevas generaciones tengan la preparaci\u00f3n suficiente, podr\u00e1n generar empleos e ingresos, y se resolver\u00e1, como lo proyecta el mismo presidente L\u00f3pez Obrador, los graves problemas sociales del pa\u00eds.<\/p>\n<p>Fortalecer los mecanismos de represi\u00f3n (v\u00eda legal o de fuerza) no es lo m\u00e1s indicado. Urge m\u00e1s presupuesto al sector educativo.<\/p>\n<p style=\"text-align: center;\"><strong>TURBULENCIAS<br \/>\nS\u00f3lo inversiones con <\/strong><strong>Jared Kushner: AMLO<\/strong><\/p>\n<p>Sostuvimos una reuni\u00f3n con el asesor de la presidencia de Estados Unidos, Jared Kushner, y con el encargado de negocios de la embajada de Estados Unidos, John Creamer, para la posible firma de un acuerdo bilateral de inversiones en Centroam\u00e9rica y en el sur-sureste del pa\u00eds por 10 mil millones de d\u00f3lares.<\/p>\n<p>Con esta estrategia atenderemos las causas de la migraci\u00f3n, impulsando la generaci\u00f3n de empleos y el crecimiento econ\u00f3mico.<\/p>\n<p>El encuentro se llev\u00f3 a cabo de manera amistosa. Hay una buena relaci\u00f3n con el gobierno del pa\u00eds vecino, actitud de colaboraci\u00f3n y respeto a M\u00e9xico, dijo el presidente Andr\u00e9s Manuel L\u00f3pez Obrador e indic\u00f3 que viajar\u00eda a los EU s\u00f3lo si se concretan esas inversiones, igualmente a la ONU a su reuni\u00f3n anual porque es muy importante, pero no har\u00e1 turismo pol\u00edtico.<\/p>\n<p>En el encuentro estuvo tambi\u00e9n el canciller Marcelo Ebrard\u2026La titular de Bienestar, Mar\u00eda Luisa Albores, acept\u00f3 reunirse este 2 de abril con la dirigencia de la Coordinadora Nacional Plan de Ayala que realiz\u00f3 un plant\u00f3n en las oficinas centrales de la CDMX y sus delegaciones en Chiapas, Oaxaca y Guerrero inform\u00f3 Alberto Galindo Garc\u00eda, miembro de la comisi\u00f3n pol\u00edtica de la CNPA MN quien adelant\u00f3 que la Jornada Nacional de Movilizaci\u00f3n de campesinos e ind\u00edgenas al ser itinerante se trasladar\u00e1 al Instituto Nacional de Pueblos Ind\u00edgenas (INPI).<\/p>\n<p>Indic\u00f3 que las exigencias con respeto y reconocimiento a \u201cnuestra labor de gesti\u00f3n y fortalecimiento del tejido social en las comunidades ind\u00edgenas y campesinas, as\u00ed como en las colonias marginadas\u201d por ello demandan al titular de la dependencia, Adelfo Regino Montes, el establecimiento de la interlocuci\u00f3n con la CNPAN MN\u2026No opinar\u00e9 ni me relacionar\u00e9 con asuntos partidistas, me dedicar\u00e9 a crear consensos en el Senado para sacar adelante los asuntos pendientes, dijo el presidente de la JUCOPO, Ricardo Monreal, al ser cuestionado sobre la derrota de su candidato Alejandro Armenta a la gubernatura de Puebla y el triunfo de Miguel Barbosa\u2026<\/p>\n<p><em><a href=\"mailto:asorianocarrasco@yahoo.com\" target=\"_blank\" rel=\"noopener noreferrer\">asorianocarrasco@yahoo.com<\/a><br \/>\n<a href=\"https:\/\/twitter.com\/brecharevista\" target=\"_blank\" rel=\"noopener noreferrer\">@BrechaRevista<\/a><a href=\"mailto:asorianocarrasco@yahoo.com\" target=\"_blank\" rel=\"noopener noreferrer\"><br \/>\n<\/a><a href=\"https:\/\/revistabrecha.com\" target=\"_blank\" rel=\"noopener noreferrer\">www.revistabrecha.com<\/a><\/em><\/p>\n","protected":false},"excerpt":{"rendered":"<p><span style=\"color: #005497;\"><strong>\u00c1ngel Soriano<\/strong><\/span><\/p>\n","protected":false},"author":3,"featured_media":0,"comment_status":"open","ping_status":"open","sticky":false,"template":"","format":"standard","meta":{"_monsterinsights_skip_tracking":false,"_monsterinsights_sitenote_active":false,"_monsterinsights_sitenote_note":"","_monsterinsights_sitenote_category":0,"footnotes":""},"categories":[135],"tags":[85,86,43674],"class_list":["post-420281","post","type-post","status-publish","format-standard","hentry","category-angel-soriano-opinion","tag-angel-soriano","tag-desde-el-portal","tag-opinion"],"_links":{"self":[{"href":"https:\/\/www.diarioimagen.net\/index.php?rest_route=\/wp\/v2\/posts\/420281","targetHints":{"allow":["GET"]}}],"collection":[{"href":"https:\/\/www.diarioimagen.net\/index.php?rest_route=\/wp\/v2\/posts"}],"about":[{"href":"https:\/\/www.diarioimagen.net\/index.php?rest_route=\/wp\/v2\/types\/post"}],"author":[{"embeddable":true,"href":"https:\/\/www.diarioimagen.net\/index.php?rest_route=\/wp\/v2\/users\/3"}],"replies":[{"embeddable":true,"href":"https:\/\/www.diarioimagen.net\/index.php?rest_route=%2Fwp%2Fv2%2Fcomments&post=420281"}],"version-history":[{"count":0,"href":"https:\/\/www.diarioimagen.net\/index.php?rest_route=\/wp\/v2\/posts\/420281\/revisions"}],"wp:attachment":[{"href":"https:\/\/www.diarioimagen.net\/index.php?rest_route=%2Fwp%2Fv2%2Fmedia&parent=420281"}],"wp:term":[{"taxonomy":"category","embeddable":true,"href":"https:\/\/www.diarioimagen.net\/index.php?rest_route=%2Fwp%2Fv2%2Fcategories&post=420281"},{"taxonomy":"post_tag","embeddable":true,"href":"https:\/\/www.diarioimagen.net\/index.php?rest_route=%2Fwp%2Fv2%2Ftags&post=420281"}],"curies":[{"name":"wp","href":"https:\/\/api.w.org\/{rel}","templated":true}]}}