{"id":420311,"date":"2019-03-22T00:03:51","date_gmt":"2019-03-22T06:03:51","guid":{"rendered":"https:\/\/www.diarioimagen.net\/?p=420311"},"modified":"2019-03-24T23:25:05","modified_gmt":"2019-03-25T05:25:05","slug":"marta-fernanda-se-despide-de-mentiras-para-lanzar-la-mentira","status":"publish","type":"post","link":"https:\/\/www.diarioimagen.net\/?p=420311","title":{"rendered":"Marta Fernanda se despide de \u201cMentiras\u201d para lanzar \u201cLa mentira\u201d"},"content":{"rendered":"<ul>\n<li><em><strong>La extraordinaria actriz y cantante se retira del exitoso musical, para dar rienda suelta a su carrera como solista con su primer sencillo<\/strong><\/em><\/li>\n<\/ul>\n<h6>Arturo Arellano<\/h6>\n<p><strong>\u00a0<\/strong><\/p>\n<div id=\"attachment_420312\" style=\"width: 323px\" class=\"wp-caption aligncenter\"><img loading=\"lazy\" decoding=\"async\" aria-describedby=\"caption-attachment-420312\" class=\"size-large wp-image-420312\" src=\"https:\/\/www.diarioimagen.net\/wp-content\/uploads\/2019\/03\/marta-fernanda-1-poortal-313x460.jpg\" alt=\"\" width=\"313\" height=\"460\" srcset=\"https:\/\/www.diarioimagen.net\/wp-content\/uploads\/2019\/03\/marta-fernanda-1-poortal-313x460.jpg 313w, https:\/\/www.diarioimagen.net\/wp-content\/uploads\/2019\/03\/marta-fernanda-1-poortal-163x240.jpg 163w, https:\/\/www.diarioimagen.net\/wp-content\/uploads\/2019\/03\/marta-fernanda-1-poortal.jpg 700w\" sizes=\"auto, (max-width: 313px) 100vw, 313px\" \/><p id=\"caption-attachment-420312\" class=\"wp-caption-text\">\u201cDiez a\u00f1os es buen n\u00famero para despedirme de \u2018Mentiras\u2019, me voy agradecida y contenta porque las manifestaciones de la gente que ha estado conmigo, el p\u00fablico y mis compa\u00f1eros, me hacen sentir muy bendecida y darme cuenta de que es un buen camino el que viene por delante\u201d, se\u00f1ala Marta Fernanda.<\/p><\/div>\n<p>&nbsp;<\/p>\n<p>Marta Fernanda es una hermosa y talentosa artista en toda la extensi\u00f3n de la palabra, quien, adem\u00e1s con su carisma y humildad se ha sabido ganar el aprecio y respeto del p\u00fablico, por lo que a su salida de \u201cMentiras: el musical\u201d, pretende dar rienda suelta a su carrera como cantante solista, de modo que lanzar\u00e1 \u201cLa mentira\u201d, primer sencillo de lo que ser\u00eda un disco debut, a lanzarse en este a\u00f1o.<\/p>\n<p>Para dar detalles de su salida del musical y de su nueva faceta profesional, la actriz concedi\u00f3 una entrevista a <strong>DIARIO IMAGEN.<\/strong>\u201cDiez a\u00f1os es buen n\u00famero para despedirme de \u2018Mentiras\u2019, me voy agradecida y contenta, porque las manifestaciones de la gente que ha estado conmigo, el p\u00fablico y mis compa\u00f1eros, me hacen sentir muy bendecida y darme cuenta de que es un buen camino el que viene por delante\u201d dice, sin embargo, se despedir\u00e1 con bombo y platillo, pues en su \u00faltimo fin de semana en la obra que ser\u00e1 del 4 al 7 de abril ofrecer\u00e1 funciones especiales, interpretando a los diferentes personajes de la obra, como Yuri, Dulce y Daniela, adem\u00e1s de que en una de las funciones denominada \u201cTodos contra Marta\u201d se encargar\u00e1 de hacer todos sus personajes\u00a0en la misma funci\u00f3n.<\/p>\n<p>Adelanta que su nuevo sencillo curiosamente lleva por nombre \u201cLa mentira\u201d, pero niega que tenga que ver con su paso por el musical. \u201cEl t\u00edtulo tiene una total coincidencia, pero no tiene nada que ver con el musical, a veces hay cosas que te jalan, pero no tengo problema, pues lo que me recuerde a mi \u00e9poca amada del musical es bienvenido\u201d.<\/p>\n<div id=\"attachment_420313\" style=\"width: 290px\" class=\"wp-caption alignleft\"><img loading=\"lazy\" decoding=\"async\" aria-describedby=\"caption-attachment-420313\" class=\" wp-image-420313\" src=\"https:\/\/www.diarioimagen.net\/wp-content\/uploads\/2019\/03\/marta-fernanda-2-portal-460x440.jpg\" alt=\"\" width=\"280\" height=\"204\" \/><p id=\"caption-attachment-420313\" class=\"wp-caption-text\">Adelanta que su nuevo sencillo curiosamente lleva por nombre \u201cLa mentira\u201d, pero niega que tenga que ver con su paso por el musical.<\/p><\/div>\n<p>El sencillo se lanzar\u00e1 la primera o segunda semana de abril. \u201cB\u00e1sicamente es pop, pero en el EP habr\u00e1 tambi\u00e9n baladas, sonidos que generen diferentes atm\u00f3sferas. Mi intenci\u00f3n es que sean \u00fanicamente canciones in\u00e9ditas en el material y ya est\u00e1 casi escogido todo, sin embargo, hay algunos lugares libres, quiz\u00e1 por ah\u00ed se cuela un cover, porque hay tantas canciones que son maravillosas\u201d.<\/p>\n<p>En el proceso creativo del disco ha contado con el apoyo de Benny Ibarra. \u201cLe canto a mis experiencias personales, pero ah\u00ed nos encontramos todos los seres humanos. El desamor me ha parecido m\u00e1s entretenido, a los mexicanos nos encanta cantarle al desamor, a la tristeza. A\u00fan hay canciones de la parte luminosa de la vida, hay un balance de ambas cosas. Aunque si tuviera que elegir una tendencia, personalmente soy plena y feliz, pero tambi\u00e9n muy intensa\u201d.<\/p>\n<p>Marta Fernanda cumplir\u00e1 con algunas funciones m\u00e1s en \u201cMentiras: El musical\u201d para luego dedicarse de lleno a su nueva faceta profesional. Lo mismo es parte por cinco semanas del musical \u201cCrisis\u201d que se presenta los lunes en el Foro Lucerna del Teatro Mil\u00e1n.<\/p>\n","protected":false},"excerpt":{"rendered":"<p>Marta Fernanda es una hermosa y talentosa artista en toda la extensi\u00f3n de la palabra, quien, adem\u00e1s con su carisma y humildad se ha sabido ganar el aprecio y respeto del p\u00fablico, por lo que a su salida de \u201cMentiras: el musical\u201d, pretende dar rienda suelta a su carrera como cantante solista, de modo que lanzar\u00e1 \u201cLa mentira\u201d, primer sencillo de lo que ser\u00eda un disco debut, a lanzarse en este a\u00f1o.<\/p>\n","protected":false},"author":5,"featured_media":420314,"comment_status":"open","ping_status":"open","sticky":false,"template":"","format":"standard","meta":{"_monsterinsights_skip_tracking":false,"_monsterinsights_sitenote_active":false,"_monsterinsights_sitenote_note":"","_monsterinsights_sitenote_category":0,"footnotes":""},"categories":[17,12],"tags":[43682,50641,894,83684],"class_list":["post-420311","post","type-post","status-publish","format-standard","has-post-thumbnail","hentry","category-especiales","category-espectaculos","tag-espectaculos","tag-marta-fernanda","tag-mentiras","tag-la-mentira"],"_links":{"self":[{"href":"https:\/\/www.diarioimagen.net\/index.php?rest_route=\/wp\/v2\/posts\/420311","targetHints":{"allow":["GET"]}}],"collection":[{"href":"https:\/\/www.diarioimagen.net\/index.php?rest_route=\/wp\/v2\/posts"}],"about":[{"href":"https:\/\/www.diarioimagen.net\/index.php?rest_route=\/wp\/v2\/types\/post"}],"author":[{"embeddable":true,"href":"https:\/\/www.diarioimagen.net\/index.php?rest_route=\/wp\/v2\/users\/5"}],"replies":[{"embeddable":true,"href":"https:\/\/www.diarioimagen.net\/index.php?rest_route=%2Fwp%2Fv2%2Fcomments&post=420311"}],"version-history":[{"count":0,"href":"https:\/\/www.diarioimagen.net\/index.php?rest_route=\/wp\/v2\/posts\/420311\/revisions"}],"wp:featuredmedia":[{"embeddable":true,"href":"https:\/\/www.diarioimagen.net\/index.php?rest_route=\/wp\/v2\/media\/420314"}],"wp:attachment":[{"href":"https:\/\/www.diarioimagen.net\/index.php?rest_route=%2Fwp%2Fv2%2Fmedia&parent=420311"}],"wp:term":[{"taxonomy":"category","embeddable":true,"href":"https:\/\/www.diarioimagen.net\/index.php?rest_route=%2Fwp%2Fv2%2Fcategories&post=420311"},{"taxonomy":"post_tag","embeddable":true,"href":"https:\/\/www.diarioimagen.net\/index.php?rest_route=%2Fwp%2Fv2%2Ftags&post=420311"}],"curies":[{"name":"wp","href":"https:\/\/api.w.org\/{rel}","templated":true}]}}