{"id":420328,"date":"2019-03-22T00:01:22","date_gmt":"2019-03-22T06:01:22","guid":{"rendered":"https:\/\/www.diarioimagen.net\/?p=420328"},"modified":"2019-03-24T23:24:44","modified_gmt":"2019-03-25T05:24:44","slug":"gloria-trevi-abre-una-nueva-fecha-en-la-arena-ciudad-de-mexico","status":"publish","type":"post","link":"https:\/\/www.diarioimagen.net\/?p=420328","title":{"rendered":"Gloria Trevi abre una nueva fecha en la Arena Ciudad de M\u00e9xico"},"content":{"rendered":"<ul>\n<li><em><strong>La nueva cita de su exitosa gira \u201cDiosa de la Noche\u201d ser\u00e1 el 27 de junio<\/strong><\/em><\/li>\n<\/ul>\n<p>&nbsp;<\/p>\n<div id=\"attachment_420329\" style=\"width: 470px\" class=\"wp-caption aligncenter\"><img loading=\"lazy\" decoding=\"async\" aria-describedby=\"caption-attachment-420329\" class=\"size-large wp-image-420329\" src=\"https:\/\/www.diarioimagen.net\/wp-content\/uploads\/2019\/03\/gloria-trevi-portal-460x268.jpg\" alt=\"\" width=\"460\" height=\"268\" srcset=\"https:\/\/www.diarioimagen.net\/wp-content\/uploads\/2019\/03\/gloria-trevi-portal-460x268.jpg 460w, https:\/\/www.diarioimagen.net\/wp-content\/uploads\/2019\/03\/gloria-trevi-portal-240x140.jpg 240w, https:\/\/www.diarioimagen.net\/wp-content\/uploads\/2019\/03\/gloria-trevi-portal.jpg 480w\" sizes=\"auto, (max-width: 460px) 100vw, 460px\" \/><p id=\"caption-attachment-420329\" class=\"wp-caption-text\">Con su nueva fecha del 27 de junio confirma dos m\u00e1gicos shows llenos de m\u00fasica y diversi\u00f3n.<\/p><\/div>\n<p>&nbsp;<\/p>\n<p><em>\u201c<\/em>La\u00a0\u00a0 Diosa de la Noche<em>\u201d<\/em>, Gloria Trevi, abre una nueva fecha para complacencia de sus miles de seguidores.\u00a0 en la Arena Ciudad de M\u00e9xico.<\/p>\n<p>Gloria es sin\u00f3nimo de \u00e9xito donde quiera que se presente y lo ha demostrado con las altas ventas de sus conciertos y materiales discogr\u00e1ficos.<\/p>\n<p>Gracias a esto y para que nadie se quede fuera, abrir\u00e1 una fecha m\u00e1s el 27 de junio con lo que confirma dos m\u00e1gicos shows llenos de m\u00fasica y diversi\u00f3n.<\/p>\n<p>Su m\u00e1s reciente show es espectacular, con una magna producci\u00f3n y el talento de la cantante de por medio, es un concierto que nadie debe perderse. Amada por un pa\u00eds entero, la noche ser\u00e1 embelesada por \u00e9xitos cl\u00e1sicos como <em>Pelo suelto, Todos me miran, 5 minutos, El favor de la soledad, No quer\u00edas lastimarme<\/em>; pasando por m\u00e1s recientes como <em>Me lloras, Vas a recor darme, Hijoepu<\/em>.<\/p>\n<p>Precios: Los boletos oscilan entre los $173 hasta los $8,050 pesos.<\/p>\n<p>Inicio de venta: 22 de marzo a las 11:00 horas.<\/p>\n<p>Puntos de venta: A trav\u00e9s del sistema www.superboletos.com, Palacio de Hierro, Taquillas de la Arena Ciudad de M\u00e9xico, Innovasport, Soriana, Farmacias del Ahorro y al tel\u00e9fono 15 15 41 00.<\/p>\n","protected":false},"excerpt":{"rendered":"<p>\u201cLa\u00a0\u00a0 Diosa de la Noche\u201d, Gloria Trevi, abre una nueva fecha para complacencia de sus miles de seguidores.\u00a0 en la Arena Ciudad de M\u00e9xico.<\/p>\n","protected":false},"author":5,"featured_media":420329,"comment_status":"open","ping_status":"open","sticky":false,"template":"","format":"standard","meta":{"_monsterinsights_skip_tracking":false,"_monsterinsights_sitenote_active":false,"_monsterinsights_sitenote_note":"","_monsterinsights_sitenote_category":0,"footnotes":""},"categories":[12],"tags":[22194,43682,8018,83867],"class_list":["post-420328","post","type-post","status-publish","format-standard","has-post-thumbnail","hentry","category-espectaculos","tag-arena-ciudad-de-mexico","tag-espectaculos","tag-gloria-trevi","tag-diosa-de-la-noche"],"_links":{"self":[{"href":"https:\/\/www.diarioimagen.net\/index.php?rest_route=\/wp\/v2\/posts\/420328","targetHints":{"allow":["GET"]}}],"collection":[{"href":"https:\/\/www.diarioimagen.net\/index.php?rest_route=\/wp\/v2\/posts"}],"about":[{"href":"https:\/\/www.diarioimagen.net\/index.php?rest_route=\/wp\/v2\/types\/post"}],"author":[{"embeddable":true,"href":"https:\/\/www.diarioimagen.net\/index.php?rest_route=\/wp\/v2\/users\/5"}],"replies":[{"embeddable":true,"href":"https:\/\/www.diarioimagen.net\/index.php?rest_route=%2Fwp%2Fv2%2Fcomments&post=420328"}],"version-history":[{"count":0,"href":"https:\/\/www.diarioimagen.net\/index.php?rest_route=\/wp\/v2\/posts\/420328\/revisions"}],"wp:featuredmedia":[{"embeddable":true,"href":"https:\/\/www.diarioimagen.net\/index.php?rest_route=\/wp\/v2\/media\/420329"}],"wp:attachment":[{"href":"https:\/\/www.diarioimagen.net\/index.php?rest_route=%2Fwp%2Fv2%2Fmedia&parent=420328"}],"wp:term":[{"taxonomy":"category","embeddable":true,"href":"https:\/\/www.diarioimagen.net\/index.php?rest_route=%2Fwp%2Fv2%2Fcategories&post=420328"},{"taxonomy":"post_tag","embeddable":true,"href":"https:\/\/www.diarioimagen.net\/index.php?rest_route=%2Fwp%2Fv2%2Ftags&post=420328"}],"curies":[{"name":"wp","href":"https:\/\/api.w.org\/{rel}","templated":true}]}}