{"id":420354,"date":"2019-03-22T00:11:16","date_gmt":"2019-03-22T06:11:16","guid":{"rendered":"https:\/\/www.diarioimagen.net\/?p=420354"},"modified":"2019-03-22T04:43:02","modified_gmt":"2019-03-22T10:43:02","slug":"avanza-la-modernizacion-del-transporte-mexiquense","status":"publish","type":"post","link":"https:\/\/www.diarioimagen.net\/?p=420354","title":{"rendered":"Avanza la modernizaci\u00f3n del transporte mexiquense"},"content":{"rendered":"<h2>Arco Norte<\/h2>\n<h5>Jos\u00e9 Luis Monta\u00f1ez Aguilar<\/h5>\n<p>&nbsp;<\/p>\n<p><a href=\"https:\/\/www.diarioimagen.net\/?attachment_id=420399\" rel=\"attachment wp-att-420399\"><img loading=\"lazy\" decoding=\"async\" class=\"aligncenter size-large wp-image-420399\" src=\"https:\/\/www.diarioimagen.net\/wp-content\/uploads\/2019\/03\/arco-5-460x259.jpg\" alt=\"\" width=\"460\" height=\"259\" srcset=\"https:\/\/www.diarioimagen.net\/wp-content\/uploads\/2019\/03\/arco-5-460x259.jpg 460w, https:\/\/www.diarioimagen.net\/wp-content\/uploads\/2019\/03\/arco-5-240x135.jpg 240w, https:\/\/www.diarioimagen.net\/wp-content\/uploads\/2019\/03\/arco-5-235x132.jpg 235w, https:\/\/www.diarioimagen.net\/wp-content\/uploads\/2019\/03\/arco-5-202x114.jpg 202w, https:\/\/www.diarioimagen.net\/wp-content\/uploads\/2019\/03\/arco-5-350x196.jpg 350w, https:\/\/www.diarioimagen.net\/wp-content\/uploads\/2019\/03\/arco-5-220x123.jpg 220w, https:\/\/www.diarioimagen.net\/wp-content\/uploads\/2019\/03\/arco-5-237x132.jpg 237w, https:\/\/www.diarioimagen.net\/wp-content\/uploads\/2019\/03\/arco-5.jpg 480w\" sizes=\"auto, (max-width: 460px) 100vw, 460px\" \/><\/a><\/p>\n<p>&nbsp;<\/p>\n<p>El titular de la Secretar\u00eda de Movilidad (Semov), Raymundo Mart\u00ednez Carbajal, asegur\u00f3 que en el proceso de modernizaci\u00f3n del transporte p\u00fablico en el Estado de M\u00e9xico, se cumple con los objetivos y avanza el proceso de instalaci\u00f3n de equipos tecnol\u00f3gicos, con lo que se inicia un nuevo paso que le dar\u00e1 mayor seguridad a usuarios y operadores.<\/p>\n<p>Al dar el banderazo de salida a 21 unidades nuevas de la empresa R\u00e1pidos del Valle de M\u00e9xico, el titular de la Semov dijo que actualmente hay m\u00e1s de 8 mil 300 unidades que ya cuentan con c\u00e1maras de video, botones de p\u00e1nico y sistemas de geolocalizaci\u00f3n que est\u00e1n enlazadas y monitoreadas por el Centro de Control y Gesti\u00f3n de la Secretar\u00eda de Movilidad, que a su vez est\u00e1 enlazado al C-5 de la Secretar\u00eda de Seguridad P\u00fablica del Estado de M\u00e9xico.<\/p>\n<p>Destac\u00f3 que con las nuevas tecnolog\u00edas se tiene la ubicaci\u00f3n en tiempo real de las unidades, mayor control y vigilancia de la flota, as\u00ed como de las rutas, se monitorean accidentes, choques, asaltos, se detecta cuando se hace uso indebido de unidades y si \u00e9stas exceden el l\u00edmite de velocidad y se realizan alertas instant\u00e1neas ante eventualidades, pero sobre todo, se mejora la calidad del servicio.<\/p>\n<p>El Secretario de Movilidad dijo que con el objetivo de brindar mayor seguridad a los usuarios, se implement\u00f3 en coordinaci\u00f3n con diversos l\u00edderes transportistas el programa \u201cSendero Seguro\u201d en al menos siete planteles de educaci\u00f3n superior que se encuentran asentadas en la entidad, donde existe una matr\u00edcula de 84 mil estudiantes, de los cuales, 30 mil 700 son usuarios del servicio de transporte p\u00fablico y que a la fecha se han reportado cero incidentes.<\/p>\n<p>Acompa\u00f1ado de l\u00edderes transportistas como Julio L\u00f3pez Gonz\u00e1lez, Presidente de la empresa R\u00e1pidos del Valle, autoridades municipales, operadores y usuarios, dijo que de manera conjunta y con la cooperaci\u00f3n de todos los sectores \u201cestamos poniendo manos a la obra ante la urgencia de consolidar una pol\u00edtica integral de movilidad.<\/p>\n<p>\u201cVamos a fortalecer el marco normativo y nuestras capacidades t\u00e9cnicas, vamos a desarrollar pol\u00edticas y proyectos sustentables y vamos a promover una cultura hacia la movilidad con visi\u00f3n de g\u00e9nero\u201d, se\u00f1al\u00f3.<\/p>\n<p>Tras reconocer el esfuerzo y la voluntad de los transportistas por mejorar sus unidades e incorporar nuevos sistemas de seguridad, Mart\u00ednez Carbajal explic\u00f3 que el Gobernador del Estado de M\u00e9xico, Alfredo Del Mazo Maza, ha instruido a todas las dependencias para realizar pol\u00edticas p\u00fablicas con acciones pr\u00e1cticas, que nos permitan transformar nuestras actuales urbes en ciudades inteligentes, en espacios m\u00e1s humanos.<\/p>\n<p>Finalmente convoc\u00f3 a redoblar esfuerzos para que la alianza que se ha formado para mejorar el transporte p\u00fablico entre el Gobierno del estado, con los operadores, concesionarios y empresarios rinda sus mejores frutos y haga que la movilidad sea factor para la fortaleza y el progreso de los mexiquenses.<\/p>\n<p><em><a href=\"mailto:montanezaguilar@gmail.com\" target=\"_blank\" rel=\"noopener noreferrer\">montanezaguilar@gmail.com<\/a><\/em><\/p>\n","protected":false},"excerpt":{"rendered":"<p><span style=\"color: #005497;\">Jos\u00e9 Luis Monta\u00f1ez Aguilar<\/span><br \/>\n<br \/>\nEl titular de la Secretar\u00eda de Movilidad (Semov), Raymundo Mart\u00ednez Carbajal, asegur\u00f3 que en el proceso de modernizaci\u00f3n del transporte p\u00fablico en el Estado de M\u00e9xico, se cumple con los objetivos y avanza el proceso de instalaci\u00f3n de equipos tecnol\u00f3gicos, con lo que se inicia un nuevo paso que le dar\u00e1 mayor seguridad a usuarios y operadores.<\/p>\n","protected":false},"author":3,"featured_media":420399,"comment_status":"open","ping_status":"open","sticky":false,"template":"","format":"standard","meta":{"_monsterinsights_skip_tracking":false,"_monsterinsights_sitenote_active":false,"_monsterinsights_sitenote_note":"","_monsterinsights_sitenote_category":0,"footnotes":""},"categories":[5],"tags":[13284,43704,43674,38105],"class_list":["post-420354","post","type-post","status-publish","format-standard","has-post-thumbnail","hentry","category-estado-de-mexico","tag-arco-norte","tag-jose-luis-montanez-aguilar","tag-opinion","tag-secretaria-de-movilidad"],"_links":{"self":[{"href":"https:\/\/www.diarioimagen.net\/index.php?rest_route=\/wp\/v2\/posts\/420354","targetHints":{"allow":["GET"]}}],"collection":[{"href":"https:\/\/www.diarioimagen.net\/index.php?rest_route=\/wp\/v2\/posts"}],"about":[{"href":"https:\/\/www.diarioimagen.net\/index.php?rest_route=\/wp\/v2\/types\/post"}],"author":[{"embeddable":true,"href":"https:\/\/www.diarioimagen.net\/index.php?rest_route=\/wp\/v2\/users\/3"}],"replies":[{"embeddable":true,"href":"https:\/\/www.diarioimagen.net\/index.php?rest_route=%2Fwp%2Fv2%2Fcomments&post=420354"}],"version-history":[{"count":0,"href":"https:\/\/www.diarioimagen.net\/index.php?rest_route=\/wp\/v2\/posts\/420354\/revisions"}],"wp:featuredmedia":[{"embeddable":true,"href":"https:\/\/www.diarioimagen.net\/index.php?rest_route=\/wp\/v2\/media\/420399"}],"wp:attachment":[{"href":"https:\/\/www.diarioimagen.net\/index.php?rest_route=%2Fwp%2Fv2%2Fmedia&parent=420354"}],"wp:term":[{"taxonomy":"category","embeddable":true,"href":"https:\/\/www.diarioimagen.net\/index.php?rest_route=%2Fwp%2Fv2%2Fcategories&post=420354"},{"taxonomy":"post_tag","embeddable":true,"href":"https:\/\/www.diarioimagen.net\/index.php?rest_route=%2Fwp%2Fv2%2Ftags&post=420354"}],"curies":[{"name":"wp","href":"https:\/\/api.w.org\/{rel}","templated":true}]}}