{"id":420387,"date":"2019-03-22T00:08:08","date_gmt":"2019-03-22T06:08:08","guid":{"rendered":"https:\/\/www.diarioimagen.net\/?p=420387"},"modified":"2019-03-22T04:51:42","modified_gmt":"2019-03-22T10:51:42","slug":"tendra-toluca-dia-naranja-para-combatir-violencia-contra-las-mujeres","status":"publish","type":"post","link":"https:\/\/www.diarioimagen.net\/?p=420387","title":{"rendered":"Tendr\u00e1 Toluca D\u00eda Naranja para combatir violencia contra las mujeres"},"content":{"rendered":"<ul>\n<li><strong><em>Ser\u00e1 el 25 de marzo de cada a\u00f1o<\/em><\/strong><\/li>\n<\/ul>\n<p>&nbsp;<\/p>\n<div id=\"attachment_420417\" style=\"width: 470px\" class=\"wp-caption aligncenter\"><a href=\"https:\/\/www.diarioimagen.net\/?attachment_id=420417\" rel=\"attachment wp-att-420417\"><img loading=\"lazy\" decoding=\"async\" aria-describedby=\"caption-attachment-420417\" class=\"wp-image-420417 size-large\" src=\"https:\/\/www.diarioimagen.net\/wp-content\/uploads\/2019\/03\/TOLUCA22-460x259.jpg\" alt=\"\" width=\"460\" height=\"259\" srcset=\"https:\/\/www.diarioimagen.net\/wp-content\/uploads\/2019\/03\/TOLUCA22-460x259.jpg 460w, https:\/\/www.diarioimagen.net\/wp-content\/uploads\/2019\/03\/TOLUCA22-240x135.jpg 240w, https:\/\/www.diarioimagen.net\/wp-content\/uploads\/2019\/03\/TOLUCA22-235x132.jpg 235w, https:\/\/www.diarioimagen.net\/wp-content\/uploads\/2019\/03\/TOLUCA22-202x114.jpg 202w, https:\/\/www.diarioimagen.net\/wp-content\/uploads\/2019\/03\/TOLUCA22-350x196.jpg 350w, https:\/\/www.diarioimagen.net\/wp-content\/uploads\/2019\/03\/TOLUCA22-220x123.jpg 220w, https:\/\/www.diarioimagen.net\/wp-content\/uploads\/2019\/03\/TOLUCA22-237x132.jpg 237w, https:\/\/www.diarioimagen.net\/wp-content\/uploads\/2019\/03\/TOLUCA22.jpg 480w\" sizes=\"auto, (max-width: 460px) 100vw, 460px\" \/><\/a><p id=\"caption-attachment-420417\" class=\"wp-caption-text\">En la d\u00e9cima sesi\u00f3n ordinaria de Cabildo se aprob\u00f3 por unanimidad declarar como D\u00eda Naranja Municipal el 25 de marzo de cada a\u00f1o.<\/p><\/div>\n<p>&nbsp;<\/p>\n<p><strong>Toluca, Estado de M\u00e9xico<\/strong>.- Toluca reafirma su compromiso para prevenir y erradicar la violencia en contra de las mujeres, por lo que en la d\u00e9cima sesi\u00f3n ordinaria de Cabildo se aprob\u00f3 por unanimidad declarar como D\u00eda Naranja Municipal el 25 de marzo de cada a\u00f1o.<\/p>\n<p>El alcalde, Juan Rodolfo S\u00e1nchez G\u00f3mez, se\u00f1al\u00f3 que se est\u00e1 trabajando en este aspecto para crear programas ambiciosos, no quedarse en las acciones convencionales sino ir a fondo para atacar las causas de la violencia, al ir directamente a las casas, a las colonias, con los padres de familia.<\/p>\n<p>Los ediles reconocieron y felicitaron al presidente municipal, ya que demuestra con acciones su disposici\u00f3n para luchar contra la violencia hacia las mujeres y cumplir la Agenda 2030, en los objetivos 5, de Igualdad de g\u00e9nero, y 10, de Reducci\u00f3n de las desigualdades.<\/p>\n<p>Asimismo, se aprob\u00f3 la propuesta de nombramiento de Luis Humberto Garc\u00eda Vel\u00e1zquez y Fabricio Sergio Esquivel Vilchis como Oficiales Calificadores en Hechos de Tr\u00e1nsito, segundo y tercer turno respectivamente, con fundamento en lo establecido en el art\u00edculo 148 de la Ley Org\u00e1nica Municipal del Estado de M\u00e9xico, por lo que el alcalde les tom\u00f3 protesta.<\/p>\n<p>De igual forma, se aprob\u00f3 por unanimidad el punto de acuerdo que solicit\u00f3 el primer edil para autorizar una sesi\u00f3n solemne de Cabildo el pr\u00f3ximo 4 de abril, para que la Defensora Municipal de Derechos Humanos de Toluca rinda su informe anual de actividades, en t\u00e9rminos de lo dispuesto por la ley.<\/p>\n<p>En la sesi\u00f3n tambi\u00e9n se dio a conocer que el Sistema Municipal DIF Toluca realiz\u00f3 el concurso de Reina de la Primavera 2019, en el que result\u00f3 ganadora do\u00f1a Sof\u00eda N\u00fa\u00f1ez Arellano, de la Casa de D\u00eda de Santa Ana Tlapaltitl\u00e1n,<\/p>\n<p>Al respecto, S\u00e1nchez G\u00f3mez explic\u00f3 que las Casas de D\u00eda y los Clubes del Adulto Mayor son muy importantes para la administraci\u00f3n, ya que en ellos los abuelitos pueden seguir siendo productivos y tener actividades recreativas y de convivencia social.<\/p>\n","protected":false},"excerpt":{"rendered":"<p>Toluca reafirma su compromiso para prevenir y erradicar la violencia en contra de las mujeres, por lo que en la d\u00e9cima sesi\u00f3n ordinaria de Cabildo se aprob\u00f3 por unanimidad declarar como D\u00eda Naranja Municipal el 25 de marzo de cada a\u00f1o.<\/p>\n","protected":false},"author":3,"featured_media":420417,"comment_status":"open","ping_status":"open","sticky":false,"template":"","format":"standard","meta":{"_monsterinsights_skip_tracking":false,"_monsterinsights_sitenote_active":false,"_monsterinsights_sitenote_note":"","_monsterinsights_sitenote_category":0,"footnotes":""},"categories":[35155],"tags":[83884,43675,452],"class_list":["post-420387","post","type-post","status-publish","format-standard","has-post-thumbnail","hentry","category-estado-de-mexico-estado-de-mexico","tag-dia-naranja-municipal","tag-estado-de-mexico","tag-toluca"],"_links":{"self":[{"href":"https:\/\/www.diarioimagen.net\/index.php?rest_route=\/wp\/v2\/posts\/420387","targetHints":{"allow":["GET"]}}],"collection":[{"href":"https:\/\/www.diarioimagen.net\/index.php?rest_route=\/wp\/v2\/posts"}],"about":[{"href":"https:\/\/www.diarioimagen.net\/index.php?rest_route=\/wp\/v2\/types\/post"}],"author":[{"embeddable":true,"href":"https:\/\/www.diarioimagen.net\/index.php?rest_route=\/wp\/v2\/users\/3"}],"replies":[{"embeddable":true,"href":"https:\/\/www.diarioimagen.net\/index.php?rest_route=%2Fwp%2Fv2%2Fcomments&post=420387"}],"version-history":[{"count":0,"href":"https:\/\/www.diarioimagen.net\/index.php?rest_route=\/wp\/v2\/posts\/420387\/revisions"}],"wp:featuredmedia":[{"embeddable":true,"href":"https:\/\/www.diarioimagen.net\/index.php?rest_route=\/wp\/v2\/media\/420417"}],"wp:attachment":[{"href":"https:\/\/www.diarioimagen.net\/index.php?rest_route=%2Fwp%2Fv2%2Fmedia&parent=420387"}],"wp:term":[{"taxonomy":"category","embeddable":true,"href":"https:\/\/www.diarioimagen.net\/index.php?rest_route=%2Fwp%2Fv2%2Fcategories&post=420387"},{"taxonomy":"post_tag","embeddable":true,"href":"https:\/\/www.diarioimagen.net\/index.php?rest_route=%2Fwp%2Fv2%2Ftags&post=420387"}],"curies":[{"name":"wp","href":"https:\/\/api.w.org\/{rel}","templated":true}]}}