{"id":420410,"date":"2019-03-22T00:06:02","date_gmt":"2019-03-22T06:06:02","guid":{"rendered":"https:\/\/www.diarioimagen.net\/?p=420410"},"modified":"2019-03-22T05:03:56","modified_gmt":"2019-03-22T11:03:56","slug":"realizan-jornada-regional-para-la-prevencion-del-embarazo-adolescente-en-conalep","status":"publish","type":"post","link":"https:\/\/www.diarioimagen.net\/?p=420410","title":{"rendered":"Realizan Jornada Regional para la Prevenci\u00f3n del Embarazo Adolescente en Conalep"},"content":{"rendered":"<ul>\n<li><strong><em>Informaci\u00f3n sobre m\u00e9todos anticonceptivos<\/em><\/strong><\/li>\n<\/ul>\n<p>&nbsp;<\/p>\n<div id=\"attachment_420446\" style=\"width: 470px\" class=\"wp-caption aligncenter\"><a href=\"https:\/\/www.diarioimagen.net\/?attachment_id=420446\" rel=\"attachment wp-att-420446\"><img loading=\"lazy\" decoding=\"async\" aria-describedby=\"caption-attachment-420446\" class=\"size-large wp-image-420446\" src=\"https:\/\/www.diarioimagen.net\/wp-content\/uploads\/2019\/03\/NAUCALPAN-22-460x259.jpg\" alt=\"\" width=\"460\" height=\"259\" srcset=\"https:\/\/www.diarioimagen.net\/wp-content\/uploads\/2019\/03\/NAUCALPAN-22-460x259.jpg 460w, https:\/\/www.diarioimagen.net\/wp-content\/uploads\/2019\/03\/NAUCALPAN-22-240x135.jpg 240w, https:\/\/www.diarioimagen.net\/wp-content\/uploads\/2019\/03\/NAUCALPAN-22-235x132.jpg 235w, https:\/\/www.diarioimagen.net\/wp-content\/uploads\/2019\/03\/NAUCALPAN-22-202x114.jpg 202w, https:\/\/www.diarioimagen.net\/wp-content\/uploads\/2019\/03\/NAUCALPAN-22-350x196.jpg 350w, https:\/\/www.diarioimagen.net\/wp-content\/uploads\/2019\/03\/NAUCALPAN-22-220x123.jpg 220w, https:\/\/www.diarioimagen.net\/wp-content\/uploads\/2019\/03\/NAUCALPAN-22-237x132.jpg 237w, https:\/\/www.diarioimagen.net\/wp-content\/uploads\/2019\/03\/NAUCALPAN-22.jpg 480w\" sizes=\"auto, (max-width: 460px) 100vw, 460px\" \/><\/a><p id=\"caption-attachment-420446\" class=\"wp-caption-text\">La presidenta del DIF Naucalpan, Lilia Dur\u00e1n Reveles, expres\u00f3 que las cifras de embarazos tempranos en ni\u00f1as de 10 a 14 a\u00f1os han aumentado.<\/p><\/div>\n<p>&nbsp;<\/p>\n<p><strong>Naucalpan, Estado de M\u00e9xico<\/strong>.- DIF Naucalpan y DIF Estado de M\u00e9xico llevaron a cabo la Jornada Regional para la Prevenci\u00f3n del Embarazo Adolescente en el Conalep Plantel Naucalpan I.<\/p>\n<p>Esta jornada brinda informaci\u00f3n de manera temprana a los j\u00f3venes sobre m\u00e9todos anticonceptivos, planificaci\u00f3n familiar, prevenci\u00f3n de infecciones de transmisi\u00f3n sexual y concientizaci\u00f3n sobre el embarazo a edad temprana, a fin de disminuir la tasa de embarazos en mujeres menores de 19 a\u00f1os en el municipio.<\/p>\n<p>La presidenta del DIF Naucalpan, Lilia Dur\u00e1n Reveles, expres\u00f3 que las cifras de embarazos tempranos en ni\u00f1as de 10 a 14 a\u00f1os han aumentado en los \u00faltimos a\u00f1os, lo que representa partos de alto riesgo y abortos clandestinos que ponen en riesgo la vida de las adolescentes y de los beb\u00e9s.<\/p>\n<p>Afirm\u00f3 que el trabajo del DIF Naucalpan es prevenir a j\u00f3venes sobre la problem\u00e1tica a trav\u00e9s de dos programas: Atenci\u00f3n Integral a la Madre Adolescente (AIMA) y Atenci\u00f3n Integral al Adolescente (AIA) con los que se brinda informaci\u00f3n, orientaci\u00f3n y atenci\u00f3n psicol\u00f3gica.<\/p>\n<p>\u201cHoy les decimos: ya no hay pretextos, tanto sus padres, maestros, el DIF Naucalpan y el DIF del Estado de M\u00e9xico estamos abiertos a hablar de lo que necesiten y crear un espacio de confianza al que puedan acceder en cualquier momento para aclarar sus dudas\u201d, dijo.<\/p>\n<p>Asimismo, invit\u00f3 a padres de familia, maestros y servidores p\u00fablicos a brindar atenci\u00f3n y orientaci\u00f3n completa, amigable y eficaz sobre m\u00e9todos anticonceptivos, as\u00ed como de los derechos sexuales de adolescentes y j\u00f3venes. La Jefa del Departamento de Atenci\u00f3n al Adolescente del DIFEM, Liliana Isabel Villa Mart\u00ednez, afirm\u00f3 que el compromiso del gobierno estatal es la difusi\u00f3n objetiva y clara de informaci\u00f3n sobre sexualidad; ya que en 2016 se registraron 51 mil embarazos de madres menores de 19 a\u00f1os en la entidad.<\/p>\n<p>Como parte de la Jornada Regional, tambi\u00e9n se incluy\u00f3 informaci\u00f3n sobre riesgos de internet, violencia en el noviazgo, as\u00ed como de derechos humanos y laborales del adolescente.<\/p>\n","protected":false},"excerpt":{"rendered":"<p>DIF Naucalpan y DIF Estado de M\u00e9xico llevaron a cabo la Jornada Regional para la Prevenci\u00f3n del Embarazo Adolescente en el Conalep Plantel Naucalpan I.<\/p>\n","protected":false},"author":3,"featured_media":420446,"comment_status":"open","ping_status":"open","sticky":false,"template":"","format":"standard","meta":{"_monsterinsights_skip_tracking":false,"_monsterinsights_sitenote_active":false,"_monsterinsights_sitenote_note":"","_monsterinsights_sitenote_category":0,"footnotes":""},"categories":[35155],"tags":[8206,43675,970],"class_list":["post-420410","post","type-post","status-publish","format-standard","has-post-thumbnail","hentry","category-estado-de-mexico-estado-de-mexico","tag-conalep","tag-estado-de-mexico","tag-naucalpan"],"_links":{"self":[{"href":"https:\/\/www.diarioimagen.net\/index.php?rest_route=\/wp\/v2\/posts\/420410","targetHints":{"allow":["GET"]}}],"collection":[{"href":"https:\/\/www.diarioimagen.net\/index.php?rest_route=\/wp\/v2\/posts"}],"about":[{"href":"https:\/\/www.diarioimagen.net\/index.php?rest_route=\/wp\/v2\/types\/post"}],"author":[{"embeddable":true,"href":"https:\/\/www.diarioimagen.net\/index.php?rest_route=\/wp\/v2\/users\/3"}],"replies":[{"embeddable":true,"href":"https:\/\/www.diarioimagen.net\/index.php?rest_route=%2Fwp%2Fv2%2Fcomments&post=420410"}],"version-history":[{"count":0,"href":"https:\/\/www.diarioimagen.net\/index.php?rest_route=\/wp\/v2\/posts\/420410\/revisions"}],"wp:featuredmedia":[{"embeddable":true,"href":"https:\/\/www.diarioimagen.net\/index.php?rest_route=\/wp\/v2\/media\/420446"}],"wp:attachment":[{"href":"https:\/\/www.diarioimagen.net\/index.php?rest_route=%2Fwp%2Fv2%2Fmedia&parent=420410"}],"wp:term":[{"taxonomy":"category","embeddable":true,"href":"https:\/\/www.diarioimagen.net\/index.php?rest_route=%2Fwp%2Fv2%2Fcategories&post=420410"},{"taxonomy":"post_tag","embeddable":true,"href":"https:\/\/www.diarioimagen.net\/index.php?rest_route=%2Fwp%2Fv2%2Ftags&post=420410"}],"curies":[{"name":"wp","href":"https:\/\/api.w.org\/{rel}","templated":true}]}}