{"id":420412,"date":"2019-03-22T00:04:16","date_gmt":"2019-03-22T06:04:16","guid":{"rendered":"https:\/\/www.diarioimagen.net\/?p=420412"},"modified":"2019-03-22T05:04:38","modified_gmt":"2019-03-22T11:04:38","slug":"arranco-el-programa-adopta-una-escuela-en-huixquilucan","status":"publish","type":"post","link":"https:\/\/www.diarioimagen.net\/?p=420412","title":{"rendered":"Arranc\u00f3 el programa \u201cAdopta una Escuela\u201d en Huixquilucan"},"content":{"rendered":"<div id=\"attachment_420449\" style=\"width: 470px\" class=\"wp-caption aligncenter\"><a href=\"https:\/\/www.diarioimagen.net\/?attachment_id=420449\" rel=\"attachment wp-att-420449\"><img loading=\"lazy\" decoding=\"async\" aria-describedby=\"caption-attachment-420449\" class=\"size-large wp-image-420449\" src=\"https:\/\/www.diarioimagen.net\/wp-content\/uploads\/2019\/03\/HUIXQUILUCAN-22-460x259.jpg\" alt=\"\" width=\"460\" height=\"259\" srcset=\"https:\/\/www.diarioimagen.net\/wp-content\/uploads\/2019\/03\/HUIXQUILUCAN-22-460x259.jpg 460w, https:\/\/www.diarioimagen.net\/wp-content\/uploads\/2019\/03\/HUIXQUILUCAN-22-240x135.jpg 240w, https:\/\/www.diarioimagen.net\/wp-content\/uploads\/2019\/03\/HUIXQUILUCAN-22-235x132.jpg 235w, https:\/\/www.diarioimagen.net\/wp-content\/uploads\/2019\/03\/HUIXQUILUCAN-22-202x114.jpg 202w, https:\/\/www.diarioimagen.net\/wp-content\/uploads\/2019\/03\/HUIXQUILUCAN-22-350x196.jpg 350w, https:\/\/www.diarioimagen.net\/wp-content\/uploads\/2019\/03\/HUIXQUILUCAN-22-220x123.jpg 220w, https:\/\/www.diarioimagen.net\/wp-content\/uploads\/2019\/03\/HUIXQUILUCAN-22-237x132.jpg 237w, https:\/\/www.diarioimagen.net\/wp-content\/uploads\/2019\/03\/HUIXQUILUCAN-22.jpg 480w\" sizes=\"auto, (max-width: 460px) 100vw, 460px\" \/><\/a><p id=\"caption-attachment-420449\" class=\"wp-caption-text\">La presidenta del DIF Naucalpan, Lilia Dur\u00e1n Reveles, expres\u00f3 que las cifras de embarazos tempranos en ni\u00f1as de 10 a 14 a\u00f1os han aumentado.<\/p><\/div>\n<p>&nbsp;<\/p>\n<p><strong>Huixquilucan, Estado de M\u00e9xico<\/strong><strong>.- <\/strong>El jard\u00edn de ni\u00f1os Gabriela Mistral, fue sede del banderazo de inicio del programa \u201cAdopta una Escuela\u201d, con el cual el gobierno municipal, en coordinaci\u00f3n con empresas y Asociaciones Civiles, trabajar\u00e1n para atender las necesidades de 70 planteles educativos de Huixquilucan, desde nivel preescolar hasta superior, durante este a\u00f1o.<\/p>\n<p>El presidente municipal, Enrique Vargas del Villar, destac\u00f3 que este programa tiene el objetivo de seguir apoyando a los estudiantes para que cuenten con mejores instalaciones, donde aprendan y se desarrollen, todo con la colaboraci\u00f3n de asociaciones civiles y sector empresarial dispuestos a apoyar a la ni\u00f1ez de Huixquilucan.<\/p>\n","protected":false},"excerpt":{"rendered":"<p>El jard\u00edn de ni\u00f1os Gabriela Mistral, fue sede del banderazo de inicio del programa \u201cAdopta una Escuela\u201d, con el cual el gobierno municipal, en coordinaci\u00f3n con empresas y Asociaciones Civiles, trabajar\u00e1n para atender las necesidades de 70 planteles educativos de Huixquilucan, desde nivel preescolar hasta superior, durante este a\u00f1o.<\/p>\n","protected":false},"author":3,"featured_media":420449,"comment_status":"open","ping_status":"open","sticky":false,"template":"","format":"standard","meta":{"_monsterinsights_skip_tracking":false,"_monsterinsights_sitenote_active":false,"_monsterinsights_sitenote_note":"","_monsterinsights_sitenote_category":0,"footnotes":""},"categories":[35155],"tags":[83887,43675,1097],"class_list":["post-420412","post","type-post","status-publish","format-standard","has-post-thumbnail","hentry","category-estado-de-mexico-estado-de-mexico","tag-adopta","tag-estado-de-mexico","tag-huixquilucan"],"_links":{"self":[{"href":"https:\/\/www.diarioimagen.net\/index.php?rest_route=\/wp\/v2\/posts\/420412","targetHints":{"allow":["GET"]}}],"collection":[{"href":"https:\/\/www.diarioimagen.net\/index.php?rest_route=\/wp\/v2\/posts"}],"about":[{"href":"https:\/\/www.diarioimagen.net\/index.php?rest_route=\/wp\/v2\/types\/post"}],"author":[{"embeddable":true,"href":"https:\/\/www.diarioimagen.net\/index.php?rest_route=\/wp\/v2\/users\/3"}],"replies":[{"embeddable":true,"href":"https:\/\/www.diarioimagen.net\/index.php?rest_route=%2Fwp%2Fv2%2Fcomments&post=420412"}],"version-history":[{"count":0,"href":"https:\/\/www.diarioimagen.net\/index.php?rest_route=\/wp\/v2\/posts\/420412\/revisions"}],"wp:featuredmedia":[{"embeddable":true,"href":"https:\/\/www.diarioimagen.net\/index.php?rest_route=\/wp\/v2\/media\/420449"}],"wp:attachment":[{"href":"https:\/\/www.diarioimagen.net\/index.php?rest_route=%2Fwp%2Fv2%2Fmedia&parent=420412"}],"wp:term":[{"taxonomy":"category","embeddable":true,"href":"https:\/\/www.diarioimagen.net\/index.php?rest_route=%2Fwp%2Fv2%2Fcategories&post=420412"},{"taxonomy":"post_tag","embeddable":true,"href":"https:\/\/www.diarioimagen.net\/index.php?rest_route=%2Fwp%2Fv2%2Ftags&post=420412"}],"curies":[{"name":"wp","href":"https:\/\/api.w.org\/{rel}","templated":true}]}}