{"id":420501,"date":"2019-03-22T00:01:45","date_gmt":"2019-03-22T06:01:45","guid":{"rendered":"https:\/\/www.diarioimagen.net\/?p=420501"},"modified":"2019-03-22T05:46:05","modified_gmt":"2019-03-22T11:46:05","slug":"lopez-obrador-enojado","status":"publish","type":"post","link":"https:\/\/www.diarioimagen.net\/?p=420501","title":{"rendered":"L\u00f3pez Obrador, enojado"},"content":{"rendered":"<h2>La Retaguardia<\/h2>\n<h5>Adriana Moreno Cordero<\/h5>\n<p><em>\u00a0<\/em><\/p>\n<ul>\n<li><strong><em>\u00bfRescata resabios de mafia del poder?<\/em><\/strong><\/li>\n<li><em><strong>Equipo de Sheinbaum, no sabe a qui\u00e9n responsabilizar\u00a0<\/strong> <\/em><\/li>\n<\/ul>\n<p>&nbsp;<\/p>\n<p>Motivos tiene sin duda para cerrar la semana muy enojado el presidente <strong>Andr\u00e9s Manuel L\u00f3pez Obrador<\/strong>.<\/p>\n<p>Primero, pens\u00f3 que con su solo poder de convocatoria bastaba para que sus antiguos aliados, los \u201cmaestros\u201d de la Coordinadora Nacional de Trabajadores de la Educaci\u00f3n, que\u00a0 a lo largo de sus 18 a\u00f1os de campa\u00f1a votaron siempre por \u00e9l, se plegar\u00edan a la propuesta de reforma educativa que envi\u00f3 al Senado de la Rep\u00fablica y cu\u00e1l ser\u00eda su sorpresa que le juegan las contras y hasta calificaron su propuesta de ser un mero maquillaje de la reforma educativa del ex presidente <strong>Enrique Pe\u00f1a Nieto<\/strong> y que por ende, no est\u00e1n dispuestos a avalarla.<\/p>\n<p>Luego de horas de negociaciones en la Secretar\u00eda de Educaci\u00f3n P\u00fablica, donde estuvieron, adem\u00e1s de una comisi\u00f3n de \u201cprofesores\u201d de la Coordinadora, el titular de la SEP, <strong>Esteban Moctezuma<\/strong>; la titular de la Segob, <strong>Olga S\u00e1nchez Cordero<\/strong> y el coordinador de la bancada de Morena en la C\u00e1mara de Diputados, <strong>Mario Delgado<\/strong>, en conferencia de prensa, los funcionarios no se refirieron concretamente a qu\u00e9 hab\u00edan acordado espec\u00edficamente con la CNTE; se vieron m\u00e1s bien abstractos, diciendo, palabras m\u00e1s, palabras menos, que construir\u00e1n una \u201cgran reforma\u201d conjuntamente con esa parte del magisterio que regres\u00f3 a consultar con sus bases lo hablado con los representantes del gobierno y que conf\u00edan en que la semana entrante, podr\u00e1n legislar como Dios manda en San L\u00e1zaro. \u00bfSer\u00e1?<\/p>\n<p>Dos, el jefe del Ejecutivo supuso que nadie le dir\u00eda nada por la reuni\u00f3n que sostuvo ni m\u00e1s ni menos que con el asesor estrella del presidente de los Estados Unidos, <strong>Donald Trump<\/strong>, el yerno n\u00famero uno de ese pa\u00eds, <strong>Jared Kushner<\/strong>, hasta donde se sabe, amigo personal, (a lo mejor ya no lo es), de quien fuera secretario de Hacienda y canciller en la administraci\u00f3n pasada, <strong>Luis Videgaray Caso<\/strong>.<\/p>\n<p>El presidente se enoj\u00f3 porque los se\u00f1alamientos no pararon pese a que en su ma\u00f1anera dijo que la cena con Kushner, se hab\u00eda dado en t\u00e9rminos cordiales y no en \u201clo oscurito\u201d, cuando lo que trascendi\u00f3 en los corrillos pol\u00edticos, es que hubo cierta tensi\u00f3n y que definitivamente, la casa \u201cde un amigo com\u00fan\u201d, no fue la mejor sede para la reuni\u00f3n.<\/p>\n<p>Hay que recordar c\u00f3mo el tabasque\u00f1o se uni\u00f3 al rechazo nacional cuando precisamente Videgaray Caso trajo a M\u00e9xico al entonces candidato presidencial por el partido Republicano, Donald Trump, que estuvo en Los Pinos, gracias a los \u201cbuenos oficios\u201d de Videgaray con su entonces nuevo mejor amigo norteamericano, lo que le cost\u00f3 el puesto al mexicano.<\/p>\n<p>Ahora, \u00bfqu\u00e9 ser\u00e1?, \u00bfacaso lo que pretende L\u00f3pez Obrador es rescatar algunos resabios de la mafia del poder?<\/p>\n<p>Por si los dos primeros puntos resultaran insuficientes, en tercer lugar, ayer, el bloque opositor que se ha constituido en el Senado de la Rep\u00fablica rechaz\u00f3 las cuatro ternas que envi\u00f3 el presidente para ocupar vacantes en la Comisi\u00f3n Reguladora de Energ\u00eda (CRE) y los senadores del PAN, PRI, Movimiento Ciudadano y PRD, exhibieron muy contentos su voto en contra. Esta vez s\u00ed estuvieron muy tajantes y en una sola posici\u00f3n.<\/p>\n<p>Por ah\u00ed sali\u00f3 a relucir un letrero con la pregunta: \u201c\u00bfqu\u00e9 es un CEL?\u201d, en clara referencia al deplorable perfil de las propuestas enviadas por el Ejecutivo para la CRE, como el caso de <strong>Jorge Amaya Mend\u00edvil<\/strong>, que confundi\u00f3 un Certificado de Energ\u00eda Limpia con su aparato celular, o cuando <strong>Guadalupe Escalante Ben\u00edtez<\/strong>, de plano dijo que hab\u00eda sacado del Internet, la definici\u00f3n de las funciones del organismo porque ella no las conoce y era la que m\u00e1s le hab\u00eda gustado. \u00a1Qu\u00e9 nivel!, verdaderamente paup\u00e9rrimo.<\/p>\n<p>Hay que precisar entonces que ninguna de las propuestas enviadas por el tabasque\u00f1o, obtuvo las dos terceras partes requeridas para ser avalada. Todos tuvieron 42 votos en contra, por lo que no alcanzaron los tan necesarios 75 votos a favor.<\/p>\n<p>Ahora el presidente deber\u00e1 enviar otras propuestas y esperemos que estos perfiles, tengan el grado de capacidad requerido.<\/p>\n<p><strong>Municiones<\/strong><\/p>\n<p>*** En el equipo de la jefa de Gobierno de la Ciudad de M\u00e9xico, <strong>Claudia Sheinbaum<\/strong>, nom\u00e1s no encuentran a qui\u00e9n responsabilizar por la supuesta firma de un convenio con la industria de publicidad exterior para mantener por cuatro a\u00f1os m\u00e1s los anuncios espectaculares instalados en azoteas.<\/p>\n<p>A principios de semana, diversas empresas del sector, encabezadas por la Asociaci\u00f3n de Publicistas en Exterior, de <strong>Ricardo Escoto<\/strong>, afirmaron haber acordado con la Seduvi, de <strong>Ileana Villalobos<\/strong>, el retiro de las estructuras instaladas en inmuebles pero hasta la \u00faltima parte del actual sexenio; esto con el argumento de no castigar las finanzas propias de los publicistas. Si bien el anuncio lleg\u00f3 a o\u00eddos de los funcionarios p\u00fablicos, hasta el momento nadie ha levantado la mano para confesar qui\u00e9n lo firm\u00f3.<\/p>\n<p>*** Las encuestas que se han hecho en torno a qui\u00e9n prefieren los pri\u00edstas para ser su dirigente, hay que subrayar que en todas, lleva la delantera <strong>Alejandro Moreno<\/strong>. Entre los j\u00f3venes, obtiene el 51.3 por ciento. Entre las mujeres, el gobernador de Campeche se adjudica la delantera con el 41.6 por ciento y entre los adultos, tambi\u00e9n Moreno C\u00e1rdenas gana con un 40.3 por ciento<\/p>\n<p>*** A nombre del Grupo Parlamentario del PRI en la C\u00e1mara de Diputados, su coordinador <strong>Ren\u00e9 Ju\u00e1rez Cisneros<\/strong>, se refiri\u00f3 al bloqueo que integrantes de la CNTE montaron en el Palacio Legislativo de San L\u00e1zaro en rechazo a la discusi\u00f3n de la reforma educativa y c\u00f3mo estuvieron a punto de llegar a la violencia. Sentenci\u00f3 \u00a0el guerrerense que\u00a0el cumplimiento de la ley no se negocia.<\/p>\n<p>\u201cEs lamentable que el gobierno evada su responsabilidad de dar certeza a la C\u00e1mara de Diputados y que por ello se haya dejado de sesionar una semana en contra de lo establecido por la ley\u201d.<\/p>\n<p>Bueno, y es que no hay que olvidar que tanto el presidente L\u00f3pez Obrador, como los coordinadores de Morena en el Congreso de la Uni\u00f3n, Mario Delgado y Ricardo Monreal, casi, casi les pidieron perd\u00f3n a los \u201cprofesores\u201d de la Coordinadora y se\u00f1alaron que en ning\u00fan momento har\u00edan nada en contra de los integrantes de la CNTE. \u00a1Qu\u00e9 tal!<\/p>\n<p>*** A prop\u00f3sito, el presidente de la Mesa Directiva de la C\u00e1mara de Diputados, <strong>Porfirio Mu\u00f1oz Ledo<\/strong>, puso en su twitter: \u201cinformo que los maetros han desalojado pac\u00edficamente la C\u00e1mara de Diputados. Es un gran triunfo del di\u00e1logo: el adi\u00f3s a la fuerza para la soluci\u00f3n de los problemas sociales\u201d. Que no olvide que los \u201cmaestros\u201d de la CNTE, amenazaron con regresar en cualquier momento porque no est\u00e1n conformes con la reforma educativa lopezobradorista.<\/p>\n<p><a href=\"mailto:morcora@gmail.com\" target=\"_blank\" rel=\"noopener noreferrer\"><em>morcora@gmail.com<\/em><\/a><\/p>\n","protected":false},"excerpt":{"rendered":"<p><span style=\"color: #005497;\"><strong>Adriana Moreno Cordero<\/strong><\/span><\/p>\n","protected":false},"author":3,"featured_media":0,"comment_status":"open","ping_status":"open","sticky":false,"template":"","format":"standard","meta":{"_monsterinsights_skip_tracking":false,"_monsterinsights_sitenote_active":false,"_monsterinsights_sitenote_note":"","_monsterinsights_sitenote_category":0,"footnotes":""},"categories":[69370],"tags":[],"class_list":["post-420501","post","type-post","status-publish","format-standard","hentry","category-adriana-moreno-cordero"],"_links":{"self":[{"href":"https:\/\/www.diarioimagen.net\/index.php?rest_route=\/wp\/v2\/posts\/420501","targetHints":{"allow":["GET"]}}],"collection":[{"href":"https:\/\/www.diarioimagen.net\/index.php?rest_route=\/wp\/v2\/posts"}],"about":[{"href":"https:\/\/www.diarioimagen.net\/index.php?rest_route=\/wp\/v2\/types\/post"}],"author":[{"embeddable":true,"href":"https:\/\/www.diarioimagen.net\/index.php?rest_route=\/wp\/v2\/users\/3"}],"replies":[{"embeddable":true,"href":"https:\/\/www.diarioimagen.net\/index.php?rest_route=%2Fwp%2Fv2%2Fcomments&post=420501"}],"version-history":[{"count":0,"href":"https:\/\/www.diarioimagen.net\/index.php?rest_route=\/wp\/v2\/posts\/420501\/revisions"}],"wp:attachment":[{"href":"https:\/\/www.diarioimagen.net\/index.php?rest_route=%2Fwp%2Fv2%2Fmedia&parent=420501"}],"wp:term":[{"taxonomy":"category","embeddable":true,"href":"https:\/\/www.diarioimagen.net\/index.php?rest_route=%2Fwp%2Fv2%2Fcategories&post=420501"},{"taxonomy":"post_tag","embeddable":true,"href":"https:\/\/www.diarioimagen.net\/index.php?rest_route=%2Fwp%2Fv2%2Ftags&post=420501"}],"curies":[{"name":"wp","href":"https:\/\/api.w.org\/{rel}","templated":true}]}}