{"id":420524,"date":"2019-03-23T00:06:03","date_gmt":"2019-03-23T06:06:03","guid":{"rendered":"https:\/\/www.diarioimagen.net\/?p=420524"},"modified":"2019-03-23T05:28:22","modified_gmt":"2019-03-23T11:28:22","slug":"colosio-reformar-al-pri","status":"publish","type":"post","link":"https:\/\/www.diarioimagen.net\/?p=420524","title":{"rendered":"Colosio: reformar al PRI"},"content":{"rendered":"<h2>Acta P\u00fablica<\/h2>\n<h5>Claudia Rodr\u00edguez<\/h5>\n<p>&nbsp;<\/p>\n<p><a href=\"https:\/\/www.diarioimagen.net\/?attachment_id=420525\" rel=\"attachment wp-att-420525\"><img loading=\"lazy\" decoding=\"async\" class=\"aligncenter size-large wp-image-420525\" src=\"https:\/\/www.diarioimagen.net\/wp-content\/uploads\/2019\/03\/Claudia-1-460x259.jpg\" alt=\"\" width=\"460\" height=\"259\" srcset=\"https:\/\/www.diarioimagen.net\/wp-content\/uploads\/2019\/03\/Claudia-1-460x259.jpg 460w, https:\/\/www.diarioimagen.net\/wp-content\/uploads\/2019\/03\/Claudia-1-240x135.jpg 240w, https:\/\/www.diarioimagen.net\/wp-content\/uploads\/2019\/03\/Claudia-1-235x132.jpg 235w, https:\/\/www.diarioimagen.net\/wp-content\/uploads\/2019\/03\/Claudia-1-202x114.jpg 202w, https:\/\/www.diarioimagen.net\/wp-content\/uploads\/2019\/03\/Claudia-1-350x196.jpg 350w, https:\/\/www.diarioimagen.net\/wp-content\/uploads\/2019\/03\/Claudia-1-220x123.jpg 220w, https:\/\/www.diarioimagen.net\/wp-content\/uploads\/2019\/03\/Claudia-1-237x132.jpg 237w, https:\/\/www.diarioimagen.net\/wp-content\/uploads\/2019\/03\/Claudia-1.jpg 480w\" sizes=\"auto, (max-width: 460px) 100vw, 460px\" \/><\/a><\/p>\n<p>&nbsp;<\/p>\n<p>No s\u00f3lo el discurso ahora inacabado de Luis Donaldo Colosio Murrieta, candidato a la Presidencia del Revolucionario Institucional y de Carlos Salinas en un primer momento, sino muy seguramente otras acciones de Gobierno en manos de Colosio Murrieta, habr\u00edan logrado el inicio de la democratizaci\u00f3n de su partido, y tal vez hasta del pa\u00eds, en aquellos a\u00f1os finales del siglo XX.<\/p>\n<p>Carlos Salinas de Gortari nunca permiti\u00f3 que Colosio despejara como candidato pri\u00edsta; no le dio espacio ni lucimiento como el rey que sustituir\u00eda al que le quedaban apenas meses en el poder.\u00a0 Colosio tambi\u00e9n transit\u00f3 en una campa\u00f1a electoral personalmente muy dif\u00edcil por la enfermedad de su esposa Diana Laura Riojas y claro, por el abandono real no tanto de su partido, sino de la c\u00fapula del mismo, incluido \u201cel innombrable\u201d.<\/p>\n<p>La irrupci\u00f3n en el sureste del pa\u00eds, del Ej\u00e9rcito Zapatista de Liberci\u00f3n Nacional (EZLN), liderado por el llamado subcomandante insurgente <i>Marcos<\/i>, quien declar\u00f3 la guerra al Gobierno mexicano y la presencia medi\u00e1tica de Manuel Camacho Sol\u00eds como el nombrado comisionado para la paz, por Salinas de Gortari; quitaron foro y peso al candidato pri\u00edsta, que en otros tiempos era tratado como el digno sucesor del poderoso en turno.<\/p>\n<p>Curiosamente, tanto Colosio como <i>Marcos<\/i>, en las arengas de cada uno desde su particular trinchera, hablaban de desigualdad, de discriminaci\u00f3n, de los despose\u00eddos, de la urgencia de un Gobierno con sensibilidad social.<\/p>\n<p>Sabedor Colosio de que necesitaba un impacto comunicacional en su campa\u00f1a, se atrevi\u00f3 a enfrentar a los de casa con un discurso retador el 6 de marzo del mismo 1994, empezando con la llamada a Salinas de que los que decidir\u00edan sobre su candidatura ser\u00edan los ciudadanos y la base y militancia pri\u00edsta, adem\u00e1s de que el jefe del Ejecutivo, tocaba la resoluci\u00f3n sin interlocuci\u00f3n de un asunto como la insurrecci\u00f3n zapatista: \u201cAqu\u00ed est\u00e1 el PRI con su fuerza. Aqu\u00ed est\u00e1 el PRI con sus organizaciones; est\u00e1 con su militancia, est\u00e1 con la sensibilidad de sus mujeres y de sus hombres. Aqu\u00ed est\u00e1 el PRI con su recia vocaci\u00f3n pol\u00edtica. Aqu\u00ed est\u00e1 el PRI para alentar la participaci\u00f3n ciudadana. Aqu\u00ed est\u00e1 el PRI para mantener la paz y la estabilidad del pa\u00eds, para preservar la unidad entre los mexicanos. Aqu\u00ed est\u00e1 el PRI en pie de lucha. Aqu\u00ed est\u00e1 el PRI celebrando un a\u00f1o m\u00e1s de intensa actividad pol\u00edtica\u201d, acotaba en sus primeras l\u00edneas discursivas el candidato pri\u00edsta.<\/p>\n<p>A Colosio lo sigui\u00f3 la muerte 19 d\u00edas despu\u00e9s del discurso que cimbr\u00f3 a las estructuras econ\u00f3micas y pol\u00edticas. Autoridades advirtieron de un asesino solitario confeso, del que ahora mismo se conocen de manera p\u00fablica sus declaraciones, y en ellas se dibuja la sombra del complot.<\/p>\n<p>Ni Camacho, quien hab\u00eda peleado la candidatura presidencial con el mismo Colosio, y hab\u00eda toreado el asunto del levantamiento en armas que parec\u00eda m\u00e1s montaje que cierto; result\u00f3 el beneficiado del crimen.<\/p>\n<p>Ernesto Zedillo Ponce de Le\u00f3n retom\u00f3 la candidatura de Luis Donaldo, pero no el furor democratizador que ya exig\u00edan los tiempos.<\/p>\n<p><b>Acta Divina\u2026<\/b> \u201cProponemos la reforma del poder para que exista una nueva relaci\u00f3n entre el ciudadano y el Estado. Hoy, ante el pri\u00edsmo de M\u00e9xico, ante los mexicanos, expreso mi compromiso de reformar el poder para democratizarlo y para acabar con cualquier vestigio de autoritarismo\u201d; Luis Donaldo Colosio Murrieta, candidato pri\u00edsta a la Presidencia, 1994.<\/p>\n<p><b>Para advertir\u2026<\/b> Cu\u00e1nto hubiera ganado el PRI de ahora, si hubiera permitido la ruta de la democratizaci\u00f3n de sus estructuras.<\/p>\n<p><em><a href=\"mailto:actapublica@gmail.com\" target=\"_blank\" rel=\"noopener noreferrer\">actapublica@gmail.com<\/a><\/em><\/p>\n","protected":false},"excerpt":{"rendered":"<p><span style=\"color: #005497;\"><strong>Claudia Rodr\u00edguez<\/strong><\/span><br \/>\n<br \/>\nNo s\u00f3lo el discurso ahora inacabado de Luis Donaldo Colosio Murrieta, candidato a la Presidencia del Revolucionario Institucional y de Carlos Salinas en un primer momento, sino muy seguramente otras acciones de Gobierno en manos de Colosio Murrieta, habr\u00edan logrado el inicio de la democratizaci\u00f3n de su partido, y tal vez hasta del pa\u00eds, en aquellos a\u00f1os finales del siglo XX.<\/p>\n","protected":false},"author":1,"featured_media":420525,"comment_status":"open","ping_status":"open","sticky":false,"template":"","format":"standard","meta":{"_monsterinsights_skip_tracking":false,"_monsterinsights_sitenote_active":false,"_monsterinsights_sitenote_note":"","_monsterinsights_sitenote_category":0,"footnotes":""},"categories":[1281],"tags":[46350,43674],"class_list":["post-420524","post","type-post","status-publish","format-standard","has-post-thumbnail","hentry","category-claudia-rodriguez","tag-acta-publica","tag-opinion"],"_links":{"self":[{"href":"https:\/\/www.diarioimagen.net\/index.php?rest_route=\/wp\/v2\/posts\/420524","targetHints":{"allow":["GET"]}}],"collection":[{"href":"https:\/\/www.diarioimagen.net\/index.php?rest_route=\/wp\/v2\/posts"}],"about":[{"href":"https:\/\/www.diarioimagen.net\/index.php?rest_route=\/wp\/v2\/types\/post"}],"author":[{"embeddable":true,"href":"https:\/\/www.diarioimagen.net\/index.php?rest_route=\/wp\/v2\/users\/1"}],"replies":[{"embeddable":true,"href":"https:\/\/www.diarioimagen.net\/index.php?rest_route=%2Fwp%2Fv2%2Fcomments&post=420524"}],"version-history":[{"count":0,"href":"https:\/\/www.diarioimagen.net\/index.php?rest_route=\/wp\/v2\/posts\/420524\/revisions"}],"wp:featuredmedia":[{"embeddable":true,"href":"https:\/\/www.diarioimagen.net\/index.php?rest_route=\/wp\/v2\/media\/420525"}],"wp:attachment":[{"href":"https:\/\/www.diarioimagen.net\/index.php?rest_route=%2Fwp%2Fv2%2Fmedia&parent=420524"}],"wp:term":[{"taxonomy":"category","embeddable":true,"href":"https:\/\/www.diarioimagen.net\/index.php?rest_route=%2Fwp%2Fv2%2Fcategories&post=420524"},{"taxonomy":"post_tag","embeddable":true,"href":"https:\/\/www.diarioimagen.net\/index.php?rest_route=%2Fwp%2Fv2%2Ftags&post=420524"}],"curies":[{"name":"wp","href":"https:\/\/api.w.org\/{rel}","templated":true}]}}