{"id":420558,"date":"2019-03-25T00:11:49","date_gmt":"2019-03-25T06:11:49","guid":{"rendered":"https:\/\/www.diarioimagen.net\/?p=420558"},"modified":"2019-04-04T22:55:12","modified_gmt":"2019-04-05T04:55:12","slug":"asiste-del-mazo-a-la-reinstalacion-del-sistema-nacional-de-busqueda-de-personas","status":"publish","type":"post","link":"https:\/\/www.diarioimagen.net\/?p=420558","title":{"rendered":"Cuenta Edomex con Comisi\u00f3n de B\u00fasqueda Estatal de Personas"},"content":{"rendered":"<h2>Arco Norte<\/h2>\n<h5>Jos\u00e9 Luis Monta\u00f1ez Aguilar<\/h5>\n<p>&nbsp;<\/p>\n<div id=\"attachment_420559\" style=\"width: 470px\" class=\"wp-caption aligncenter\"><img loading=\"lazy\" decoding=\"async\" aria-describedby=\"caption-attachment-420559\" class=\"size-large wp-image-420559\" src=\"https:\/\/www.diarioimagen.net\/wp-content\/uploads\/2019\/03\/DEL-MAZO25-PORTAL-460x268.jpg\" alt=\"\" width=\"460\" height=\"268\" srcset=\"https:\/\/www.diarioimagen.net\/wp-content\/uploads\/2019\/03\/DEL-MAZO25-PORTAL-460x268.jpg 460w, https:\/\/www.diarioimagen.net\/wp-content\/uploads\/2019\/03\/DEL-MAZO25-PORTAL-240x140.jpg 240w, https:\/\/www.diarioimagen.net\/wp-content\/uploads\/2019\/03\/DEL-MAZO25-PORTAL.jpg 480w\" sizes=\"auto, (max-width: 460px) 100vw, 460px\" \/><p id=\"caption-attachment-420559\" class=\"wp-caption-text\">Alfredo Del Mazo Maza asisti\u00f3 a la Reinstalaci\u00f3n del Sistema Nacional de B\u00fasqueda de Personas, que encabez\u00f3 Andr\u00e9s Manuel L\u00f3pez Obrador.<\/p><\/div>\n<p>&nbsp;<\/p>\n<p>El gobernador Alfredo Del Mazo Maza asisti\u00f3 a la Reinstalaci\u00f3n del Sistema Nacional de B\u00fasqueda de Personas, que encabez\u00f3 el presidente de M\u00e9xico, Andr\u00e9s Manuel L\u00f3pez Obrador, en la que tambi\u00e9n estuvieron familiares de personas desaparecidas, as\u00ed como integrantes de organizaciones nacionales e internacionales dedicadas al tema de desapariciones.<\/p>\n<p>En la entidad mexiquense, para combatir esta problem\u00e1tica, en abril de 2018 se cre\u00f3 la Comisi\u00f3n de B\u00fasqueda de Personas del Estado de M\u00e9xico, la cual es la encargada de emprender acciones para encontrar a personas desaparecidas.<\/p>\n<p>Esta Comisi\u00f3n opera\u00a0 a trav\u00e9s de C\u00e9lulas de B\u00fasqueda y Reacci\u00f3n Inmediata, ha implementado el programa piloto de b\u00fasqueda para restituir a personas albergadas y en situaci\u00f3n de calle a sus familiares, mediante el uso de t\u00e9cnicas de identificaci\u00f3n biom\u00e9trica.<\/p>\n<p>Asimismo, coordina la Red Naranja, la cual tiene como finalidad difundir los boletines sobre personas desaparecidas y dar atenci\u00f3n de reportes y recepci\u00f3n de informaci\u00f3n a trav\u00e9s de una l\u00ednea telef\u00f3nica 01800.<\/p>\n<p>Aunado a estas acciones se trabaja en la construcci\u00f3n del Centro de Atenci\u00f3n Integral a Familiares de Personas Desaparecidas y Trazabilidad de Personas Fallecidas sin Identificar, el cual estar\u00e1 ubicado en el municipio de Jilotepec, lugar donde ser\u00e1n resguardados los cad\u00e1veres exhumados y sin identificar.<\/p>\n<p>El presidente Andr\u00e9s Manuel L\u00f3pez Obrador se\u00f1al\u00f3 que la reinstalaci\u00f3n de este sistema es una acci\u00f3n trascendente, y manifest\u00f3 que el compromiso del gobierno de M\u00e9xico es apoyar a las familias a buscar a los desaparecidos porque es una responsabilidad de Estado, donde deben participar todas las instituciones.<\/p>\n<p>Agreg\u00f3 que una de las prioridades es identificar los 26 mil cuerpos que est\u00e1n en alguna instituci\u00f3n forense y que no han sido identificados, esto, en coordinaci\u00f3n con los gobiernos estatales, adem\u00e1s de impulsar la instalaci\u00f3n de Comisiones de B\u00fasqueda en todos los estados de la Rep\u00fablica Mexicana, as\u00ed como reunirse dentro de tres meses para evaluar los avances de los trabajos del Sistema Nacional de B\u00fasqueda de Personas.<\/p>\n<p><em><a href=\"mailto:montanezaguilar@gmail.com\" target=\"_blank\" rel=\"noopener noreferrer\">montanezaguilar@gmail.com<\/a><\/em><\/p>\n","protected":false},"excerpt":{"rendered":"<p><span style=\"color: #005497;\">Jos\u00e9 Luis Monta\u00f1ez Aguilar<\/span><br \/>\n<br \/>\nEl gobernador Alfredo Del Mazo Maza asisti\u00f3 a la Reinstalaci\u00f3n del Sistema Nacional de B\u00fasqueda de Personas, que encabez\u00f3 el presidente de M\u00e9xico, Andr\u00e9s Manuel L\u00f3pez Obrador, en la que tambi\u00e9n estuvieron familiares de personas desaparecidas, as\u00ed como integrantes de organizaciones nacionales e internacionales dedicadas al tema de desapariciones.<\/p>\n","protected":false},"author":5,"featured_media":420559,"comment_status":"open","ping_status":"open","sticky":false,"template":"","format":"standard","meta":{"_monsterinsights_skip_tracking":false,"_monsterinsights_sitenote_active":false,"_monsterinsights_sitenote_note":"","_monsterinsights_sitenote_category":0,"footnotes":""},"categories":[5,11622],"tags":[2505,13284,83899,43675,43704,43674,83898],"class_list":["post-420558","post","type-post","status-publish","format-standard","has-post-thumbnail","hentry","category-estado-de-mexico","category-jose-luis-montanez-aguilar","tag-alfredo-del-mazo-maza","tag-arco-norte","tag-celulas-de-busqueda-y-reaccion-inmediata","tag-estado-de-mexico","tag-jose-luis-montanez-aguilar","tag-opinion","tag-sistema-nacional-de-busqueda-de-personas"],"_links":{"self":[{"href":"https:\/\/www.diarioimagen.net\/index.php?rest_route=\/wp\/v2\/posts\/420558","targetHints":{"allow":["GET"]}}],"collection":[{"href":"https:\/\/www.diarioimagen.net\/index.php?rest_route=\/wp\/v2\/posts"}],"about":[{"href":"https:\/\/www.diarioimagen.net\/index.php?rest_route=\/wp\/v2\/types\/post"}],"author":[{"embeddable":true,"href":"https:\/\/www.diarioimagen.net\/index.php?rest_route=\/wp\/v2\/users\/5"}],"replies":[{"embeddable":true,"href":"https:\/\/www.diarioimagen.net\/index.php?rest_route=%2Fwp%2Fv2%2Fcomments&post=420558"}],"version-history":[{"count":0,"href":"https:\/\/www.diarioimagen.net\/index.php?rest_route=\/wp\/v2\/posts\/420558\/revisions"}],"wp:featuredmedia":[{"embeddable":true,"href":"https:\/\/www.diarioimagen.net\/index.php?rest_route=\/wp\/v2\/media\/420559"}],"wp:attachment":[{"href":"https:\/\/www.diarioimagen.net\/index.php?rest_route=%2Fwp%2Fv2%2Fmedia&parent=420558"}],"wp:term":[{"taxonomy":"category","embeddable":true,"href":"https:\/\/www.diarioimagen.net\/index.php?rest_route=%2Fwp%2Fv2%2Fcategories&post=420558"},{"taxonomy":"post_tag","embeddable":true,"href":"https:\/\/www.diarioimagen.net\/index.php?rest_route=%2Fwp%2Fv2%2Ftags&post=420558"}],"curies":[{"name":"wp","href":"https:\/\/api.w.org\/{rel}","templated":true}]}}