{"id":420646,"date":"2019-03-25T00:00:58","date_gmt":"2019-03-25T06:00:58","guid":{"rendered":"https:\/\/www.diarioimagen.net\/?p=420646"},"modified":"2019-03-25T01:54:20","modified_gmt":"2019-03-25T07:54:20","slug":"uber-desafia-ley-de-movilidad-del-estado-y-regresara-a-cancun","status":"publish","type":"post","link":"https:\/\/www.diarioimagen.net\/?p=420646","title":{"rendered":"Uber desaf\u00eda Ley de Movilidad del estado y regresar\u00e1 a Canc\u00fan"},"content":{"rendered":"<h2>Derecho de r\u00e9plica<\/h2>\n<p>&nbsp;<\/p>\n<ul>\n<li><em><strong>El servicio de transporte en el resto de la entidad deja mucho qu\u00e9 desear<\/strong><\/em><\/li>\n<\/ul>\n<p>&nbsp;<\/p>\n<p>&nbsp;<\/p>\n<p>&nbsp;<\/p>\n<p>En medio de un ambiente de inseguridad innegable, en el que al salir de su casa, usted ya no puede estar seguro si regresar\u00e1 o si al estar parado en el sem\u00e1foro o ir pasando, rafaguean a otro veh\u00edculo y le toca a usted, incluso, irse a cortar el cabello es ya un riesgo de vida o muerte, no porque el peluquero le corte una oreja, sino porque v\u00e1ndalos de poca monta, quieran amedrentar a los peque\u00f1os empresarios para cobrar derecho de piso, la necesidad de contar con transporte seguro, es urgente.<\/p>\n<p>Pese a la presi\u00f3n de los sindicatos de taxistas del estado, por evitar la operaci\u00f3n de plataformas digitales, que ofrecen transporte de particular a particular y como intermediaria una empresa trasnacional, el servicio que los taxis en Canc\u00fan y el resto del estado dan, dejan mucho qu\u00e9 desear.<\/p>\n<p>Adem\u00e1s de sentirse inseguro, el pasajero se encuentra con unidades carcacha, que les suma todo, que apestan a rodilla (algo as\u00ed como entre patas y trasero, jijijiji), con asientos rotos y pegajosos de tanta mugre, sin aire acondicionado, y para colmo, en el camino, el taxista puede subir a quien se le pegue la gana.<\/p>\n<p>Despu\u00e9s de \u201csacar\u201d a Uber de Canc\u00fan, los taxistas se durmieron otra vez en sus laureles, olvidaron sus promesas de cambio de unidades y capacitaci\u00f3n, siguen sin respetar las cuotas y cobran lo que quieren, las cosas siguen igual, pero pronto Uber regresar\u00e1 para quedarse.<\/p>\n<p style=\"text-align: center;\"><strong>Inminente regreso<\/strong><\/p>\n<p>El 15 de marzo pasado, Uber inici\u00f3 el reclutamiento de socios conductores, esto, a trav\u00e9s de una publicaci\u00f3n en Facebook, en la que invit\u00f3 a los interesados en registrarse y prestar el servicio a trav\u00e9s de la aplicaci\u00f3n.<\/p>\n<p>\u201c\u00a1Canc\u00fan! Nos emociona informarte que seguimos prepar\u00e1ndonos para nuestro regreso. Por eso, a partir de de pasado 15 de marzo, ya puedes iniciar tu proceso de registro como socio conductor. Prep\u00e1rate para que pr\u00f3ximamente puedas manejar con la <em>app<\/em> de Uber en Canc\u00fan. Visita nuestro nuevo Centro de Atenci\u00f3n para continuar con el proceso\u201d, dec\u00eda el anuncio.<\/p>\n<p>El 12 de septiembre de 2018, entr\u00f3 en vigor la Ley de Movilidad y en el caso de las plataformas digitales de transporte, se realiz\u00f3 a petici\u00f3n del gobernador, Carlos Joaqu\u00edn Gonz\u00e1lez, una reforma que obliga a dichas compa\u00f1\u00edas a contar con una concesi\u00f3n expedida por el Instituto de Movilidad del estado de Quintana Roo.<\/p>\n<p>El Art\u00edculo 149 dice a la letra: \u201cEl servicio de transporte contratado a trav\u00e9s de plataformas tecnol\u00f3gicas o digitales tiene el car\u00e1cter de servicio p\u00fablico y s\u00f3lo podr\u00e1 ser prestado por quienes cuenten con una concesi\u00f3n expedida por el Instituto\u201d.<\/p>\n<p>Esa situaci\u00f3n gener\u00f3 descontento, sobre todo a Uber, que en su momento analiz\u00f3 si operar\u00eda o no bajo esos t\u00e9rminos, pues acus\u00f3 que se benefici\u00f3 a los taxistas de la entidad para continuar con el control y monopolio de dicho servicio; sin embargo, tras ganar en los tribunales un amparo, que si bien es parcial en cuanto que tanto tiene que acatar la trasnacional de la Ley de Movilidad, Uber determin\u00f3 regresar a Canc\u00fan, lo que promociona constantemente en redes sociales<\/p>\n<p style=\"text-align: center;\"><strong>Taxi Naranja<\/strong><\/p>\n<p>Hablando de transporte seguro, ya est\u00e1 en funci\u00f3n el Taxi Naranja, recomendable al cien por ciento, si bien las tarifas son similares a las de Uber, la diferencia es que, dentro del veh\u00edculo est\u00e1n instaladas c\u00e1maras por todas partes, que son monitoreadas desde una central, para verificar la seguridad del usuario.<\/p>\n<p>Las unidades, limpias, nuevas, choferes que se ba\u00f1an y portan una identificaci\u00f3n para que el usuario lo compare con la que aparece en la aplicaci\u00f3n que puede usted descargar en su tel\u00e9fono, adem\u00e1s de que cuentan con GPS de seguimiento de las unidades. Si est\u00e1 usted dispuesto a gastar veinte pesos m\u00e1s con tal de llegar vivo a su destino, esta opci\u00f3n es recomendable, sobre todo para menores que tienen que viajar o mujeres que se trasladan solas.<\/p>\n<p>Esperemos que ese servicio mejore o por lo menos se mantenga y no retroceda, pues es cl\u00e1sico que pasado un tiempo, al igual que le pas\u00f3 a Uber, el servicio sea caro y malo.<\/p>\n<p style=\"text-align: center;\"><strong>PT, sin metas ni rumbo<\/strong><\/p>\n<p>\u201cSin m\u00ed, el Partido del Trabajo est\u00e1 muerto\u201d (ay s\u00ed, ay s\u00ed, jijiji) es lo que en sus adentros piensa el presidente de L\u00e1zaro C\u00e1rdenas, Josu\u00e9 Nivardo Mena Villanueva, que, con las siglas del PT, lleg\u00f3 a la silla municipal, pero ahora deja a los rojos porque no son nada.<\/p>\n<p>Mena Villanueva cambi\u00f3 el rojo por el amarillo y anunci\u00f3 su integraci\u00f3n al Partido de la Revoluci\u00f3n Democr\u00e1tica, organismo que ya no ve la luz de su sol azteca y est\u00e1 en una total penumbra y oscurantismo en el que sus lideres, como Emiliano Ramos, Juli\u00e1n Ricalde Maga\u00f1a, Jorge \u201cEl Topo\u201d Aguilar Osorio, al buscar s\u00f3lo sus intereses personales, lo hundieron.<\/p>\n<p>Ahora, con Nivardo Mena, el PRD suma una nada despreciable estructura pol\u00edtica, que el ex capit\u00e1n de puerto ha formado a golpe de billete y gracias a su Fundaci\u00f3n Movimiento Nivardo Mena, por lo que en este trueque, el que sale ganador es el partido amarillo.<\/p>\n<p style=\"text-align: center;\"><strong>Los motivos de la renuncia <\/strong><\/p>\n<p>\u201cLamentablemente, me di cuenta que no hay metas, no hay metas donde yo estaba, no aparecen, ni siquiera est\u00e1n construidas ni trazadas, por lo tanto, no me resta, con todo el respeto que se merece y con todo el respeto que me merezco, que sencillamente retirarme sin hacer tanto revuelo, sin tener pleitos, no me dieron el lugar, ah\u00ed est\u00e1 la prueba, la prueba es contundente, con todo respeto me retiro\u201d, asegur\u00f3 Nivardo a los petistas, que ahora est\u00e1n que no los calienta ni el sol (bueno el sol azteca, PRD, s\u00ed los calienta, pero de coraje).<\/p>\n<p>Pues, pese a todo lo que los petistas puedan alegar, Nivardo no les debe la silla municipal, ni a ellos ni a Morena, pues la campa\u00f1a la realiz\u00f3 como pudo, sin apoyo monetario del PT y en su propaganda nunca us\u00f3 a AMLO como estandarte.<\/p>\n<p>La realidad, es que el PT corre riesgo de perder su registro estatal, al no contar con una figura que les asegure un coto de votos y esperemos que as\u00ed sea, y por fin, desaparezca esa garrapata que se llama PT, que sin aportar nada, chupa de la vaca del erario, lo que bien se puede invertir en cosas mejores.<\/p>\n","protected":false},"excerpt":{"rendered":"<p><span style=\"color: #005497;\"><strong>Derecho de r\u00e9plica<\/strong><\/span><\/p>\n","protected":false},"author":3,"featured_media":0,"comment_status":"open","ping_status":"open","sticky":false,"template":"","format":"standard","meta":{"_monsterinsights_skip_tracking":false,"_monsterinsights_sitenote_active":false,"_monsterinsights_sitenote_note":"","_monsterinsights_sitenote_category":0,"footnotes":""},"categories":[62907],"tags":[47840,43674],"class_list":["post-420646","post","type-post","status-publish","format-standard","hentry","category-derecho-de-replica","tag-derecho-de-replica","tag-opinion"],"_links":{"self":[{"href":"https:\/\/www.diarioimagen.net\/index.php?rest_route=\/wp\/v2\/posts\/420646","targetHints":{"allow":["GET"]}}],"collection":[{"href":"https:\/\/www.diarioimagen.net\/index.php?rest_route=\/wp\/v2\/posts"}],"about":[{"href":"https:\/\/www.diarioimagen.net\/index.php?rest_route=\/wp\/v2\/types\/post"}],"author":[{"embeddable":true,"href":"https:\/\/www.diarioimagen.net\/index.php?rest_route=\/wp\/v2\/users\/3"}],"replies":[{"embeddable":true,"href":"https:\/\/www.diarioimagen.net\/index.php?rest_route=%2Fwp%2Fv2%2Fcomments&post=420646"}],"version-history":[{"count":0,"href":"https:\/\/www.diarioimagen.net\/index.php?rest_route=\/wp\/v2\/posts\/420646\/revisions"}],"wp:attachment":[{"href":"https:\/\/www.diarioimagen.net\/index.php?rest_route=%2Fwp%2Fv2%2Fmedia&parent=420646"}],"wp:term":[{"taxonomy":"category","embeddable":true,"href":"https:\/\/www.diarioimagen.net\/index.php?rest_route=%2Fwp%2Fv2%2Fcategories&post=420646"},{"taxonomy":"post_tag","embeddable":true,"href":"https:\/\/www.diarioimagen.net\/index.php?rest_route=%2Fwp%2Fv2%2Ftags&post=420646"}],"curies":[{"name":"wp","href":"https:\/\/api.w.org\/{rel}","templated":true}]}}