{"id":420653,"date":"2019-03-25T00:11:21","date_gmt":"2019-03-25T06:11:21","guid":{"rendered":"https:\/\/www.diarioimagen.net\/?p=420653"},"modified":"2019-03-25T07:05:24","modified_gmt":"2019-03-25T13:05:24","slug":"amlo-no-paso-la-encuesta-del-estadio","status":"publish","type":"post","link":"https:\/\/www.diarioimagen.net\/?p=420653","title":{"rendered":"AMLO no pas\u00f3 la encuesta del estadio"},"content":{"rendered":"<h2>Tras la puerta del poder<\/h2>\n<h5>Roberto Vizca\u00edno<\/h5>\n<p>&nbsp;<\/p>\n<div id=\"attachment_420736\" style=\"width: 470px\" class=\"wp-caption aligncenter\"><a href=\"https:\/\/www.diarioimagen.net\/?attachment_id=420736\" rel=\"attachment wp-att-420736\"><img loading=\"lazy\" decoding=\"async\" aria-describedby=\"caption-attachment-420736\" class=\"size-large wp-image-420736\" src=\"https:\/\/www.diarioimagen.net\/wp-content\/uploads\/2019\/03\/en-la-lucha-LUIS-XAVIER8-460x355.jpg\" alt=\"\" width=\"460\" height=\"355\" srcset=\"https:\/\/www.diarioimagen.net\/wp-content\/uploads\/2019\/03\/en-la-lucha-LUIS-XAVIER8-460x355.jpg 460w, https:\/\/www.diarioimagen.net\/wp-content\/uploads\/2019\/03\/en-la-lucha-LUIS-XAVIER8-240x185.jpg 240w, https:\/\/www.diarioimagen.net\/wp-content\/uploads\/2019\/03\/en-la-lucha-LUIS-XAVIER8-768x593.jpg 768w, https:\/\/www.diarioimagen.net\/wp-content\/uploads\/2019\/03\/en-la-lucha-LUIS-XAVIER8.jpg 1200w\" sizes=\"auto, (max-width: 460px) 100vw, 460px\" \/><\/a><p id=\"caption-attachment-420736\" class=\"wp-caption-text\">En la lucha&#8230; | Luis Xavier<\/p><\/div>\n<p>&nbsp;<\/p>\n<p>Qu\u00e9 bueno que fue un estadio de beis, porque si hubiera sido de fut, seguro le hubieran aplicado el <em>eeehhhh!!! put<\/em>\u2026<\/p>\n<p><em>Haiga sido como haiga sido <\/em>&#8211;dir\u00eda el cl\u00e1sico de Michoac\u00e1n, quien luego sali\u00f3 en redes a pedir respeto para el Presidente&#8211;, por el tama\u00f1o del abucheo y la rechifla que todos conocemos como una mentada, podr\u00edamos decir que en la primera desaprobaci\u00f3n masiva a <strong>Andr\u00e9s Manuel L\u00f3pez Obrador<\/strong> en los primeros 105 d\u00edas desde que lleg\u00f3 a la Presidencia, participaron el s\u00e1bado pr\u00e1cticamente todos los 20 mil 800 aficionados que abarrotaron el nuevo estadio <strong>Alfredo Harp Hel\u00fa<\/strong> de Beisbol en la Magdalena Mixhuca, y que llegaron a pagar hasta 20 mil pesos por boleto para ver el encuentro entre Los Padres de San Diego y los Diablos Rojos del M\u00e9xico, y de paso refresc\u00e1rsela al tabasque\u00f1o.<\/p>\n<p>Sonriente, ataviado con una chamarra roja de los Diablos Rojos, acompa\u00f1ado por <strong>Harp Hel\u00fa<\/strong>-ex due\u00f1o de Banamex-, <strong>Andr\u00e9s Manuel L\u00f3pez Obrador<\/strong> no atin\u00f3 a hilar un discurso coherente, y termin\u00f3 por hablar lo mismo del b\u00e9isbol que de la mafia del poder y de paso calificar, a los miles que lo abucheaban y gritaban, rechiflaban, de ser la porra del equipo fif\u00ed.<\/p>\n<p>\u00ab\u2026 me da mucho gusto inaugurar este extraordinario estadio de b\u00e9isbol\u2026 no voy a hablar mucho, porque hay algunos de <em>la porra del equipo fif\u00ed, <\/em>pero la mayor\u00eda de la gente est\u00e1 favor del cambio y a favor del rey de los deportes, el beisbol\u2026 (dijo revolviendo una cosa con la otra)<\/p>\n<p>\u201cVamos impulsar todos los deportes y vamos desde luego a impulsar el beisbol infantil, el juvenil, el amateur y el profesional porque el beisbol es m\u00e1s que un deporte, es una pasi\u00f3n, que requiere de cabeza, coraz\u00f3n y de car\u00e1cter\u2026 eso es el beisbol\u2026 quiero terminar agradeciendo a <strong>Alfredo Harp Hel\u00fa,<\/strong> el principal promotor del beisbol en M\u00e9xico\u2026 (aqu\u00ed parec\u00eda que hab\u00eda recobrado el aplomo\u2026 peeero..)<\/p>\n<p>\u201cY ahora s\u00ed, vamos a pichar\u2026 les voy a seguir tirando pura <em>pej\u00e9mo\u00f1a,<\/em> los voy a seguir <strong>controlando<\/strong> con lisas, con rectas de 95 millas, y con curvas\u2026 vamos a seguir ponchando a los de la mafia del poder\u2026 muchas gracias amigas y amigos\u201d, concluy\u00f3 en medio de una ola de abucheos y rechifla arreciada.<\/p>\n<p>\u00bfQu\u00e9 pas\u00f3 se preguntaron muchos?, \u00bfno que AMLO era el personaje m\u00e1s querido de M\u00e9xico luego de la virgencita de Guadalupe?<\/p>\n<p>La verdad es que no se puede hablar de complot, ni de un acto prefabricado como los abucheos de Morena a los gobernadores. No. Lo del s\u00e1bado evidentemente fue espont\u00e1neo.<\/p>\n<p>Fue con una audiencia que sum\u00f3 los 20 mil 800 aficionados, que pag\u00f3 boletos de entre 10, 15 y 20 mil pesos para ir a ver un juego de beisbol y de paso, inesperadamente, darse el lujo de refresc\u00e1rsela en vivo y en directo al Presidente de la Rep\u00fablica quien les recet\u00f3 el mote de porra del equipo fif\u00ed.<\/p>\n<p>\u00bfQu\u00e9 jugar\u00e1 ese equipo? Ojal\u00e1 y se lo pregunten en la ma\u00f1anera de hoy.<\/p>\n<p>Pero, insisto, qu\u00e9 bueno que el estadio fue de beis y no de fut\u2026<\/p>\n<p style=\"text-align: center;\"><strong>AMLO y Monreal, \u00bfa qu\u00e9 juegan?<\/strong><\/p>\n<p>Un d\u00eda antes, el viernes, al clausurar la 82 convenci\u00f3n bancaria, en el puerto de Acapulco, <strong>Andr\u00e9s Manuel L\u00f3pez Obrador<\/strong> les prometi\u00f3 a los banqueros que \u00e9l no regular\u00e1 el cobro de comisiones bancarias.<\/p>\n<p>Que las comisiones se regulen con la competencia entre bancos, afirm\u00f3.<\/p>\n<p>\u00abNo vamos a promover desde el Ejecutivo ninguna ley que regule u obligue el cobro de comisiones, es decir, que fije porcentajes en el cobro de comisiones de los bancos. Es un compromiso que hicimos y lo vamos a cumplir porque los compromisos se cumplen\u00bb, indic\u00f3.<\/p>\n<p>Las cejas levantadas y las caras de <em>\u00bfwhat?<\/em>, antecedieron al fuerte aplauso de agradecimiento de los sorprendidos casi mil banqueros que acudieron a la convenci\u00f3n.<\/p>\n<p>Fue entonces que algunos de los asistentes recordaron que, en la pasada convenci\u00f3n, <strong>L\u00f3pez Obrador,<\/strong> quien ya era Presidente Electo, se hab\u00eda comprometido a no realizar ning\u00fan cambio respecto de las finanzas y los bancos en 3 a\u00f1os.<\/p>\n<p>Y, en referencia a la iniciativa que se tramita en el Senado para regular las comisiones bancarias, aclar\u00f3 que \u00e9l no dar\u00e1 \u00f3rdenes a los legisladores porque \u00abcada qui\u00e9n es responsable de sus actos\u00bb.<\/p>\n<p>\u00abYo fijo la postura, con claridad, del poder Ejecutivo\u00bb, subray\u00f3.<\/p>\n<p>En busca de una mayor claridad, los reporteros de la fuente del Senado, hablaron con <strong>Ricardo Monreal<\/strong> quien confirm\u00f3:<\/p>\n<p>\u201c\u00c9l (AMLO) hace su trabajo y nosotros el nuestro\u201d.<\/p>\n<p>&#8211; Entonces, pese a estas declaraciones del Presidente, \u00bfusted va a seguir con la iniciativa para regular comisiones bancarias?, se le insisti\u00f3.<\/p>\n<p>\u201c\u00c9l es el Ejecutivo, \u00e9l tiene sus facultades y funciones y lo respetamos, siempre lo acompa\u00f1aremos. La C\u00e1mara de Senadores actuar\u00e1 en raz\u00f3n de su facultad\u201d.<\/p>\n<p>\u00bf?<\/p>\n<p style=\"text-align: center;\"><strong>Alex vs Yeidckol<\/strong><\/p>\n<p>Durante el fin de la semana, luego de que la dirigencia de Morena volvi\u00f3 a lanzar a <strong>Miguel Barbosa<\/strong> como candidato a la gubernatura de Puebla, <strong>Alejandro Rojas D\u00edaz Dur\u00e1n<\/strong>, consejero de Morena y suplente de <strong>Monreal,<\/strong> calific\u00f3 como una mentada para los poblanos esta postulaci\u00f3n, y anunci\u00f3 que denunciar\u00e1 ante los \u00f3rganos de Morena a <strong>Yeidckol Polevnsky, <\/strong>por flagrantes violaciones a los estatutos y por imponer candidatos a su antojo, como en el caso de <strong>Barbosa <\/strong>en Puebla.<\/p>\n<p>Consider\u00f3 que <strong>Polevnsky <\/strong>ha desviado el rumbo de Morena.<\/p>\n<p style=\"text-align: center;\"><strong>Los <em>muertos<\/em> gozan de cabal salud<\/strong><\/p>\n<p><strong>Elba Esther Gordillo<\/strong>, con algunos kilos de m\u00e1s respecto de sus apariciones anteriores, y sin el auxilio de tanques de ox\u00edgeno, ni rodeada de enfermeras y m\u00e9dicos, pero s\u00ed de representantes del INE, encabez\u00f3 en Tuxtla Guti\u00e9rrez, Chiapas, la primera asamblea \u2013esencialmente de maestros- para el registro del Partido <strong>Redes Sociales Progresistas.<\/strong><\/p>\n<p>Acompa\u00f1ada por el ex secretario de educaci\u00f3n de Chiapas, <strong>Ricardo Aguilar Gordillo,<\/strong> <em>La Maestra <\/em>comi\u00f3 luego con los coordinadores estatales del naciente partido.<\/p>\n<p>Y mientras <strong>Elba Esther<\/strong> reaparec\u00eda sonriente y rozagante, un tanto pasada de peso, en Chiapas, en Acapulco hac\u00eda lo propio su ex amigo Enrique Pe\u00f1a Nieto al lado de la bella modelo potosina <strong>Tania Ruiz.<\/strong><\/p>\n<p style=\"text-align: center;\"><strong>Va Trans-istmico<\/strong><\/p>\n<p>Un grupo de empresarios mexicanos, encabezados por <strong>Fernando Coello Pedrero<\/strong>, presentaron durante el fin de la semana el proyecto de construcci\u00f3n del tren Trans-Istmico, que forma parte de la propuesta de desarrollo de <strong>Andr\u00e9s Manuel L\u00f3pez Obrador<\/strong> para el sureste mexicano.<\/p>\n<p>Este proyecto consta de 3 etapas: la primera entrar\u00eda en operaci\u00f3n en 3 a\u00f1os con un costo inicial de 10 a 13 mil millones de d\u00f3lares.<\/p>\n<p>El empresario mexicano <strong>Coello Pedrero<\/strong>, dijo que espera que este proyecto sea del agrado de su amigo el presidente <strong>L\u00f3pez Obrador <\/strong>con quien espera reunirse en los siguientes d\u00edas.<\/p>\n<p>La primera etapa comprende la construcci\u00f3n de un tramo de 300 kil\u00f3metros de doble v\u00eda de tren, para unir los actuales puertos del Atl\u00e1ntico y el Pac\u00edfico en la zona del Istmo.<\/p>\n<p>El recorrido se realizar\u00eda en apenas 3 horas, con lo cual las navieras tendr\u00edan grandes ahorros en tiempo y dinero, ya que actualmente, en Panam\u00e1, tardan en cruzar m\u00e1s de ocho horas con un tiempo de espera de hasta 15 d\u00edas.<\/p>\n<p><em><a href=\"http:\/\/endirecto.mx\" target=\"_blank\" rel=\"noopener noreferrer\">www.endirecto.mx<\/a><\/em><br \/>\n<em><a href=\"https:\/\/twitter.com\/_rvizcaino\" target=\"_blank\" rel=\"noopener noreferrer\">@_RVizcaino<\/a><\/em><br \/>\n<a href=\"https:\/\/www.facebook.com\/rvizcainoa\" target=\"_blank\" rel=\"noopener noreferrer\">f<em>acebook.com\/rvizcainoa<\/em><\/a><\/p>\n","protected":false},"excerpt":{"rendered":"<p><span style=\"color: #005497;\"><strong>Roberto Vizca\u00edno<\/strong><\/span><br \/>\n<br \/>\nQu\u00e9 bueno que fue un estadio de beis, porque si hubiera sido de fut, seguro le hubieran aplicado el <em>eeehhhh!!! put<\/em>\u2026<\/p>\n","protected":false},"author":3,"featured_media":420736,"comment_status":"open","ping_status":"open","sticky":false,"template":"","format":"standard","meta":{"_monsterinsights_skip_tracking":false,"_monsterinsights_sitenote_active":false,"_monsterinsights_sitenote_note":"","_monsterinsights_sitenote_category":0,"footnotes":""},"categories":[136],"tags":[43674,93,94],"class_list":["post-420653","post","type-post","status-publish","format-standard","has-post-thumbnail","hentry","category-roberto-vizcaino-opinion","tag-opinion","tag-roberto-vizcaino","tag-tras-la-puerta-del-poder"],"_links":{"self":[{"href":"https:\/\/www.diarioimagen.net\/index.php?rest_route=\/wp\/v2\/posts\/420653","targetHints":{"allow":["GET"]}}],"collection":[{"href":"https:\/\/www.diarioimagen.net\/index.php?rest_route=\/wp\/v2\/posts"}],"about":[{"href":"https:\/\/www.diarioimagen.net\/index.php?rest_route=\/wp\/v2\/types\/post"}],"author":[{"embeddable":true,"href":"https:\/\/www.diarioimagen.net\/index.php?rest_route=\/wp\/v2\/users\/3"}],"replies":[{"embeddable":true,"href":"https:\/\/www.diarioimagen.net\/index.php?rest_route=%2Fwp%2Fv2%2Fcomments&post=420653"}],"version-history":[{"count":0,"href":"https:\/\/www.diarioimagen.net\/index.php?rest_route=\/wp\/v2\/posts\/420653\/revisions"}],"wp:featuredmedia":[{"embeddable":true,"href":"https:\/\/www.diarioimagen.net\/index.php?rest_route=\/wp\/v2\/media\/420736"}],"wp:attachment":[{"href":"https:\/\/www.diarioimagen.net\/index.php?rest_route=%2Fwp%2Fv2%2Fmedia&parent=420653"}],"wp:term":[{"taxonomy":"category","embeddable":true,"href":"https:\/\/www.diarioimagen.net\/index.php?rest_route=%2Fwp%2Fv2%2Fcategories&post=420653"},{"taxonomy":"post_tag","embeddable":true,"href":"https:\/\/www.diarioimagen.net\/index.php?rest_route=%2Fwp%2Fv2%2Ftags&post=420653"}],"curies":[{"name":"wp","href":"https:\/\/api.w.org\/{rel}","templated":true}]}}