{"id":420655,"date":"2019-03-25T00:01:30","date_gmt":"2019-03-25T06:01:30","guid":{"rendered":"https:\/\/www.diarioimagen.net\/?p=420655"},"modified":"2019-03-25T02:09:46","modified_gmt":"2019-03-25T08:09:46","slug":"a-lopez-obrador-no-le-gusto-rechifla","status":"publish","type":"post","link":"https:\/\/www.diarioimagen.net\/?p=420655","title":{"rendered":"A L\u00f3pez Obrador no le gust\u00f3 rechifla"},"content":{"rendered":"<h2>La Retaguardia<\/h2>\n<h5>Adriana Moreno Cordero<\/h5>\n<p><em>\u00a0<\/em><\/p>\n<ul>\n<li><strong><em>Servicios bancarios a todos los municipios<\/em><\/strong><\/li>\n<li><strong><em>Elecci\u00f3n PRI, sin dados cargados y voto libre: Moreno C\u00e1rdenas<\/em><\/strong><\/li>\n<\/ul>\n<p>&nbsp;<\/p>\n<p>Ya se consignaba en este espacio en anterior entrega, que el presidente <strong>Andr\u00e9s Manuel L\u00f3pez Obrador<\/strong> hab\u00eda cerrado la semana anterior con varios motivos para enojarse, como por ejemplo, la resistencia de los \u201cmaestros\u201d de la Coordinadora Nacional de Trabajadores de la Educaci\u00f3n a su reforma educativa y supuso que el fin de semana le ser\u00eda tranquilo, dedicado al deporte de esta administraci\u00f3n, el beisbol.<\/p>\n<p>Sin embargo, al inaugurar el s\u00e1bado el estadio de los Diablos Rojos de M\u00e9xico, el tabasque\u00f1o se llev\u00f3 soberana rechifla de los asistentes al juego que le gritaron \u201c\u00a1Fuera, fuera!\u201d.<\/p>\n<p>Acompa\u00f1ado el mandatario por el empresario <strong>Alfredo Harp Hel\u00fa<\/strong> y por la flamante\u00a0 titular de la Comisi\u00f3n Nacional del Deporte, <strong>Ana Gabriela Guevara<\/strong>, que no ha hecho nada al frente de la Conade y no supo ni qu\u00e9 hacer ni d\u00f3nde meterse, el jefe de Ejecutivo fue objeto de la primera de muchas rechiflas que no precisamente provinieron de la \u201cporra fif\u00ed\u201d, como \u00e9l mismo dijo, sino m\u00e1s bien de un fen\u00f3meno que se empieza a manifestarse apenas a tres meses de haber asumido su administraci\u00f3n y que es el voto del desencanto, es decir, de aquellos que muy confiados pusieron sus esperanzas en Morena, pero tambi\u00e9n de los que nunca han votado por el tabasque\u00f1o.<\/p>\n<p>No hay que soslayar, en este sentido, que el presidente L\u00f3pez Obrador y sus seguidores, verdaderamente gozaban con cuando en sus giras a diferentes estados, los que se llevaban los abucheos, eran los gobernadores que no pertenec\u00edan a Morena, (ya van 16) y que estoicamente se aguantaron, ante la sonrisa burlona de AMLO, quien se ufanaba de tener el control sobre la masa de sus incondicionales.<\/p>\n<p>Ahora, en un acto deportivo, abuchean y reclaman al presidente y entonces s\u00ed, ya no le pareci\u00f3; quiso disimular con una sonrisa su tremendo malestar y se dio a la tarea de insultar a los que osaron chiflarle y gritarle que se fuera del lugar, con todo y que el tabasque\u00f1o tra\u00eda puesta la chamarra de los Diablos Rojos. Seguramente este malestar e indignaci\u00f3n lo har\u00e1 extensivo AMLO en su conferencia ma\u00f1anera de hoy.<\/p>\n<p>Por lo pronto, la secretaria de Gobernaci\u00f3n, <strong>Olga S\u00e1nchez Cordero<\/strong>, intent\u00f3 por todos los medios a su alcance justificar esa contundente muestra de rechazo a L\u00f3pez Obrador, argumentando que es parte de \u201cde la diversidad y la libertad de expresi\u00f3n\u201d, pero tambi\u00e9n al gabinete l\u00f3pezobradorista le caus\u00f3 sorpresa, y no menor, que el voto de desencanto est\u00e9 permeando paulatina, pero muy consistentemente en los inicios de la llamada Cuarta Transformaci\u00f3n.<\/p>\n<p style=\"text-align: center;\"><strong>Municiones<\/strong><\/p>\n<p>*** En el marco de la 82 Convenci\u00f3n Nacional Bancaria que se celebr\u00f3 en Acapulco, <strong>Luis Ni\u00f1o de Rivera<\/strong> asumi\u00f3 la presidencia de la Asociaci\u00f3n de Bancos de M\u00e9xico. Al agradecer su triunfo, se\u00f1al\u00f3 que esta es la segunda ocasi\u00f3n en que la decisi\u00f3n por la presidencia de la ABM, fue producto de una elecci\u00f3n con voto secreto y directo y se comprometi\u00f3 a estar a la altura de las exigencias que impone el di\u00e1logo directo y personal con las 51 instituciones que componen esta gran asociaci\u00f3n.<\/p>\n<p>Ni\u00f1o de Rivera explic\u00f3 que \u201cla banca es un actor de la mayor relevancia en la vida social y econ\u00f3mica del\u00a0 pa\u00eds. Es un catalizador que cumple primordialmente con tres funciones: la\u00a0 captaci\u00f3n del ahorro de personas f\u00edsicas y morales, la colocaci\u00f3n de esos\u00a0 recursos mediante el otorgamiento de cr\u00e9dito y el movimiento de dinero a\u00a0 trav\u00e9s de medios electr\u00f3nicos y f\u00edsicos que dan vida a la transaccionalidad\u00a0 de la econom\u00eda nacional\u201d.<\/p>\n<p>En este sentido, el nuevo presidente de la Asociaci\u00f3n de Bancos de M\u00e9xico, detall\u00f3 que para cumplir con estas tres tareas, la base es muy importante, ya que en los \u00faltimos 25 a\u00f1os, en el pa\u00eds se construy\u00f3\u00a0 una industria bancaria robusta, con 9.5 billones de pesos de activos, de los\u00a0 cuales 5.2 billones corresponden a cartera de cr\u00e9dito con elevada calidad.<\/p>\n<p>Pasivos\u00a0totales de 8.5 billones de pesos, de los cuales 5.7 billones son captaci\u00f3n, y un capital contable de 1 bill\u00f3n de pesos. Con \u00edndices de capitalizaci\u00f3n, de\u00a0 liquidez y de rendimiento sobre los activos y el capital muy solventes. Muy por\u00a0 encima de los m\u00ednimos regulatorios, y con una comparaci\u00f3n sumamente\u00a0 favorable a nivel internacional.<\/p>\n<p>Finamente, Luis Ni\u00f1o de Rivera, ante el presidente L\u00f3pez Obrador y el gobernador del Banco de M\u00e9xico, <strong>Alejandro D\u00edaz de Le\u00f3n<\/strong>,\u00a0 se comprometi\u00f3 llevar servicios bancarios a todos los municipios del pa\u00eds. \u201cNos obliga a ello la responsabilidad social y el\u00a0inter\u00e9s por que todos los estamentos de la sociedad logren un desarrollo\u00a0econ\u00f3mico pleno\u201d.<\/p>\n<p>*** El gobernador de Campeche, <strong>Alejandro Moreno C\u00e1rdenas<\/strong>, encabez\u00f3 la conmemoraci\u00f3n de XXV Aniversario del asesinato del ex candidato presidencial de PRI, <strong>Luis Donaldo Colosio<\/strong>. De cara a la renovaci\u00f3n en la dirigencia de dicho instituto pol\u00edtico, el mandatario estatal se\u00f1al\u00f3 que \u201cha llegado el momento de iniciar la transformaci\u00f3n del PRI y hacer la apuesta m\u00e1s grande de todo o nada por la democracia en el partido\u201d.<\/p>\n<p>Asimismo, Moreno C\u00e1rdenas advirti\u00f3 que sigue vigente el llamado de Colosio Murrieta de que hay que responderle a la gente, \u201cquienes creen\u00a0 en la muerte de PRI ya perdieron, porque el partido sigue vivo y m\u00e1s colosista que nunca\u201d.<\/p>\n<p>El mandatario campechano reiter\u00f3 su convicci\u00f3n de que el proceso interno de renovaci\u00f3n de Revolucionario Institucional, en el que participar\u00e1, que sean las bases las que decidan porque \u201choy, quienes quisieran dados cargados o cartas marcadas para competir, son quienes no le apuestan a la democracia porque saben que con reglas claras, con juego limpio y el voto libre de los militantes, no tienen ninguna posibilidad de ganar.<\/p>\n<p>*** Al anunciar el Colegio de Arquitectos de la Ciudad de M\u00e9xico su Foro internacional \u201cDe lo Metropolitano a lo Urbano\u201d, la presidenta, <strong>Susana Miranda Ruiz<\/strong>, inform\u00f3 que el objetivo es\u00a0 con miras a facilitar el proceso de transici\u00f3n del gobierno de la Ciudad de M\u00e9xico de delegaciones a alcald\u00edas, \u201ces un encuentro de expertos, acad\u00e9micos, funcionarios, legisladores y estudiantes dise\u00f1ado para proponer, discutir, evaluar y fijar prioridades para resolver los grandes retos urbanos\u201d que enfrenta la Zona Metropolitana del Valle de M\u00e9xico (ZMVM).<\/p>\n<p>Asistir\u00e1n expertos, acad\u00e9micos, funcionarios, legisladores y estudiantes y discutir\u00e1n soluciones para problemas de planeaci\u00f3n urbana, h\u00eddricos y de gobernanza. Las conclusiones ser\u00e1n entregadas tanto a la jefa de Gobierno de a CDMX, <strong>Claudia Sheinbaum<\/strong>, como a los 16 alcaldes locales y a los ediles de la zona conurbada.<\/p>\n<p><a href=\"mailto:morcora@gmail.com\" target=\"_blank\" rel=\"noopener noreferrer\"><em>morcora@gmail.com<\/em><\/a><\/p>\n","protected":false},"excerpt":{"rendered":"<p><span style=\"color: #005497;\"><strong>Adriana Moreno Cordero<\/strong><\/span><\/p>\n","protected":false},"author":3,"featured_media":0,"comment_status":"open","ping_status":"open","sticky":false,"template":"","format":"standard","meta":{"_monsterinsights_skip_tracking":false,"_monsterinsights_sitenote_active":false,"_monsterinsights_sitenote_note":"","_monsterinsights_sitenote_category":0,"footnotes":""},"categories":[69370],"tags":[69369,69368,43674],"class_list":["post-420655","post","type-post","status-publish","format-standard","hentry","category-adriana-moreno-cordero","tag-adriana-moreno-cordero","tag-la-retaguardia","tag-opinion"],"_links":{"self":[{"href":"https:\/\/www.diarioimagen.net\/index.php?rest_route=\/wp\/v2\/posts\/420655","targetHints":{"allow":["GET"]}}],"collection":[{"href":"https:\/\/www.diarioimagen.net\/index.php?rest_route=\/wp\/v2\/posts"}],"about":[{"href":"https:\/\/www.diarioimagen.net\/index.php?rest_route=\/wp\/v2\/types\/post"}],"author":[{"embeddable":true,"href":"https:\/\/www.diarioimagen.net\/index.php?rest_route=\/wp\/v2\/users\/3"}],"replies":[{"embeddable":true,"href":"https:\/\/www.diarioimagen.net\/index.php?rest_route=%2Fwp%2Fv2%2Fcomments&post=420655"}],"version-history":[{"count":0,"href":"https:\/\/www.diarioimagen.net\/index.php?rest_route=\/wp\/v2\/posts\/420655\/revisions"}],"wp:attachment":[{"href":"https:\/\/www.diarioimagen.net\/index.php?rest_route=%2Fwp%2Fv2%2Fmedia&parent=420655"}],"wp:term":[{"taxonomy":"category","embeddable":true,"href":"https:\/\/www.diarioimagen.net\/index.php?rest_route=%2Fwp%2Fv2%2Fcategories&post=420655"},{"taxonomy":"post_tag","embeddable":true,"href":"https:\/\/www.diarioimagen.net\/index.php?rest_route=%2Fwp%2Fv2%2Ftags&post=420655"}],"curies":[{"name":"wp","href":"https:\/\/api.w.org\/{rel}","templated":true}]}}