{"id":420659,"date":"2019-03-25T00:03:46","date_gmt":"2019-03-25T06:03:46","guid":{"rendered":"https:\/\/www.diarioimagen.net\/?p=420659"},"modified":"2019-03-25T02:13:27","modified_gmt":"2019-03-25T08:13:27","slug":"cdmx-al-borde-del-colapso-hidrico","status":"publish","type":"post","link":"https:\/\/www.diarioimagen.net\/?p=420659","title":{"rendered":"CDMX, al borde del colapso h\u00eddrico"},"content":{"rendered":"<h2>Como veo, doy<\/h2>\n<h5>Jorge Luis Galicia Palacios<\/h5>\n<p>&nbsp;<\/p>\n<ul>\n<li><strong><em>El problema de falta de agua es grave, advierten legisladores<\/em><\/strong><\/li>\n<li><strong><em>Fomentar la cultura del ahorro y sistemas de captaci\u00f3n pluvial, necesidades urgentes.<\/em><\/strong><\/li>\n<\/ul>\n<p>&nbsp;<\/p>\n<p>&nbsp;<\/p>\n<p>\u201cLa Ciudad de M\u00e9xico es la entidad del pa\u00eds con la situaci\u00f3n m\u00e1s cr\u00edtica, respecto del servicio de agua potable, por lo que es fundamental tomar medidas urgentes al respecto\u201d, alert\u00f3 el investigador del Instituto de Investigaciones Jur\u00eddicas de la UNAM, Rodrigo Guti\u00e9rrez y Rivas, al participar en el Foro que con motivo del \u201cD\u00eda Mundial del Agua\u201d se llev\u00f3 a cabo en las instalaciones del Congreso capitalino, y en el que legisladores, autoridades y especialistas en el tema coincidieron en la importancia de que la sociedad debe tomar conciencia sobre el cuidado del agua y la urgencia de implementar sistemas alternativos de captaci\u00f3n del vital l\u00edquido.<\/p>\n<p>Guti\u00e9rrez y Rivas advirti\u00f3 que \u201cLa Ciudad de M\u00e9xico forma parte de las 12 ciudades estudiadas a nivel global, que se van a quedar sin agua.<\/p>\n<p>Hoy estamos al borde del colapso h\u00eddrico\u201d.\u00a0 Y destac\u00f3 que la disponibilidad media a nivel nacional es aproximadamente de 4 mil metros c\u00fabicos por habitante al a\u00f1o, en la capital tenemos 140 metros c\u00fabicos por habitante al a\u00f1o. \u201cEsto es alarmante\u201d, concluy\u00f3.<\/p>\n<p>Para reflexionar, sin duda, son los datos que en ese foro tem\u00e1tico externaron los ponentes y donde, entre otras cosas, alertaron a la poblaci\u00f3n nacional, particularmente a los habitantes de la capital, a tomar precauciones para evitar fugas del vital l\u00edquido y, sobre todo, a fomentar una verdadera cultura del agua, donde por un lado se vigile que no se desperdicie y por otro se diversifiquen los sistemas para captar agua de lluvia, porque \u00a0cada vez es m\u00e1s dif\u00edcil el suministro del agua a esta parte de pa\u00eds.<\/p>\n<p>\u201cEste foro es un espacio para reflexionar y analizar las alternativas y los retos que tenemos como sociedad. Si nos olvidamos del agua, nos olvidamos de nosotros mismos\u201d, advirti\u00f3 el diputado Mart\u00edn Padilla, del grupo parlamentario de Morena.<\/p>\n<p>Por su parte, el diputado del Partido Acci\u00f3n Nacional (PAN), Christian Dami\u00e1n Von Roerich, asegur\u00f3 que si bien el derecho a disponer de agua, es una garant\u00eda humana consagrada en la Constituci\u00f3n y diversas leyes, dista mucho de la realidad que se vive y de la crisis que se enfrenta en la Ciudad de M\u00e9xico.<\/p>\n<p>Son precisamente a partir de esos diagn\u00f3sticos y estudios realizados por autoridades de los tres niveles de gobierno, los legisladores y especialistas en materia hidrol\u00f3gica, por lo que los ciudadanos en general hoy sabemos que el problema de la carencia de agua potable en nuestras comunidades es grave y requiere de una atenci\u00f3n inmediata.<\/p>\n<p>Lo sabemos, lamentablemente, es triste decirlo, pareciera ser que de esta problem\u00e1tica la gente solo se acuerda cada a\u00f1o al recordar la efem\u00e9ride donde a nivel mundial se habla de la importancia del tema.<\/p>\n<p>En ese sentido, el D\u00eda Mundial del Agua nos debe recordar la importancia que el l\u00edquido tiene para generar vida, pero tambi\u00e9n debe ser una oportunidad que no debemos dejar pasar para abordar con mayor seriedad el tema de la escasez y los problemas de distribuci\u00f3n.<\/p>\n<p>En ese contexto, buscar la implementaci\u00f3n inmediata de una verdadera cultura del ahorro del agua, una cultura que nos permita optimar su uso; una cultura que nos ense\u00f1e a reutilizar el agua de lluvia y adem\u00e1s regenerar nuestros ecosistemas, y aunque los diagn\u00f3sticos son importantes en la atenci\u00f3n de este problema, hoy lo que importa es pasar a la siguiente p\u00e1gina, la de las acciones.<\/p>\n<p>Acciones inmediatas y urgentes, as\u00ed deben ser, porque si hoy no se act\u00faa con mayor conciencia ma\u00f1ana estaremos hablando de esa guerra que nadie quiere, pero de la que ya muchos ven venir: La guerra del agua.<\/p>\n<p><strong>VA MI RESTO<\/strong>.- A ra\u00edz de una recomendaci\u00f3n hecha por\u00a0la\u00a0Conferencia de las Naciones Unidas sobre el Medio Ambiente y el Desarrollo (CNUMAD), de crear un d\u00eda internacional dedicado al agua, la Asamblea General de las Naciones Unidas design\u00f3 el 22 de marzo de 1993 como el primer D\u00eda Mundial del Agua.<\/p>\n<p>Desde entonces, la efem\u00e9ride nos invita a reflexionar sobre los desaf\u00edos del agua, sea por sequ\u00edas, por la contaminaci\u00f3n, por inundaciones, por la infraestructura que se requiere para su distribuci\u00f3n, por el mantenimiento de redes de agua, si es cara o es barata, o por la cultura del ahorro del agua que hace muchos a\u00f1os se le vio nacer, pero con resultados raqu\u00edticos hasta ahora.<\/p>\n<p>Por mencionar un ejemplo de lo que hay que insistir en hacer, hoy en d\u00eda urge que los congresos locales legislen para reforzar la cultura del ahorro del agua, pero tambi\u00e9n que consideren \u00a0modificaciones a los planes de desarrollo urbano, obligando a constructores que en nuevos proyectos de oficinas, comercios o casas habitaci\u00f3n presenten, como requisito indispensable, esquemas o sistemas de captaci\u00f3n de agua de lluvia para el regado de jardines, servicios sanitarios, lavado de coches y alg\u00fan otro servicio donde no se requiera el uso de agua potable.<\/p>\n<p>En fin, los problemas expuestos en el Foro con motivo del D\u00eda Mundial de Agua es un primer aviso de lo que podr\u00eda venir para todo el territorio nacional, de ah\u00ed que la poblaci\u00f3n en general debemos hacer un esfuerzo para propiciar ahorros en el consumo del agua, por un lado, en tanto que las autoridades deben invertir en obras con visi\u00f3n de futuro, y una buena inversi\u00f3n es la realizaci\u00f3n de proyectos para captar agua pluvial.<\/p>\n<p>Al tema tal vez se llegue tarde, pero todav\u00eda estamos a tiempo y en este tipo de decisiones hay muy poco margen para regarla, y hasta ah\u00ed porque como veo doy.<\/p>\n<p><em><a href=\"mailto:jorgelgalicia@yahoo.com.mx\" target=\"_blank\" rel=\"noopener noreferrer\">jorgelgalicia@yahoo.com.mx<\/a><\/em><\/p>\n","protected":false},"excerpt":{"rendered":"<p><span style=\"color: #005497;\"><strong>Jorge Luis Galicia Palacios<\/strong><\/span><\/p>\n","protected":false},"author":3,"featured_media":0,"comment_status":"open","ping_status":"open","sticky":false,"template":"","format":"standard","meta":{"_monsterinsights_skip_tracking":false,"_monsterinsights_sitenote_active":false,"_monsterinsights_sitenote_note":"","_monsterinsights_sitenote_category":0,"footnotes":""},"categories":[63916],"tags":[28722,63917,43674],"class_list":["post-420659","post","type-post","status-publish","format-standard","hentry","category-jorge-luis-galicia-palacios","tag-como-veo-doy","tag-jorge-luis-galicia-palacios","tag-opinion"],"_links":{"self":[{"href":"https:\/\/www.diarioimagen.net\/index.php?rest_route=\/wp\/v2\/posts\/420659","targetHints":{"allow":["GET"]}}],"collection":[{"href":"https:\/\/www.diarioimagen.net\/index.php?rest_route=\/wp\/v2\/posts"}],"about":[{"href":"https:\/\/www.diarioimagen.net\/index.php?rest_route=\/wp\/v2\/types\/post"}],"author":[{"embeddable":true,"href":"https:\/\/www.diarioimagen.net\/index.php?rest_route=\/wp\/v2\/users\/3"}],"replies":[{"embeddable":true,"href":"https:\/\/www.diarioimagen.net\/index.php?rest_route=%2Fwp%2Fv2%2Fcomments&post=420659"}],"version-history":[{"count":0,"href":"https:\/\/www.diarioimagen.net\/index.php?rest_route=\/wp\/v2\/posts\/420659\/revisions"}],"wp:attachment":[{"href":"https:\/\/www.diarioimagen.net\/index.php?rest_route=%2Fwp%2Fv2%2Fmedia&parent=420659"}],"wp:term":[{"taxonomy":"category","embeddable":true,"href":"https:\/\/www.diarioimagen.net\/index.php?rest_route=%2Fwp%2Fv2%2Fcategories&post=420659"},{"taxonomy":"post_tag","embeddable":true,"href":"https:\/\/www.diarioimagen.net\/index.php?rest_route=%2Fwp%2Fv2%2Ftags&post=420659"}],"curies":[{"name":"wp","href":"https:\/\/api.w.org\/{rel}","templated":true}]}}