{"id":420661,"date":"2019-03-25T00:04:39","date_gmt":"2019-03-25T06:04:39","guid":{"rendered":"https:\/\/www.diarioimagen.net\/?p=420661"},"modified":"2019-03-25T02:16:02","modified_gmt":"2019-03-25T08:16:02","slug":"amlo-ponchado-hasta-en-beisbol","status":"publish","type":"post","link":"https:\/\/www.diarioimagen.net\/?p=420661","title":{"rendered":"AMLO, ponchado\u2026 hasta en beisbol"},"content":{"rendered":"<h2>Espacio Electoral<\/h2>\n<h5>Eleazar Flores<\/h5>\n<p>&nbsp;<\/p>\n<p>DIFUSI\u00d3N DISCRETA.- Por \u00bfmotivo$? Que se desconocen u oficios de excelencia de prensa de la Presidencia de la Rep\u00fablica, no se hizo tanta alharaca en medios electr\u00f3nicos de comunicaci\u00f3n, de la rechifla al presidente Andr\u00e9s Manuel L\u00f3pez Obrador la noche del s\u00e1bado pasado.<\/p>\n<p>En la inauguraci\u00f3n del estadio de beisbol de los Diablos Rojos del M\u00e9xico de don Alfredo Harp Hel\u00fa, todo iba bien, hasta que habl\u00f3 AMLO por laaaargos tres minutos, suficientes para recibir una rechifla que aument\u00f3 de volumen cuando dijo que de entre la porra seguro hab\u00eda algunos fif\u00eds.<\/p>\n<p>Ignoro si todos, pero los principales medios impresos de la capital del pa\u00eds s\u00ed incluyeron en primera plana la nota o cuando menos la entrada de dicha rechifla, suceso que el mandatario hubiera aprovechado para invocar a la unidad, pero no, a cambio volvi\u00f3 a criticar a los fif\u00eds y a los de la mafia del poder, lo que demuestra, una vez m\u00e1s, su reacci\u00f3n indebida ante la adversidad.<\/p>\n<p>Con bombo y platillo y con inusual anticipaci\u00f3n, -a diferencia de la intempestiva visita nocturna del yerno de Trump la semana pasada-, se anunci\u00f3 la presencia de L\u00f3pez Obrador a inaugurar el flamante estadio de beisbol del ic\u00f3nico equipo capitalino los Diablos Rojos del M\u00e9xico, sabedor todo mundo, de la afici\u00f3n presidencial por el rey de los deportes.<\/p>\n<p>Obvio que del viernes a la fecha hay innumerables sucesos acerca de los cuales se puede escribir, pero no todos los d\u00edas se inaugura un estadio y ser\u00e1 dif\u00edcil que el mandatario vuelva a asistir a una inauguraci\u00f3n, por lo que se hace obligado subrayar su comportamiento indebido ante una afici\u00f3n seguramente, no s\u00f3lo ajena, sino harta de la pol\u00edtica de antes y de ahora, o de algunos pol\u00edticos.<\/p>\n<p>Rechiflas a pol\u00edticos y a mandatarios de nuestro pa\u00eds tal vez sean pocas, pero inolvidables, destacando entre ellas la que se llev\u00f3 el presidente Gustavo D\u00edaz Ordaz cuando inaugur\u00f3 la XIX novena Olimpiada en el estadio de Ciudad Universitaria, explic\u00e1ndose el hecho por la frescura de los fat\u00eddicos hechos estudiantiles del 2 de octubre\u2026\u201dno se olvida\u201d, coreaban los muchachos.<\/p>\n<p>Tambi\u00e9n la rechifla contra el presidente Miguel de la Madrid Hurtado el 29 de junio de 1986, al acudir a inaugurar la XIII edici\u00f3n del Campeonato Mundial de Futbol, hecho registrado en el reci\u00e9n inaugurado Estadio Azteca. La explicaci\u00f3n dada por los analistas la adjudican a la tibia actitud del presidente De la Madrid ante los funestos acontecimientos del temblor de 1985.<\/p>\n<p>Dado que al padre de la cuarta transformaci\u00f3n se le pasa o perdona todo, incluyendo errores de su gabinete, la rechifla sabatina ah\u00ed quedar\u00e1, j\u00farelo.<\/p>\n<p><a href=\"mailto:elefa44@gmail.com\" target=\"_blank\" rel=\"noopener noreferrer\"><em>elefa44@gmail.com<\/em><\/a><\/p>\n","protected":false},"excerpt":{"rendered":"<p><span style=\"color: #005497;\"><strong>Eleazar Flores<\/strong><\/span><\/p>\n","protected":false},"author":3,"featured_media":0,"comment_status":"open","ping_status":"open","sticky":false,"template":"","format":"standard","meta":{"_monsterinsights_skip_tracking":false,"_monsterinsights_sitenote_active":false,"_monsterinsights_sitenote_note":"","_monsterinsights_sitenote_category":0,"footnotes":""},"categories":[81743],"tags":[81744,81776,43674],"class_list":["post-420661","post","type-post","status-publish","format-standard","hentry","category-eleazar-flores","tag-eleazar-flores","tag-espacio-electoral","tag-opinion"],"_links":{"self":[{"href":"https:\/\/www.diarioimagen.net\/index.php?rest_route=\/wp\/v2\/posts\/420661","targetHints":{"allow":["GET"]}}],"collection":[{"href":"https:\/\/www.diarioimagen.net\/index.php?rest_route=\/wp\/v2\/posts"}],"about":[{"href":"https:\/\/www.diarioimagen.net\/index.php?rest_route=\/wp\/v2\/types\/post"}],"author":[{"embeddable":true,"href":"https:\/\/www.diarioimagen.net\/index.php?rest_route=\/wp\/v2\/users\/3"}],"replies":[{"embeddable":true,"href":"https:\/\/www.diarioimagen.net\/index.php?rest_route=%2Fwp%2Fv2%2Fcomments&post=420661"}],"version-history":[{"count":0,"href":"https:\/\/www.diarioimagen.net\/index.php?rest_route=\/wp\/v2\/posts\/420661\/revisions"}],"wp:attachment":[{"href":"https:\/\/www.diarioimagen.net\/index.php?rest_route=%2Fwp%2Fv2%2Fmedia&parent=420661"}],"wp:term":[{"taxonomy":"category","embeddable":true,"href":"https:\/\/www.diarioimagen.net\/index.php?rest_route=%2Fwp%2Fv2%2Fcategories&post=420661"},{"taxonomy":"post_tag","embeddable":true,"href":"https:\/\/www.diarioimagen.net\/index.php?rest_route=%2Fwp%2Fv2%2Ftags&post=420661"}],"curies":[{"name":"wp","href":"https:\/\/api.w.org\/{rel}","templated":true}]}}