{"id":420706,"date":"2019-03-25T00:03:30","date_gmt":"2019-03-25T06:03:30","guid":{"rendered":"https:\/\/www.diarioimagen.net\/?p=420706"},"modified":"2019-03-25T06:58:01","modified_gmt":"2019-03-25T12:58:01","slug":"el-tata-martino-marca-linea-de-trabajo-en-el-tri","status":"publish","type":"post","link":"https:\/\/www.diarioimagen.net\/?p=420706","title":{"rendered":"El \u201cTata\u201d Martino marca l\u00ednea de trabajo en el Tri"},"content":{"rendered":"<ul>\n<li><strong><em>Sald\u00f3 con un triunfo su presentaci\u00f3n como entrenador<\/em><\/strong><\/li>\n<\/ul>\n<p>&nbsp;<\/p>\n<div id=\"attachment_420734\" style=\"width: 470px\" class=\"wp-caption aligncenter\"><a href=\"https:\/\/www.diarioimagen.net\/?attachment_id=420734\" rel=\"attachment wp-att-420734\"><img loading=\"lazy\" decoding=\"async\" aria-describedby=\"caption-attachment-420734\" class=\"size-large wp-image-420734\" src=\"https:\/\/www.diarioimagen.net\/wp-content\/uploads\/2019\/03\/deportes-2-460x259.jpg\" alt=\"\" width=\"460\" height=\"259\" srcset=\"https:\/\/www.diarioimagen.net\/wp-content\/uploads\/2019\/03\/deportes-2-460x259.jpg 460w, https:\/\/www.diarioimagen.net\/wp-content\/uploads\/2019\/03\/deportes-2-240x135.jpg 240w, https:\/\/www.diarioimagen.net\/wp-content\/uploads\/2019\/03\/deportes-2-235x132.jpg 235w, https:\/\/www.diarioimagen.net\/wp-content\/uploads\/2019\/03\/deportes-2-202x114.jpg 202w, https:\/\/www.diarioimagen.net\/wp-content\/uploads\/2019\/03\/deportes-2-350x196.jpg 350w, https:\/\/www.diarioimagen.net\/wp-content\/uploads\/2019\/03\/deportes-2-220x123.jpg 220w, https:\/\/www.diarioimagen.net\/wp-content\/uploads\/2019\/03\/deportes-2-237x132.jpg 237w, https:\/\/www.diarioimagen.net\/wp-content\/uploads\/2019\/03\/deportes-2.jpg 480w\" sizes=\"auto, (max-width: 460px) 100vw, 460px\" \/><\/a><p id=\"caption-attachment-420734\" class=\"wp-caption-text\">Gerardo \u201cTata\u201d Martino sald\u00f3 con triunfo su presentaci\u00f3n en el Tricolor contra la selecci\u00f3n de Chile.<\/p><\/div>\n<p>&nbsp;<\/p>\n<p>La presentaci\u00f3n de Gerardo \u201cTata\u201d Martino como entrenador de la selecci\u00f3n mexicana se sald\u00f3 con triunfo, por lo que hay varios elementos que empiezan a dejar claro la l\u00ednea de trabajo que tratar\u00e1 de imponer el t\u00e9cnico argentino.<\/p>\n<p>La premura con la que se presenta la Copa Oro \u2013que inicia el 15 de junio\u2013 no le permitir\u00e1 plasmar al cien por ciento su idea futbol\u00edstica, por lo que en estos juegos de preparaci\u00f3n est\u00e1 abocado a que el grupo conozca su m\u00e9todo de trabajo, sin dejar de lado que tambi\u00e9n es importante conseguir victorias que den confianza a su incipiente proceso.<\/p>\n<p>\u201cSi tuvi\u00e9ramos que mencionar las cosas que podemos mejorar, nos vamos ma\u00f1ana, reci\u00e9n empezamos a entrenar, no solo se mejora, sino tambi\u00e9n se confirma en la forma de jugar. Lo valioso de hoy ha sido la intenci\u00f3n de querer hacer y nosotros tuvimos en el primer tiempo una situaci\u00f3n clara de gol de Chile en una equivocaci\u00f3n clara en una salida, pero en la siguiente jugada, volvimos a intentar salir jugando; reafirmar estas cuestiones, corregir el error, si vamos perdiendo, sostenemos lo que entrenamos, porque esa es la manera que tenemos para ganar. Los resultados ayudan a sostener la idea\u201d, dijo el timonel al t\u00e9rmino del juego.<\/p>\n<p>En estos d\u00edas en los que ya ha podido entrenar tanto con los jugadores que militan en la Liga MX, as\u00ed como los que est\u00e1n en el futbol europeo, Martino ha dejado muy en claro que la disciplina y la competencia deportiva son fundamentales en su m\u00e9todo.<\/p>\n<p>Lo que aconteci\u00f3 con Jes\u00fas Manuel Corona le permiti\u00f3 a Gerardo Martino dejar en claro que durante su proceso se tendr\u00e1n que respetar los llamados a la selecci\u00f3n mexicana. El entrenador fue muy enf\u00e1tico cuando habl\u00f3 por primera vez del tema e hizo p\u00fablico su descontento por la ausencia del jugador, luego cuando le llegaron los estudios de la lesi\u00f3n del Tecatito redirigi\u00f3 su molestia hacia el Porto.<\/p>\n<p>Al Tata le molestaron las formas, pero de alguna manera sirvi\u00f3 para que todos entendieran que con \u00e9l no se pueden dar ausencias inexplicables. Otro aspecto que ha tenido relevancia es que no se le concedi\u00f3 permiso a ninguno de los elementos que militan en Europa para que abandonaran la concentraci\u00f3n despu\u00e9s del primer compromiso.<\/p>\n<p>Martino desea un grupo comprometido con el trabajo, adem\u00e1s que en este arranque de proceso lo que m\u00e1s le importa es que asimilen su forma de trabajo y para ello es necesario que est\u00e9n \u00e9l el mayor tiempo posible.<\/p>\n<p>En su primer once como t\u00e9cnico de la selecci\u00f3n mexicana, Gerardo Martino fue lo m\u00e1s ecu\u00e1nime posible. Por ejemplo, en el proceso anterior se coloc\u00f3 a Javier Hern\u00e1ndez por encima de Jim\u00e9nez en la Copa del Mundo, pese a que ya era evidente que Ra\u00fal se encontraba en un mejor momento que <em>Chicharito<\/em>. La jerarqu\u00eda pes\u00f3. El viernes el <em>Tata<\/em> le dio la titularidad al delantero del Wolverhampton, respetando el nivel que ha mostrado en su club.<\/p>\n<p>Tampoco le dio entrada a toda la legi\u00f3n europea, sino que prioriz\u00f3 el nivel de sus jugadores, dejando que elementos como Carlos Rodr\u00edguez y Rodolfo Pizarro pudieran iniciar en el juego, por encima de Erick Guti\u00e9rrez o el propio Diego Lainez.<\/p>\n<p>En fin, apenas es el comienzo, pero Martino ya empieza a delinear los ejes de este proyecto deportivo.<\/p>\n","protected":false},"excerpt":{"rendered":"<p>La presentaci\u00f3n de Gerardo \u201cTata\u201d Martino como entrenador de la selecci\u00f3n mexicana se sald\u00f3 con triunfo, por lo que hay varios elementos que empiezan a dejar claro la l\u00ednea de trabajo que tratar\u00e1 de imponer el t\u00e9cnico argentino.<\/p>\n","protected":false},"author":3,"featured_media":420734,"comment_status":"open","ping_status":"open","sticky":false,"template":"","format":"standard","meta":{"_monsterinsights_skip_tracking":false,"_monsterinsights_sitenote_active":false,"_monsterinsights_sitenote_note":"","_monsterinsights_sitenote_category":0,"footnotes":""},"categories":[10],"tags":[43680,81629,2825],"class_list":["post-420706","post","type-post","status-publish","format-standard","has-post-thumbnail","hentry","category-deportes","tag-deportes","tag-gerardo-martino","tag-tri"],"_links":{"self":[{"href":"https:\/\/www.diarioimagen.net\/index.php?rest_route=\/wp\/v2\/posts\/420706","targetHints":{"allow":["GET"]}}],"collection":[{"href":"https:\/\/www.diarioimagen.net\/index.php?rest_route=\/wp\/v2\/posts"}],"about":[{"href":"https:\/\/www.diarioimagen.net\/index.php?rest_route=\/wp\/v2\/types\/post"}],"author":[{"embeddable":true,"href":"https:\/\/www.diarioimagen.net\/index.php?rest_route=\/wp\/v2\/users\/3"}],"replies":[{"embeddable":true,"href":"https:\/\/www.diarioimagen.net\/index.php?rest_route=%2Fwp%2Fv2%2Fcomments&post=420706"}],"version-history":[{"count":0,"href":"https:\/\/www.diarioimagen.net\/index.php?rest_route=\/wp\/v2\/posts\/420706\/revisions"}],"wp:featuredmedia":[{"embeddable":true,"href":"https:\/\/www.diarioimagen.net\/index.php?rest_route=\/wp\/v2\/media\/420734"}],"wp:attachment":[{"href":"https:\/\/www.diarioimagen.net\/index.php?rest_route=%2Fwp%2Fv2%2Fmedia&parent=420706"}],"wp:term":[{"taxonomy":"category","embeddable":true,"href":"https:\/\/www.diarioimagen.net\/index.php?rest_route=%2Fwp%2Fv2%2Fcategories&post=420706"},{"taxonomy":"post_tag","embeddable":true,"href":"https:\/\/www.diarioimagen.net\/index.php?rest_route=%2Fwp%2Fv2%2Ftags&post=420706"}],"curies":[{"name":"wp","href":"https:\/\/api.w.org\/{rel}","templated":true}]}}