{"id":420750,"date":"2019-03-26T00:06:05","date_gmt":"2019-03-26T06:06:05","guid":{"rendered":"https:\/\/www.diarioimagen.net\/?p=420750"},"modified":"2019-03-26T23:18:03","modified_gmt":"2019-03-27T05:18:03","slug":"inicia-primera-semana-nacional-de-vacunacion-antirrabica-canina-y-felina-2019-en-edomex","status":"publish","type":"post","link":"https:\/\/www.diarioimagen.net\/?p=420750","title":{"rendered":"Inicia Primera Semana Nacional de Vacunaci\u00f3n Antirr\u00e1bica Canina Y Felina 2019 en Edomex"},"content":{"rendered":"<ul>\n<li><em><strong>Aplicar\u00e1n m\u00e1s de 2.6 millones de biol\u00f3gicos a perros y gatos<\/strong><\/em><\/li>\n<\/ul>\n<p>&nbsp;<\/p>\n<div id=\"attachment_420751\" style=\"width: 470px\" class=\"wp-caption aligncenter\"><img loading=\"lazy\" decoding=\"async\" aria-describedby=\"caption-attachment-420751\" class=\"size-large wp-image-420751\" src=\"https:\/\/www.diarioimagen.net\/wp-content\/uploads\/2019\/03\/CAMPA\u00d1A26-portal-460x268.jpg\" alt=\"\" width=\"460\" height=\"268\" srcset=\"https:\/\/www.diarioimagen.net\/wp-content\/uploads\/2019\/03\/CAMPA\u00d1A26-portal-460x268.jpg 460w, https:\/\/www.diarioimagen.net\/wp-content\/uploads\/2019\/03\/CAMPA\u00d1A26-portal-240x140.jpg 240w, https:\/\/www.diarioimagen.net\/wp-content\/uploads\/2019\/03\/CAMPA\u00d1A26-portal.jpg 480w\" sizes=\"auto, (max-width: 460px) 100vw, 460px\" \/><p id=\"caption-attachment-420751\" class=\"wp-caption-text\">Instalan m\u00e1s de mil 900 puestos de vacunaci\u00f3n y participan m\u00e1s de 4 mil 800 brigadas.<\/p><\/div>\n<p>&nbsp;<\/p>\n<p><strong>Ocoyoacac, Estado de M\u00e9xico<\/strong>.- Durante la Primera Semana Nacional de Vacunaci\u00f3n Antirr\u00e1bica Canina y Felina 2019, la Secretar\u00eda de Salud del Estado de M\u00e9xico, aplicar\u00e1 2.6 millones de biol\u00f3gicos contra la rabia a fin de bloquear la cadena de transmisi\u00f3n de esta enfermedad.<\/p>\n<p>El titular de la dependencia, Gabriel O&#8217;Shea Cuevas, detall\u00f3 que del 24 al 30 de marzo, m\u00e1s de 4 mil 800 brigadas integradas por T\u00e9cnicos en Atenci\u00f3n Primaria a la Salud (TAPS) y personal de zoonosis, recorrer\u00e1n los 125 municipios mexiquenses, en los que tambi\u00e9n se instalar\u00e1n mil 900 puestos de vacunaci\u00f3n para que estas acciones tengan una cobertura total.<\/p>\n<p>En compa\u00f1\u00eda de la alcaldesa de Ocoyoacac, Anallely Olivares Reyes, el tambi\u00e9n Director General del Instituto de Salud del Estado de M\u00e9xico (ISEM), exhort\u00f3 a la poblaci\u00f3n a ser part\u00edcipes de este esfuerzo ya que, dijo, gracias al trabajo compartido entre sociedad y Gobierno, el Estado de M\u00e9xico lleva 13 a\u00f1os sin casos de rabia en humanos y siete sin que la rabia se registre en perros o gatos.<\/p>\n<p>Adicionalmente, a lo largo de esta semana, el personal de salud llevar\u00e1 a cabo acciones de esterilizaci\u00f3n, as\u00ed como pl\u00e1ticas para fomentar la tenencia responsable de animales de compa\u00f1\u00eda.<\/p>\n<p>El doctor O&#8217;Shea Cuevas, detall\u00f3 que la rabia es una enfermedad mortal que afecta el sistema nervioso central y que no tiene cura; por tal motivo, la administraci\u00f3n estatal se suma de manera permanente al llamado de la Organizaci\u00f3n Panamericana de la Salud (OPS) de privilegiar la vacunaci\u00f3n antirr\u00e1bica en canes y felinos con el objetivo de tener familias sanas y fuertes.<\/p>\n<p>En el evento, que se llev\u00f3 a cabo en la Explanada del Palacio Municipal de este municipio, estuvieron presentes el Coordinador de Salud del ISEM, Carlos Aranza Doniz, el titular del R\u00e9gimen Estatal de Seguridad Social en Salud, Juan Sa\u00fal Ramos Gonz\u00e1lez, el Comisionado para la Regulaci\u00f3n contra Riesgos Sanitarios del Estado de M\u00e9xico, Santiago Ramos Mill\u00e1n, el jefe del Departamento de Zoonosis y Vectores del ISEM, Alberto Contreras Galindo, as\u00ed como integrantes del Cabildo y personal de Salud.<\/p>\n","protected":false},"excerpt":{"rendered":"<p>Durante la Primera Semana Nacional de Vacunaci\u00f3n Antirr\u00e1bica Canina y Felina 2019, la Secretar\u00eda de Salud del Estado de M\u00e9xico, aplicar\u00e1 2.6 millones de biol\u00f3gicos contra la rabia a fin de bloquear la cadena de transmisi\u00f3n de esta enfermedad.<\/p>\n","protected":false},"author":5,"featured_media":420751,"comment_status":"open","ping_status":"open","sticky":false,"template":"","format":"standard","meta":{"_monsterinsights_skip_tracking":false,"_monsterinsights_sitenote_active":false,"_monsterinsights_sitenote_note":"","_monsterinsights_sitenote_category":0,"footnotes":""},"categories":[5],"tags":[83927,43675,14168,83928,6774,83926],"class_list":["post-420750","post","type-post","status-publish","format-standard","has-post-thumbnail","hentry","category-estado-de-mexico","tag-biologicos-a-perros-y-gatos","tag-estado-de-mexico","tag-gabriel-oshea-cuevas","tag-inicia-primera-semana-nacional","tag-ocoyoacac","tag-vacunacion-antirrabica-canina-y-felina"],"_links":{"self":[{"href":"https:\/\/www.diarioimagen.net\/index.php?rest_route=\/wp\/v2\/posts\/420750","targetHints":{"allow":["GET"]}}],"collection":[{"href":"https:\/\/www.diarioimagen.net\/index.php?rest_route=\/wp\/v2\/posts"}],"about":[{"href":"https:\/\/www.diarioimagen.net\/index.php?rest_route=\/wp\/v2\/types\/post"}],"author":[{"embeddable":true,"href":"https:\/\/www.diarioimagen.net\/index.php?rest_route=\/wp\/v2\/users\/5"}],"replies":[{"embeddable":true,"href":"https:\/\/www.diarioimagen.net\/index.php?rest_route=%2Fwp%2Fv2%2Fcomments&post=420750"}],"version-history":[{"count":0,"href":"https:\/\/www.diarioimagen.net\/index.php?rest_route=\/wp\/v2\/posts\/420750\/revisions"}],"wp:featuredmedia":[{"embeddable":true,"href":"https:\/\/www.diarioimagen.net\/index.php?rest_route=\/wp\/v2\/media\/420751"}],"wp:attachment":[{"href":"https:\/\/www.diarioimagen.net\/index.php?rest_route=%2Fwp%2Fv2%2Fmedia&parent=420750"}],"wp:term":[{"taxonomy":"category","embeddable":true,"href":"https:\/\/www.diarioimagen.net\/index.php?rest_route=%2Fwp%2Fv2%2Fcategories&post=420750"},{"taxonomy":"post_tag","embeddable":true,"href":"https:\/\/www.diarioimagen.net\/index.php?rest_route=%2Fwp%2Fv2%2Ftags&post=420750"}],"curies":[{"name":"wp","href":"https:\/\/api.w.org\/{rel}","templated":true}]}}