{"id":420764,"date":"2019-03-26T00:11:15","date_gmt":"2019-03-26T06:11:15","guid":{"rendered":"https:\/\/www.diarioimagen.net\/?p=420764"},"modified":"2019-03-26T01:30:53","modified_gmt":"2019-03-26T07:30:53","slug":"arde-ducto-de-pemex-por-toma-clandestina-en-edomex","status":"publish","type":"post","link":"https:\/\/www.diarioimagen.net\/?p=420764","title":{"rendered":"Arde ducto de Pemex por toma clandestina"},"content":{"rendered":"<h2>Arco Norte<\/h2>\n<h5>Jos\u00e9 Luis Monta\u00f1ez Aguilar<\/h5>\n<p>&nbsp;<\/p>\n<div id=\"attachment_420765\" style=\"width: 470px\" class=\"wp-caption aligncenter\"><img loading=\"lazy\" decoding=\"async\" aria-describedby=\"caption-attachment-420765\" class=\"size-large wp-image-420765\" src=\"https:\/\/www.diarioimagen.net\/wp-content\/uploads\/2019\/03\/DUCTO26-portal-460x268.jpg\" alt=\"\" width=\"460\" height=\"268\" srcset=\"https:\/\/www.diarioimagen.net\/wp-content\/uploads\/2019\/03\/DUCTO26-portal-460x268.jpg 460w, https:\/\/www.diarioimagen.net\/wp-content\/uploads\/2019\/03\/DUCTO26-portal-240x140.jpg 240w, https:\/\/www.diarioimagen.net\/wp-content\/uploads\/2019\/03\/DUCTO26-portal.jpg 480w\" sizes=\"auto, (max-width: 460px) 100vw, 460px\" \/><p id=\"caption-attachment-420765\" class=\"wp-caption-text\">Explosi\u00f3n de una toma clandestina en el ducto Tuxpan-Veracruz de Pemex dej\u00f3 da\u00f1os y una camioneta calcinada en Axapusco.<\/p><\/div>\n<p>&nbsp;<\/p>\n<p>Un incendio por una toma clandestina en el ducto Tuxpan-Veracruz de Petr\u00f3leos Mexicanos (Pemex) dej\u00f3 da\u00f1os y una camioneta calcinada en el municipio de Axapusco, Estado de M\u00e9xico.<\/p>\n<p>El incidente ocurri\u00f3 ayer lunes en la comunidad de Xala, a la altura del kil\u00f3metro 18 de la carretera Otumba-Ciudad Sahag\u00fan.<\/p>\n<p>Personal de Pemex cerr\u00f3 las v\u00e1lvulas del ducto y atendi\u00f3 la conflagraci\u00f3n, que no caus\u00f3 p\u00e9rdidas humanas.<\/p>\n<p>A unos metros de la toma fue hallada una camioneta de tres y media toneladas incinerada con varios contenedores en su parte trasera.<\/p>\n<p style=\"text-align: center;\"><strong>Hallan toma ilegal de combustible en Azcapotzalco<br \/>\n<\/strong><\/p>\n<p>Por otra parte, una toma clandestina de combustible fue hallada en un predio de la Colonia Pasteros, en Azcapotzalco.<\/p>\n<p>Tras el reporte de vecinos de una aparente fuga de agua, autoridades acudieron al lugar y detectaron que no se trataba de agua, sino combustible.<\/p>\n<p>El lunes, la zona est\u00e1 acordonada y es resguardada por elementos de la Polic\u00eda Federal y Pemex, quienes esperan el arribo de material especializado para atenderla.<\/p>\n<p>La toma se ubica en 16 de Septiembre y la calle Mimosa.<\/p>\n<p><em><a href=\"mailto:montanezaguilar@gmail.com\" target=\"_blank\" rel=\"noopener noreferrer\">montanezaguilar@gmail.com<\/a><\/em><\/p>\n<p>&nbsp;<\/p>\n<p>&nbsp;<\/p>\n<p>&nbsp;<\/p>\n","protected":false},"excerpt":{"rendered":"<p><span style=\"color: #005497;\">Jos\u00e9 Luis Monta\u00f1ez Aguilar<\/span><br \/>\n<br \/>\nUn incendio por una toma clandestina en el ducto Tuxpan-Veracruz de Petr\u00f3leos Mexicanos (Pemex) dej\u00f3 da\u00f1os y una camioneta calcinada en el municipio de Axapusco, Estado de M\u00e9xico.<\/p>\n","protected":false},"author":5,"featured_media":420765,"comment_status":"open","ping_status":"open","sticky":false,"template":"","format":"standard","meta":{"_monsterinsights_skip_tracking":false,"_monsterinsights_sitenote_active":false,"_monsterinsights_sitenote_note":"","_monsterinsights_sitenote_category":0,"footnotes":""},"categories":[5],"tags":[13284,83937,83936,43704,43674,72112,83938],"class_list":["post-420764","post","type-post","status-publish","format-standard","has-post-thumbnail","hentry","category-estado-de-mexico","tag-arco-norte","tag-carretera-otumba-ciudad-sahagun","tag-ducto-de-pemex","tag-jose-luis-montanez-aguilar","tag-opinion","tag-toma-clandestina","tag-tuxpan-veracruz-de-petroleos-mexicanos"],"_links":{"self":[{"href":"https:\/\/www.diarioimagen.net\/index.php?rest_route=\/wp\/v2\/posts\/420764","targetHints":{"allow":["GET"]}}],"collection":[{"href":"https:\/\/www.diarioimagen.net\/index.php?rest_route=\/wp\/v2\/posts"}],"about":[{"href":"https:\/\/www.diarioimagen.net\/index.php?rest_route=\/wp\/v2\/types\/post"}],"author":[{"embeddable":true,"href":"https:\/\/www.diarioimagen.net\/index.php?rest_route=\/wp\/v2\/users\/5"}],"replies":[{"embeddable":true,"href":"https:\/\/www.diarioimagen.net\/index.php?rest_route=%2Fwp%2Fv2%2Fcomments&post=420764"}],"version-history":[{"count":0,"href":"https:\/\/www.diarioimagen.net\/index.php?rest_route=\/wp\/v2\/posts\/420764\/revisions"}],"wp:featuredmedia":[{"embeddable":true,"href":"https:\/\/www.diarioimagen.net\/index.php?rest_route=\/wp\/v2\/media\/420765"}],"wp:attachment":[{"href":"https:\/\/www.diarioimagen.net\/index.php?rest_route=%2Fwp%2Fv2%2Fmedia&parent=420764"}],"wp:term":[{"taxonomy":"category","embeddable":true,"href":"https:\/\/www.diarioimagen.net\/index.php?rest_route=%2Fwp%2Fv2%2Fcategories&post=420764"},{"taxonomy":"post_tag","embeddable":true,"href":"https:\/\/www.diarioimagen.net\/index.php?rest_route=%2Fwp%2Fv2%2Ftags&post=420764"}],"curies":[{"name":"wp","href":"https:\/\/api.w.org\/{rel}","templated":true}]}}