{"id":420800,"date":"2019-03-26T00:08:47","date_gmt":"2019-03-26T06:08:47","guid":{"rendered":"https:\/\/www.diarioimagen.net\/?p=420800"},"modified":"2019-03-26T23:18:16","modified_gmt":"2019-03-27T05:18:16","slug":"entregara-la-uaem-3-mil-460-becas-mas-que-el-ano-pasado","status":"publish","type":"post","link":"https:\/\/www.diarioimagen.net\/?p=420800","title":{"rendered":"Entregar\u00e1 la UAEM 3 mil 460 becas m\u00e1s que el a\u00f1o pasado"},"content":{"rendered":"<ul>\n<li><em><strong>Beneficiar\u00e1 a 17 mil 780 estudiantes acreedores<\/strong><\/em><\/li>\n<li><em><strong>Determina emitir 10 convocatorias que aglutinan 19 modalidades<\/strong><\/em><\/li>\n<\/ul>\n<p>&nbsp;<\/p>\n<p>&nbsp;<\/p>\n<div id=\"attachment_420860\" style=\"width: 304px\" class=\"wp-caption alignleft\"><a href=\"https:\/\/www.diarioimagen.net\/?attachment_id=420860\" rel=\"attachment wp-att-420860\"><img loading=\"lazy\" decoding=\"async\" aria-describedby=\"caption-attachment-420860\" class=\" wp-image-420860\" src=\"https:\/\/www.diarioimagen.net\/wp-content\/uploads\/2019\/03\/UAEM-26-342x460.jpg\" alt=\"\" width=\"294\" height=\"395\" srcset=\"https:\/\/www.diarioimagen.net\/wp-content\/uploads\/2019\/03\/UAEM-26-342x460.jpg 342w, https:\/\/www.diarioimagen.net\/wp-content\/uploads\/2019\/03\/UAEM-26-179x240.jpg 179w, https:\/\/www.diarioimagen.net\/wp-content\/uploads\/2019\/03\/UAEM-26.jpg 521w\" sizes=\"auto, (max-width: 294px) 100vw, 294px\" \/><\/a><p id=\"caption-attachment-420860\" class=\"wp-caption-text\">Sandra Ch\u00e1vez Mar\u00edn, secretaria de Extensi\u00f3n y Vinculaci\u00f3n de la UAEM<\/p><\/div>\n<p><strong>Toluca, Estado de M\u00e9xico<\/strong>.\u2013 Durante el semestre 2019-A, la Universidad Aut\u00f3noma del Estado de M\u00e9xico beneficiar\u00e1 con m\u00e1s de 52 millones de pesos a los 17 mil 780 estudiantes acreedores a la Beca de Formaci\u00f3n Universitaria.<\/p>\n<p>La secretaria de Extensi\u00f3n y Vinculaci\u00f3n de la UAEM, Sandra Ch\u00e1vez Mar\u00edn, precis\u00f3 que con respecto al periodo 2018-A, cuando se entregaron 14 mil 320 apoyos, en esta ocasi\u00f3n ser\u00e1n beneficiados tres m il 460 j\u00f3venes m\u00e1s.<\/p>\n<p>Para este semestre, abund\u00f3, la administraci\u00f3n 2017-2021, encabezada por el rector Alfredo Barrera Baca, determin\u00f3 emitir 10 convocatorias que aglutinan 19 modalidades de becas.<\/p>\n<p>Explic\u00f3 que con el prop\u00f3sito contribuir al desarrollo equitativo y justo de los estudiantes y apoyar a aquellos que m\u00e1s lo necesitan, independientemente de su desempe\u00f1o acad\u00e9mico, la Beca de Formaci\u00f3n Universitaria aglutina nueve modalidades que hasta el semestre anterior fueron convocada por separado: Transporte, Hospedaje, Aprovechamiento Acad\u00e9mico, Madres J\u00f3venes, J\u00f3venes Embarazadas, Padres de Familia, Pueblos y Comunidades Ind\u00edgenas, Discapacidad y Apoyo a Guarder\u00eda.<\/p>\n<p>De esta manera, enfatiz\u00f3 Ch\u00e1vez Mar\u00edn, la instituci\u00f3n brinda apoyo econ\u00f3mico a los estudiantes que por sus condiciones socioecon\u00f3micas m\u00e1s lo necesitan, con la finalidad de que concluyan satisfactoriamente sus estudios de nivel medio y superior.<\/p>\n<p>La designaci\u00f3n de los beneficiarios de esta beca, sostuvo, se realiza a trav\u00e9s de un algoritmo matem\u00e1tico dise\u00f1ado por expertos universitarios. \u201cCon base en un estudio socioecon\u00f3mico y diversos par\u00e1metros de aprovechamiento acad\u00e9mico, este instrumento determina a los alumnos que m\u00e1s necesitan el apoyo econ\u00f3mico\u201d.<\/p>\n<p>Para ello, puntualiz\u00f3, toma en cuenta factores como zona de residencia, ingresos y gastos familiares, vivienda y servicios, as\u00ed como avance escolar, promedio, modalidad de estudio \u2013presencial, mixto o a distancia-, situaci\u00f3n acad\u00e9mica \u2013regular e irregular- y rezago escolar.<\/p>\n<p>Finalmente, Sandra Ch\u00e1vez Mar\u00edn indic\u00f3 que para apoyar a los beneficiaros de las 18 modalidades de becas restantes la Aut\u00f3noma mexiquense designa un monto superior a los 8 millones de pesos.<\/p>\n<p>&nbsp;<\/p>\n<blockquote>\n<h3 style=\"text-align: center;\">Liderazgo de universitarios, responsabilidad irrevocable<br \/>\nque exige la autonom\u00eda institucional: Alfredo Barrera<\/h3>\n<p><strong>\u00a0<\/strong><\/p>\n<p><a href=\"https:\/\/www.diarioimagen.net\/?attachment_id=420867\" rel=\"attachment wp-att-420867\"><img loading=\"lazy\" decoding=\"async\" class=\"aligncenter  wp-image-420867\" src=\"https:\/\/www.diarioimagen.net\/wp-content\/uploads\/2019\/03\/RECTOR26-460x259.jpg\" alt=\"\" width=\"440\" height=\"248\" srcset=\"https:\/\/www.diarioimagen.net\/wp-content\/uploads\/2019\/03\/RECTOR26-460x259.jpg 460w, https:\/\/www.diarioimagen.net\/wp-content\/uploads\/2019\/03\/RECTOR26-240x135.jpg 240w, https:\/\/www.diarioimagen.net\/wp-content\/uploads\/2019\/03\/RECTOR26-235x132.jpg 235w, https:\/\/www.diarioimagen.net\/wp-content\/uploads\/2019\/03\/RECTOR26-202x114.jpg 202w, https:\/\/www.diarioimagen.net\/wp-content\/uploads\/2019\/03\/RECTOR26-350x196.jpg 350w, https:\/\/www.diarioimagen.net\/wp-content\/uploads\/2019\/03\/RECTOR26-220x123.jpg 220w, https:\/\/www.diarioimagen.net\/wp-content\/uploads\/2019\/03\/RECTOR26.jpg 480w\" sizes=\"auto, (max-width: 440px) 100vw, 440px\" \/><\/a><\/p>\n<p>El liderazgo social de los universitarios es una responsabilidad irrevocable que exige la autonom\u00eda institucional, sostuvo el rector de la Universidad Aut\u00f3noma del Estado de M\u00e9xico, Alfredo Barrera Baca, al encabezar el tercer informe anual de actividades del director de la Facultad de Qu\u00edmica, Erick Cuevas Y\u00e1\u00f1ez.<\/p><\/blockquote>\n<p>&nbsp;<\/p>\n","protected":false},"excerpt":{"rendered":"<p>Durante el semestre 2019-A, la Universidad Aut\u00f3noma del Estado de M\u00e9xico beneficiar\u00e1 con m\u00e1s de 52 millones de pesos a los 17 mil 780 estudiantes acreedores a la Beca de Formaci\u00f3n Universitaria.<\/p>\n","protected":false},"author":3,"featured_media":420868,"comment_status":"open","ping_status":"open","sticky":false,"template":"","format":"standard","meta":{"_monsterinsights_skip_tracking":false,"_monsterinsights_sitenote_active":false,"_monsterinsights_sitenote_note":"","_monsterinsights_sitenote_category":0,"footnotes":""},"categories":[5],"tags":[58572,11642,24769,43675,452,1491,1490],"class_list":["post-420800","post","type-post","status-publish","format-standard","has-post-thumbnail","hentry","category-estado-de-mexico","tag-alfredo-barrera-baca","tag-becas","tag-entrega","tag-estado-de-mexico","tag-toluca","tag-uaem","tag-universidad-autonoma-del-estado-de-mexico"],"_links":{"self":[{"href":"https:\/\/www.diarioimagen.net\/index.php?rest_route=\/wp\/v2\/posts\/420800","targetHints":{"allow":["GET"]}}],"collection":[{"href":"https:\/\/www.diarioimagen.net\/index.php?rest_route=\/wp\/v2\/posts"}],"about":[{"href":"https:\/\/www.diarioimagen.net\/index.php?rest_route=\/wp\/v2\/types\/post"}],"author":[{"embeddable":true,"href":"https:\/\/www.diarioimagen.net\/index.php?rest_route=\/wp\/v2\/users\/3"}],"replies":[{"embeddable":true,"href":"https:\/\/www.diarioimagen.net\/index.php?rest_route=%2Fwp%2Fv2%2Fcomments&post=420800"}],"version-history":[{"count":0,"href":"https:\/\/www.diarioimagen.net\/index.php?rest_route=\/wp\/v2\/posts\/420800\/revisions"}],"wp:featuredmedia":[{"embeddable":true,"href":"https:\/\/www.diarioimagen.net\/index.php?rest_route=\/wp\/v2\/media\/420868"}],"wp:attachment":[{"href":"https:\/\/www.diarioimagen.net\/index.php?rest_route=%2Fwp%2Fv2%2Fmedia&parent=420800"}],"wp:term":[{"taxonomy":"category","embeddable":true,"href":"https:\/\/www.diarioimagen.net\/index.php?rest_route=%2Fwp%2Fv2%2Fcategories&post=420800"},{"taxonomy":"post_tag","embeddable":true,"href":"https:\/\/www.diarioimagen.net\/index.php?rest_route=%2Fwp%2Fv2%2Ftags&post=420800"}],"curies":[{"name":"wp","href":"https:\/\/api.w.org\/{rel}","templated":true}]}}