{"id":420834,"date":"2019-03-26T00:06:16","date_gmt":"2019-03-26T06:06:16","guid":{"rendered":"https:\/\/www.diarioimagen.net\/?p=420834"},"modified":"2019-03-26T03:37:06","modified_gmt":"2019-03-26T09:37:06","slug":"el-pan-abre-sus-puertas-inicia-cursos-de-introduccion-para-nuevos-miembros","status":"publish","type":"post","link":"https:\/\/www.diarioimagen.net\/?p=420834","title":{"rendered":"El PAN abre sus puertas; inicia cursos de introducci\u00f3n para nuevos miembros"},"content":{"rendered":"<ul>\n<li><strong><em>Capacitan cuadros con miras electorales<\/em><\/strong><\/li>\n<\/ul>\n<p>&nbsp;<\/p>\n<div id=\"attachment_420893\" style=\"width: 470px\" class=\"wp-caption aligncenter\"><a href=\"https:\/\/www.diarioimagen.net\/?attachment_id=420893\" rel=\"attachment wp-att-420893\"><img loading=\"lazy\" decoding=\"async\" aria-describedby=\"caption-attachment-420893\" class=\"size-large wp-image-420893\" src=\"https:\/\/www.diarioimagen.net\/wp-content\/uploads\/2019\/03\/VALLE-26-460x259.jpg\" alt=\"\" width=\"460\" height=\"259\" srcset=\"https:\/\/www.diarioimagen.net\/wp-content\/uploads\/2019\/03\/VALLE-26-460x259.jpg 460w, https:\/\/www.diarioimagen.net\/wp-content\/uploads\/2019\/03\/VALLE-26-240x135.jpg 240w, https:\/\/www.diarioimagen.net\/wp-content\/uploads\/2019\/03\/VALLE-26-235x132.jpg 235w, https:\/\/www.diarioimagen.net\/wp-content\/uploads\/2019\/03\/VALLE-26-202x114.jpg 202w, https:\/\/www.diarioimagen.net\/wp-content\/uploads\/2019\/03\/VALLE-26-350x196.jpg 350w, https:\/\/www.diarioimagen.net\/wp-content\/uploads\/2019\/03\/VALLE-26-220x123.jpg 220w, https:\/\/www.diarioimagen.net\/wp-content\/uploads\/2019\/03\/VALLE-26-237x132.jpg 237w, https:\/\/www.diarioimagen.net\/wp-content\/uploads\/2019\/03\/VALLE-26.jpg 480w\" sizes=\"auto, (max-width: 460px) 100vw, 460px\" \/><\/a><p id=\"caption-attachment-420893\" class=\"wp-caption-text\">Jorge Inzunza Armas se\u00f1al\u00f3 a quienes se inscribieron que \u201custedes son la nueva generaci\u00f3n de panistas y deseo que inviten a todos aquellos que quieran pertenecer a PAN\u201d.<\/p><\/div>\n<p>&nbsp;<\/p>\n<p><strong>Valle de M\u00e9xico, Estado de M\u00e9xico<\/strong>.- En el marco de la apertura de los Cursos de Introducci\u00f3n al Partido Acci\u00f3n Nacional (TIP) con los que los y las ciudadanas dan inicio a su proceso de afiliarse al PAN, \u00a0Jorge Inzunza Armas, presidente del PAN en el Estado de M\u00e9xico, sostuvo que ellos \u00a0representan los nuevos cuadros blanquiazules luego de 5 a\u00f1os que se mantuvo cerrada la afiliaci\u00f3n.<\/p>\n<p>Afirm\u00f3 que en los pr\u00f3ximos tres meses habr\u00e1 m\u00e1s de 200 cursos TIP, para que todos aquellos que desean ser miembros del partido lo puedan lograr.<\/p>\n<p>Inzunza Armas, al dirigirse a los ciudadanos y ciudadanas de todas las edades que se dieron cita en el auditorio del Comit\u00e9 Directivo Estatal, as\u00ed como en otros municipios al primer curso, se\u00f1al\u00f3 que \u201custedes son la nueva generaci\u00f3n de panistas\u00a0 deseo que inviten a todos aquellos que quieran pertenecer a Acci\u00f3n Nacional y les digan que las puertas ya est\u00e1n abiertas, porque queremos seguir siendo esa fuerza, ese partido que ha ganado dos veces la Presidencia de la Rep\u00fablica\u201d.<\/p>\n<p>\u201cNecesitamos el apoyo de todos ustedes para ser ese partido cercano a la ciudadan\u00eda, que abandere las mejores causas de la sociedad y sobre todo, un partido que tenga presencia en todos y cada uno de los rincones, no solo del Estado de M\u00e9xico sino en todo el pa\u00eds\u201d.<\/p>\n<p>Por su parte, Rodrigo Farf\u00e1n Alegr\u00eda, secretario estatal de Formaci\u00f3n y Capacitaci\u00f3n, expres\u00f3 que la importancia que tiene este primer TIP, en la casa de todos los panistas, es porque tenemos ganas de crecer y consolidarnos para poder llegar a la fibra de todos los mexiquenses.<\/p>\n<p>Agreg\u00f3 que \u201cEstamos seguros que con este primer curso, el PAN renovar\u00e1 sus cuadros y por supuesto que estaremos dando la batalla en las pr\u00f3ximas elecciones, pero sobre todo que en cada una de las comunidades y en los municipios la gente se concientice y que lleguemos al coraz\u00f3n de los mexiquenses para cambiar la situaci\u00f3n en nuestro pa\u00eds y en nuestro estado\u201d.<\/p>\n<p>Alfredo Oropeza M\u00e9ndez, representante del PAN ante el Instituto Electoral del Estado de M\u00e9xico, fue el capacitador que ofreci\u00f3 el curso.<\/p>\n","protected":false},"excerpt":{"rendered":"<p>En el marco de la apertura de los Cursos de Introducci\u00f3n al Partido Acci\u00f3n Nacional (TIP) con los que los y las ciudadanas dan inicio a su proceso de afiliarse al PAN, \u00a0Jorge Inzunza Armas, presidente del PAN en el Estado de M\u00e9xico, sostuvo que ellos \u00a0representan los nuevos cuadros blanquiazules luego de 5 a\u00f1os que se mantuvo cerrada la afiliaci\u00f3n.<\/p>\n","protected":false},"author":3,"featured_media":420893,"comment_status":"open","ping_status":"open","sticky":false,"template":"","format":"standard","meta":{"_monsterinsights_skip_tracking":false,"_monsterinsights_sitenote_active":false,"_monsterinsights_sitenote_note":"","_monsterinsights_sitenote_category":0,"footnotes":""},"categories":[35155],"tags":[43675,83968,91,34],"class_list":["post-420834","post","type-post","status-publish","format-standard","has-post-thumbnail","hentry","category-estado-de-mexico-estado-de-mexico","tag-estado-de-mexico","tag-introduccion","tag-pan","tag-valle-de-mexico"],"_links":{"self":[{"href":"https:\/\/www.diarioimagen.net\/index.php?rest_route=\/wp\/v2\/posts\/420834","targetHints":{"allow":["GET"]}}],"collection":[{"href":"https:\/\/www.diarioimagen.net\/index.php?rest_route=\/wp\/v2\/posts"}],"about":[{"href":"https:\/\/www.diarioimagen.net\/index.php?rest_route=\/wp\/v2\/types\/post"}],"author":[{"embeddable":true,"href":"https:\/\/www.diarioimagen.net\/index.php?rest_route=\/wp\/v2\/users\/3"}],"replies":[{"embeddable":true,"href":"https:\/\/www.diarioimagen.net\/index.php?rest_route=%2Fwp%2Fv2%2Fcomments&post=420834"}],"version-history":[{"count":0,"href":"https:\/\/www.diarioimagen.net\/index.php?rest_route=\/wp\/v2\/posts\/420834\/revisions"}],"wp:featuredmedia":[{"embeddable":true,"href":"https:\/\/www.diarioimagen.net\/index.php?rest_route=\/wp\/v2\/media\/420893"}],"wp:attachment":[{"href":"https:\/\/www.diarioimagen.net\/index.php?rest_route=%2Fwp%2Fv2%2Fmedia&parent=420834"}],"wp:term":[{"taxonomy":"category","embeddable":true,"href":"https:\/\/www.diarioimagen.net\/index.php?rest_route=%2Fwp%2Fv2%2Fcategories&post=420834"},{"taxonomy":"post_tag","embeddable":true,"href":"https:\/\/www.diarioimagen.net\/index.php?rest_route=%2Fwp%2Fv2%2Ftags&post=420834"}],"curies":[{"name":"wp","href":"https:\/\/api.w.org\/{rel}","templated":true}]}}