{"id":420836,"date":"2019-03-26T00:05:41","date_gmt":"2019-03-26T06:05:41","guid":{"rendered":"https:\/\/www.diarioimagen.net\/?p=420836"},"modified":"2019-03-26T03:37:54","modified_gmt":"2019-03-26T09:37:54","slug":"refuerza-tultepec-servicio-de-recoleccion-de-desechos-solidos","status":"publish","type":"post","link":"https:\/\/www.diarioimagen.net\/?p=420836","title":{"rendered":"Refuerza Tultepec servicio de recolecci\u00f3n de desechos s\u00f3lidos"},"content":{"rendered":"<ul>\n<li><strong><em>Cuatro camiones recolectores, para ese objetivo<\/em><\/strong><\/li>\n<\/ul>\n<p>&nbsp;<\/p>\n<div id=\"attachment_420897\" style=\"width: 470px\" class=\"wp-caption aligncenter\"><a href=\"https:\/\/www.diarioimagen.net\/?attachment_id=420897\" rel=\"attachment wp-att-420897\"><img loading=\"lazy\" decoding=\"async\" aria-describedby=\"caption-attachment-420897\" class=\"size-large wp-image-420897\" src=\"https:\/\/www.diarioimagen.net\/wp-content\/uploads\/2019\/03\/TULTEPEC-26-460x259.jpg\" alt=\"\" width=\"460\" height=\"259\" srcset=\"https:\/\/www.diarioimagen.net\/wp-content\/uploads\/2019\/03\/TULTEPEC-26-460x259.jpg 460w, https:\/\/www.diarioimagen.net\/wp-content\/uploads\/2019\/03\/TULTEPEC-26-240x135.jpg 240w, https:\/\/www.diarioimagen.net\/wp-content\/uploads\/2019\/03\/TULTEPEC-26-235x132.jpg 235w, https:\/\/www.diarioimagen.net\/wp-content\/uploads\/2019\/03\/TULTEPEC-26-202x114.jpg 202w, https:\/\/www.diarioimagen.net\/wp-content\/uploads\/2019\/03\/TULTEPEC-26-350x196.jpg 350w, https:\/\/www.diarioimagen.net\/wp-content\/uploads\/2019\/03\/TULTEPEC-26-220x123.jpg 220w, https:\/\/www.diarioimagen.net\/wp-content\/uploads\/2019\/03\/TULTEPEC-26-237x132.jpg 237w, https:\/\/www.diarioimagen.net\/wp-content\/uploads\/2019\/03\/TULTEPEC-26.jpg 480w\" sizes=\"auto, (max-width: 460px) 100vw, 460px\" \/><\/a><p id=\"caption-attachment-420897\" class=\"wp-caption-text\">El titular de Servicios P\u00fablicos inform\u00f3 que en breve se adquirir\u00e1n dos camiones g\u00f3ndolas para realizar la separaci\u00f3n de los desechos s\u00f3lidos y un tractocami\u00f3n para el traslado final.<\/p><\/div>\n<p>&nbsp;<\/p>\n<p><strong>Tultepec, Estado de M\u00e9xico<\/strong>.- Con la entrega de cuatro camiones compactadores m\u00e1s para la recolecci\u00f3n de desechos s\u00f3lidos en todo el territorio, Tultepec contin\u00faa con el reforzamiento de la calidad y capacidad de respuesta en la prestaci\u00f3n de los servicios p\u00fablicos que brinda el gobierno municipal a la ciudadan\u00eda.<\/p>\n<p>Durante la ceremonia c\u00edvica de cada lunes celebrada en la Explanada\u00a0Municipal, el alcalde agradeci\u00f3 y reconoci\u00f3 a los integrantes del Cabildo por impulsar la iniciativa para reforzar los servicios p\u00fablicos que se brindan a la ciudadan\u00eda, en este caso de recolecci\u00f3n de residuos s\u00f3lidos, con la entrega de cuatro camiones compactadores modelo 2019.<\/p>\n<p>La adquisici\u00f3n de las cuatro unidades se realiz\u00f3 a trav\u00e9s de arrendamiento financiero, que dan hoy d\u00eda un total de 23 camiones, con los que se atiende el cien por ciento del servicio de recolecci\u00f3n de desechos s\u00f3lidos en todo el municipio, a trav\u00e9s de 19 rutas de barrido y recolecci\u00f3n diaria en todo el territorio, explic\u00f3 Octavio Miranda Montes, director de Servicios P\u00fablicos.<\/p>\n<p>Ante integrantes del cabildo en pleno, directores y jefes de \u00e1rea de la administraci\u00f3n municipal, el alcalde precis\u00f3 que las unidades son totalmente nuevas, est\u00e1n en perfectas condiciones y son ideales para el servicio de recolecci\u00f3n de residuos s\u00f3lidos, por lo que entrar\u00e1n en operaci\u00f3n de inmediato para hacer m\u00e1s eficiente esta labor.<\/p>\n<p>\u201cPor tratarse de camiones compactadores \u00e9stos brindan una mayor capacidad de carga en los recorridos hacia el relleno sanitario regional de Tepotzotl\u00e1n, donde ser\u00e1n depositados los residuos s\u00f3lidos, dado que no hubo acuerdo con el Comisariado Ejidal para seguir usando el propio, por sus altas exigencias que hicieron insostenible que se les siguiera apoyando\u201d.<\/p>\n<p>El titular de Servicios P\u00fablicos inform\u00f3 que en breve se adquirir\u00e1n tambi\u00e9n dos camiones g\u00f3ndolas para realizar la separaci\u00f3n de los desechos s\u00f3lidos y un tracto cami\u00f3n para el traslado final de basura al relleno sanitario regional de Tepotzotl\u00e1n, para aprovechar su mayor capacidad de carga y as\u00ed eficientizar el gasto de combustible.<\/p>\n<p>En la misma ceremonia, el presidente municipal tambi\u00e9n realiz\u00f3 la entrega de 167 uniformes de gabardina, chalecos reflejantes y botas a igual n\u00famero de trabajadores de la direcci\u00f3n de Servicios P\u00fablicos; a quienes agradeci\u00f3 por su invaluable labor de mantener un Tultepec siempre limpio, y as\u00ed hacer de nuestro municipio un referente regional en cuanto a imagen urbana se refiere.<\/p>\n","protected":false},"excerpt":{"rendered":"<p>Con la entrega de cuatro camiones compactadores m\u00e1s para la recolecci\u00f3n de desechos s\u00f3lidos en todo el territorio, Tultepec contin\u00faa con el reforzamiento de la calidad y capacidad de respuesta en la prestaci\u00f3n de los servicios p\u00fablicos que brinda el gobierno municipal a la ciudadan\u00eda.<\/p>\n","protected":false},"author":3,"featured_media":420897,"comment_status":"open","ping_status":"open","sticky":false,"template":"","format":"standard","meta":{"_monsterinsights_skip_tracking":false,"_monsterinsights_sitenote_active":false,"_monsterinsights_sitenote_note":"","_monsterinsights_sitenote_category":0,"footnotes":""},"categories":[35155],"tags":[43675,48075,3802],"class_list":["post-420836","post","type-post","status-publish","format-standard","has-post-thumbnail","hentry","category-estado-de-mexico-estado-de-mexico","tag-estado-de-mexico","tag-recoleccion","tag-tultepec"],"_links":{"self":[{"href":"https:\/\/www.diarioimagen.net\/index.php?rest_route=\/wp\/v2\/posts\/420836","targetHints":{"allow":["GET"]}}],"collection":[{"href":"https:\/\/www.diarioimagen.net\/index.php?rest_route=\/wp\/v2\/posts"}],"about":[{"href":"https:\/\/www.diarioimagen.net\/index.php?rest_route=\/wp\/v2\/types\/post"}],"author":[{"embeddable":true,"href":"https:\/\/www.diarioimagen.net\/index.php?rest_route=\/wp\/v2\/users\/3"}],"replies":[{"embeddable":true,"href":"https:\/\/www.diarioimagen.net\/index.php?rest_route=%2Fwp%2Fv2%2Fcomments&post=420836"}],"version-history":[{"count":0,"href":"https:\/\/www.diarioimagen.net\/index.php?rest_route=\/wp\/v2\/posts\/420836\/revisions"}],"wp:featuredmedia":[{"embeddable":true,"href":"https:\/\/www.diarioimagen.net\/index.php?rest_route=\/wp\/v2\/media\/420897"}],"wp:attachment":[{"href":"https:\/\/www.diarioimagen.net\/index.php?rest_route=%2Fwp%2Fv2%2Fmedia&parent=420836"}],"wp:term":[{"taxonomy":"category","embeddable":true,"href":"https:\/\/www.diarioimagen.net\/index.php?rest_route=%2Fwp%2Fv2%2Fcategories&post=420836"},{"taxonomy":"post_tag","embeddable":true,"href":"https:\/\/www.diarioimagen.net\/index.php?rest_route=%2Fwp%2Fv2%2Ftags&post=420836"}],"curies":[{"name":"wp","href":"https:\/\/api.w.org\/{rel}","templated":true}]}}