{"id":420864,"date":"2019-03-26T00:01:32","date_gmt":"2019-03-26T06:01:32","guid":{"rendered":"https:\/\/www.diarioimagen.net\/?p=420864"},"modified":"2019-03-26T03:16:56","modified_gmt":"2019-03-26T09:16:56","slug":"cuarta-transformacion-se-lleva-de-calle-a-gestion-foxista","status":"publish","type":"post","link":"https:\/\/www.diarioimagen.net\/?p=420864","title":{"rendered":"Cuarta Transformaci\u00f3n se lleva de calle a gesti\u00f3n foxista"},"content":{"rendered":"<h2>La Retaguardia<\/h2>\n<h5>Adriana Moreno Cordero<\/h5>\n<p>&nbsp;<\/p>\n<ul>\n<li><strong><em>L\u00f3pez Obrador, \u00bfcu\u00e1l jefe de Estado?, \u00bfcu\u00e1l jefe de Gobierno?<\/em><\/strong><\/li>\n<\/ul>\n<p>&nbsp;<\/p>\n<p>Muchos, much\u00edsimos eran los que se resist\u00edan a creerle al entonces presidente <strong>Vicente Fox<\/strong> cuando dijo aquello de que \u201cme van a extra\u00f1ar\u201d. Se pensaba que en M\u00e9xico no pod\u00eda haber un r\u00e9gimen con m\u00e1s frivolidad e ignorancia, sin embargo, la llamada Cuarta Transformaci\u00f3n se llev\u00f3 de calle a la administraci\u00f3n foxista.<\/p>\n<p>Fue a finales del gobierno del ahora expanista, (en el 2005), cuando pronunci\u00f3 esa frase que se volvi\u00f3 legendaria. Sin embargo, trece a\u00f1os han transcurrido y no hay d\u00eda en el que el presidente <strong>Andr\u00e9s Manuel L\u00f3pez Obrador<\/strong> caiga en un dislate o haga algo que rebasa con mucho la locuacidad que caracteriz\u00f3 a Fox Quezada.<\/p>\n<p>C\u00f3mo fue se\u00f1alado Fox cuando en una gira por Espa\u00f1a, se dirigi\u00f3 a <strong>Juan Carlos de Borb\u00f3n<\/strong> como \u201cmi rey\u201d, se consider\u00f3 entonces una falta de respeto, pero en una acci\u00f3n que dej\u00f3 at\u00f3nitos a muchos, a L\u00f3pez Obrador se le ocurri\u00f3 exigir disculpas al gobierno espa\u00f1ol por las heridas abiertas que dej\u00f3 la Conquista y la Colonia, y en esto, ahora resulta que hasta el <strong>Papa Francisco<\/strong>, tambi\u00e9n se tendr\u00eda que disculpar.<\/p>\n<p>Para los analistas, esto es, en el mejor de los casos un desprop\u00f3sito totalmente fuera de lugar e irresponsable, que coloc\u00f3 a la diplomacia mexicana en una \u00ednfima condici\u00f3n y que estuvo asesorado y hay que subrayarlo, ni m\u00e1s ni menos que por la esposa del tabasque\u00f1o, <strong>Beatriz Guti\u00e9rrez Muller<\/strong>. \u00bfCu\u00e1l jefe de Estado?, \u00bfcu\u00e1l jefe de Gobierno?, \u00bfc\u00f3mo ha dejado a M\u00e9xico?, por sus acciones populistas, ha dejado muy mal parado al pa\u00eds en el \u00e1mbito internacional.<\/p>\n<p>Eso s\u00ed, y hay que reconocerlo, en el caso del actual gobierno no se ha manifestado la frivolidad que en todo momento durante el foxismo, impuls\u00f3 ni m\u00e1s ni menos que la se\u00f1ora <strong>Marta Mar\u00eda Sahag\u00fan de Fox<\/strong> como por ejemplo con aquellas toallas que se utilizaban en la residencia oficial de Los Pinos, con un costo de 30 mil pesos.<\/p>\n<p>La administraci\u00f3n l\u00f3pezobradorista, se ha empe\u00f1ado en cubrir a M\u00e9xico con un velo de austeridad para que nadie diga que el tabasque\u00f1o no trabaja a favor de los pobres, pero lo cierto es que, de acuerdo a lo informado por el jefe de la Oficina de la Presidencia, <strong>Alfonso Romo<\/strong>, habr\u00e1 que estar preparados pues se viene un nuevo recorte en las dependencias del gobierno por instrucciones, precisamente, del jefe del Ejecutivo.<\/p>\n<p>En cuanto L\u00f3pez Obrador rindi\u00f3 protesta, el pasado 1 de diciembre, una de sus principales funciones ha sido correr a empleados del gobierno de la manera m\u00e1s arbitraria, sin explicaci\u00f3n alguna y fuera de la ley, pero lo que m\u00e1s preocupa, son las declaraciones del jefe de la Oficina de la Presidencia, Alfonso Romo, quien al participar en la 102 Asamblea General de Socios, \u201cM\u00e9xico, un socio estrat\u00e9gico\u201d, organizada por la American Chamber M\u00e9xico, se\u00f1alara que ahora s\u00ed, en esta llamada Cuarta Transformaci\u00f3n, \u201cvamos a pasar de una austeridad republicana a la pobreza franciscana\u201d.<\/p>\n<p>Pues por lo mismo, la pasaremos todos, menos el mism\u00edsimo presidente y algunos integrantes de su gabinete como el propio Romo y la titular de la Segob, <strong>Olga S\u00e1nchez Cordero<\/strong>, quien por cierto, al intentar justificar la rechifla a su jefe el fin de semana, que tanto enojo le caus\u00f3, dijo\u00a0 que la libertad de expresi\u00f3n es irrestricta y que cualquiera puede hacer reclamos, pero el abucheo es una exageraci\u00f3n.<\/p>\n<p>\u201cYo pedir\u00eda respeto para quien sea\u201d, abund\u00f3 la secretaria y pidi\u00f3 \u201cm\u00e1s educaci\u00f3n, m\u00e1s respeto, m\u00e1s solidaridad con cualquier personaje\u201d. Remat\u00f3 S\u00e1nchez Cordero que el calificativo de \u201cfif\u00ed\u201d, que tanto repite el presidente, no es un insulto ni una expresi\u00f3n discriminatoria. Entonces, \u00bfeso no es dividir al pa\u00eds?<\/p>\n<p style=\"text-align: center;\"><strong>Municiones<\/strong><\/p>\n<p>*** Ahora que se supo que por fin <strong>Virginia Gonz\u00e1lez Torres<\/strong> ser\u00e1 relevada del Centro Integral de Salud Mental (Cisame), dependiente del Consejo Nacional de Salud Mental, seguramente la instituci\u00f3n retomar\u00e1 el verdadero sentido de la atenci\u00f3n de ese importante rubro del pa\u00eds y que solo sirvi\u00f3 a la ex directora, para chantajear y hacer de este delicado tema su modus vivendi por a\u00f1os.<\/p>\n<p>Es de se\u00f1alar que la funcionaria no es psiquiatra ni psic\u00f3loga es decir, ni siquiera tiene la preparaci\u00f3n necesaria para atender tan delicado tema as\u00ed \u00bfni c\u00f3mo verdad?<\/p>\n<p>*** Parecer\u00eda que en la semana que inici\u00f3, el tema de la reforma educativa que propici\u00f3 que \u201cmaestros\u201d de la Coordinadora Nacional de Trabajadores de la Educaci\u00f3n, invadieran las calles de la Ciudad de M\u00e9xico, qued\u00f3 en un segundo plano, pero no. Resulta que ayer, los integrantes de las Comisiones Unidas de Educaci\u00f3n y Puntos Constitucionales de la C\u00e1mara de Diputados, tampoco se reunieron para discutir el referido dictamen porque no les avisaron a los legisladores con tiempo, o por lo menos eso filtr\u00f3 el diputado petista, <strong>Gerardo Fern\u00e1ndez Noro\u00f1a<\/strong>, as\u00ed que la cita ser\u00e1 hoy a partir de las ocho de la ma\u00f1ana. La pregunta es: lo pospondr\u00e1n de nueva cuenta?<\/p>\n<p>*** Por su parte y sobre el mismo tema, el panista <strong>Marco Adame<\/strong>, vicepresidente de la C\u00e1mara Baja, indic\u00f3 a nombre de su bancada que ellos se encuentran a la expectativa luego del ilegal bloqueo de la CNTE.<\/p>\n<p>El ex gobernador de Morelos hizo especial hincapi\u00e9 en que hubo una inusual reuni\u00f3n en la oficina de <strong>Esteban Moctezuma<\/strong>, a la que asisti\u00f3 la Coordinadora e incluso la secretaria de Gobernaci\u00f3n, <strong>Olga S\u00e1nchez Cordero<\/strong> en la que se tomaron algunos acuerdos que hasta ahora no son nada claros. Esto porque se habr\u00edan incorporado las propuestas de los \u201cprofesores\u201d de la CNTE, que por lo visto, es la \u00fanica que ha podido someter al presidente y a su gabinete, \u00bfo no?<\/p>\n<p>*** Lo cierto es que muchos de los diputados especialmente de la oposici\u00f3n, ni conocen el nuevo dictamen de la reforma educativa, pero en cuanto tengan la propuesta, la analizar\u00e1n y en su caso, la votar\u00e1n.<\/p>\n<p>El propio Marco Adame calcul\u00f3 que podr\u00eda ser el jueves cuando a lo mejor se lleve al pleno esta reforma educativa y agreg\u00f3 que la prioridad es poner por delante el objetivo de resguardar el derecho de los ni\u00f1os de recibir educaci\u00f3n de calidad, y de esta manera, el dictamen no podr\u00eda ser echado para atr\u00e1s.<\/p>\n<p>*** Los seguidores de L\u00f3pez Obrador, intentan justificar al precio que sea, la senda rechifla que se llev\u00f3 el presidente el fin de semana en el Estadio de Beisbol de los Diablos Rojos del M\u00e9xico.<\/p>\n<p>Alegan que fueron los vendedores los que la organizaron y panistas pagados los que la continuaron. Y \u00bfc\u00f3mo ir\u00e1n a justificar los llamados amlovers que en su mism\u00edsima tierra natal, el presidente se hubiera llevado una segunda rechifla y abiertas muestras de rechazo de parte de trabajadores del ISSSTE por los despidos arbitrarios que ya se ven venir?<\/p>\n<p><a href=\"mailto:morcora@gmail.com\" target=\"_blank\" rel=\"noopener noreferrer\"><em>morcora@gmail.com<\/em><\/a><\/p>\n","protected":false},"excerpt":{"rendered":"<p><span style=\"color: #005497;\"><strong>Adriana Moreno Cordero<\/strong><\/span><\/p>\n","protected":false},"author":3,"featured_media":0,"comment_status":"open","ping_status":"open","sticky":false,"template":"","format":"standard","meta":{"_monsterinsights_skip_tracking":false,"_monsterinsights_sitenote_active":false,"_monsterinsights_sitenote_note":"","_monsterinsights_sitenote_category":0,"footnotes":""},"categories":[69370],"tags":[69369,69368,43674],"class_list":["post-420864","post","type-post","status-publish","format-standard","hentry","category-adriana-moreno-cordero","tag-adriana-moreno-cordero","tag-la-retaguardia","tag-opinion"],"_links":{"self":[{"href":"https:\/\/www.diarioimagen.net\/index.php?rest_route=\/wp\/v2\/posts\/420864","targetHints":{"allow":["GET"]}}],"collection":[{"href":"https:\/\/www.diarioimagen.net\/index.php?rest_route=\/wp\/v2\/posts"}],"about":[{"href":"https:\/\/www.diarioimagen.net\/index.php?rest_route=\/wp\/v2\/types\/post"}],"author":[{"embeddable":true,"href":"https:\/\/www.diarioimagen.net\/index.php?rest_route=\/wp\/v2\/users\/3"}],"replies":[{"embeddable":true,"href":"https:\/\/www.diarioimagen.net\/index.php?rest_route=%2Fwp%2Fv2%2Fcomments&post=420864"}],"version-history":[{"count":0,"href":"https:\/\/www.diarioimagen.net\/index.php?rest_route=\/wp\/v2\/posts\/420864\/revisions"}],"wp:attachment":[{"href":"https:\/\/www.diarioimagen.net\/index.php?rest_route=%2Fwp%2Fv2%2Fmedia&parent=420864"}],"wp:term":[{"taxonomy":"category","embeddable":true,"href":"https:\/\/www.diarioimagen.net\/index.php?rest_route=%2Fwp%2Fv2%2Fcategories&post=420864"},{"taxonomy":"post_tag","embeddable":true,"href":"https:\/\/www.diarioimagen.net\/index.php?rest_route=%2Fwp%2Fv2%2Ftags&post=420864"}],"curies":[{"name":"wp","href":"https:\/\/api.w.org\/{rel}","templated":true}]}}