{"id":420938,"date":"2019-03-26T00:12:08","date_gmt":"2019-03-26T06:12:08","guid":{"rendered":"https:\/\/www.diarioimagen.net\/?p=420938"},"modified":"2019-03-26T04:22:14","modified_gmt":"2019-03-26T10:22:14","slug":"y-vaya-que-amlo-resintio-la-rechifla","status":"publish","type":"post","link":"https:\/\/www.diarioimagen.net\/?p=420938","title":{"rendered":"Y vaya que AMLO resinti\u00f3 la rechifla\u2026"},"content":{"rendered":"<h2>Tras la puerta del poder<\/h2>\n<h5>Roberto Vizca\u00edno<\/h5>\n<p><strong>\u00a0<\/strong><\/p>\n<div id=\"attachment_420948\" style=\"width: 470px\" class=\"wp-caption aligncenter\"><a href=\"https:\/\/www.diarioimagen.net\/?attachment_id=420948\" rel=\"attachment wp-att-420948\"><img loading=\"lazy\" decoding=\"async\" aria-describedby=\"caption-attachment-420948\" class=\"size-large wp-image-420948\" src=\"https:\/\/www.diarioimagen.net\/wp-content\/uploads\/2019\/03\/edomex-LUIS-XAVIER-460x355.jpg\" alt=\"\" width=\"460\" height=\"355\" srcset=\"https:\/\/www.diarioimagen.net\/wp-content\/uploads\/2019\/03\/edomex-LUIS-XAVIER-460x355.jpg 460w, https:\/\/www.diarioimagen.net\/wp-content\/uploads\/2019\/03\/edomex-LUIS-XAVIER-240x185.jpg 240w, https:\/\/www.diarioimagen.net\/wp-content\/uploads\/2019\/03\/edomex-LUIS-XAVIER-768x593.jpg 768w, https:\/\/www.diarioimagen.net\/wp-content\/uploads\/2019\/03\/edomex-LUIS-XAVIER.jpg 1200w\" sizes=\"auto, (max-width: 460px) 100vw, 460px\" \/><\/a><p id=\"caption-attachment-420948\" class=\"wp-caption-text\">Edomex&#8230; | Luis Xavier<\/p><\/div>\n<p>&nbsp;<\/p>\n<p><strong>Andr\u00e9s Manuel L\u00f3pez Obrador<\/strong> aprovech\u00f3 la ma\u00f1anera de ayer para lanzar mensajes obvios a quienes el s\u00e1bado lo llenaron de mentadas y le gritaron el \u00a1fuera! \u00a1fuera! \u00a1fuera! en la inauguraci\u00f3n del estadio <strong>Alfredo Harp Hel\u00fa<\/strong> de los Diablos Rojos\u2026<\/p>\n<p>El tama\u00f1o de los autoelogios mide sin duda el nivel del agravio que siente por la descalificaci\u00f3n masiva del fin de semana.<\/p>\n<p>Inici\u00f3 su deslinde al responder una pregunta respecto a su trato hacia los periodistas\u2026<\/p>\n<p>\u201c\u00bfQu\u00e9 garantizamos nosotros (respecto de los periodistas)?<\/p>\n<p>\u201cQue el Estado no va a violar derechos humanos, que <strong>ese es un cambio importante, nunca vamos a dar la orden de reprimir a nadie. No es el \u2018M\u00e1talos en caliente\u2019, de Porfirio D\u00edaz o el \u2018plata o plomo\u2019 o el \u2018encierro, entierro o destierro\u2019. No. <em>Esta es una transformaci\u00f3n, este es un cambio. Este no es un gobierno autoritario (negritas y cursivas nuestras) <\/em><\/strong>\u2026 esa parte se descuenta, el Estado no va a reprimir a los ciudadanos, que era por antonomasia el principal violador de los derechos humanos.<\/p>\n<p>\u201cEso debe de quedar claro. Y el que haga algo siendo servidor p\u00fablico en contra de cualquier ciudadano que cometa un delito, no va a contar con impunidad\u2026 s\u00ed hay diferencias, no somos iguales, para qu\u00e9 nos vayamos poniendo de acuerdo. <em>S\u00e9 que va a ir costando trabajo el que se vaya entendiendo que se trata de un cambio verdadero.<\/em><\/p>\n<p><em>\u201cY nos vamos a ir conociendo cada vez m\u00e1s, porque a pesar de que llevamos a\u00f1os luchando y siendo consecuentes, como ha sido tanta la guerra sucia acerca de lo que somos, nos han pintado tan mal que cuesta trabajo que se entienda que somos distintos\u201d.<\/em><\/p>\n<p>S\u00f3lo le falt\u00f3 decir que <em>chale con la rechifla <\/em>del s\u00e1bado porque \u00e9l \u2013reitera cada que puede, o si no tambi\u00e9n&#8211;, no es como sus antecesores, a quienes tambi\u00e9n recalific\u00f3 ayer para deslindarse de ellos y as\u00ed autoevaluarse como anti-fif\u00ed y anti-neoliberal:<\/p>\n<p><strong>A Carlos Salinas<\/strong>(la pi\u00f1ata de todas sus fiestas) lo acus\u00f3 de ser el padre de la desigualdad social en M\u00e9xico por haber \u2013dijo-, creado la nueva oligarqu\u00eda nacional y haber trasladado bienes del Estado a empresas privadas y a sus allegados.<\/p>\n<p>Como ejemplo de las consecuencias del gobierno de <strong>Salinas <\/strong>record\u00f3 un supuesto art\u00edculo de Forbes que indic\u00f3 que al llegar el de Agualeguas al poder s\u00f3lo los<strong> Garza Sada <\/strong>ten\u00edan 2 mil 500 millones de d\u00f3lares\u2026 y cuando sali\u00f3 hab\u00eda ya 24 mexicanos multimillonarios que concentraban 48 mil millones de d\u00f3lares.<\/p>\n<p>Record\u00f3 adem\u00e1s que el Banco Mundial habr\u00eda considerado que fue en el r\u00e9gimen de <strong>Carlos Salinas <\/strong>en el cual se profundiz\u00f3 m\u00e1s la desigualdad social en M\u00e9xico.<\/p>\n<p>A <strong>Ernesto Zedillo<\/strong> lo culp\u00f3 de haber aplicado el Fobaproa para convertir deuda privada en deuda p\u00fablica, una deuda que todav\u00eda se sigue pagando y que cada a\u00f1o representa entre 40 mil a 50 mil millones de pesos del erario p\u00fablico s\u00f3lo para pagar intereses.<\/p>\n<p>Pregunt\u00f3: \u00bfporqu\u00e9 <strong>Zedillo<\/strong> no rescat\u00f3 al pueblo?, \u00bfpor qu\u00e9 rescat\u00f3 <em>a los de arriba? <\/em>Rememor\u00f3 igual que<strong> Zedillo <\/strong>dijo que el Fobaproa iba a costar 112 mil millones de pesos y ha costado ya 2 billones de pesos\u2026 \u201c\u00a1Y para los fif\u00eds Zedillo fue un buen presidente!\u201d, exclam\u00f3.<\/p>\n<p>A <strong>Vicente Fox<\/strong> lo calific\u00f3 de traidor a la democracia, porque seg\u00fan el mismo <strong>Fox<\/strong> ha dicho \u201cque se encarg\u00f3 de que no lleg\u00e1ramos nosotros, que \u00e9l particip\u00f3 para que se robaran la elecci\u00f3n de 2006\u201d.<\/p>\n<p>De <strong>Felipe Calder\u00f3n<\/strong> dijo que dej\u00f3 hecho al pa\u00eds un cementerio y de <strong>Enrique Pe\u00f1a Nieto <\/strong>indic\u00f3 que su gesti\u00f3n se resume en una sola palabra: corrupci\u00f3n.<\/p>\n<p>As\u00ed a lo largo de la conferencia ma\u00f1anera, y en relaci\u00f3n a preguntas sobre temas diversos, indic\u00f3 que con \u00e9l en la Presidencia todo se ha transformado al grado de que <em>\u201cla gente ya cambi\u00f3, ya la gente despert\u00f3 por completo y ya nadie va a parar esta transformaci\u00f3n, este cambio\u201d.<\/em><\/p>\n<p><strong>Bater\u00edas senatoriales vs Yeidckol<\/strong><\/p>\n<p>A la denuncia de <strong>Alejandro Rojas D\u00edaz Dur\u00e1n<\/strong> ante los \u00f3rganos partidarios de Morena contra <strong>Yeidckol Polevnsky<\/strong>, secretaria general adscrita como gerente de este partido en sustituci\u00f3n del presidente Andr\u00e9s Manuel L\u00f3pez Obrador, se sum\u00f3 ayer la querella formal ante el Tribunal Electoral del Poder Judicial de la Federaci\u00f3n del senador <strong>Alejandro Armenta.<\/strong><\/p>\n<p>El legislador, quien fue arrollado por <strong>Polevnsky<\/strong> en el proceso interno con una encuesta <em>patito<\/em> para darle de nuevo la candidatura a la gubernatura de Puebla al impresentable de <strong>Miguel Barbosa,<\/strong> se queja de lo mismo que <strong>Rojas D\u00edaz Dur\u00e1n<\/strong>: de un uso faccioso de la dirigencia nacional de Morena para promocionar a sus preferidos.<\/p>\n<p><strong>Armenta<\/strong> considera que la presidenta por encargo de Morena, actu\u00f3 en forma indebida en el proceso de Puebla al desechar otros sondeos que le daban a \u00e9l las preferencias respecto de Barbosa.<\/p>\n<p>A <strong>Rojas D\u00edaz Dur\u00e1ny<\/strong> a <strong>Armenta <\/strong>les apoyan en sus denuncias 55 senadores de los 59 que tiene Morena en la C\u00e1mara alta, entre otros su coordinador <strong>Ricardo Monreal <\/strong>del cual <strong>Rojas<\/strong> es suplente y su jefe de Asesores.<\/p>\n<p>En esta confrontaci\u00f3n uno de los 4 que no apoyan a <strong>Armenta<\/strong>, es el presidente del Senado,<strong> Mart\u00ed Batres,<\/strong> quien desde siempre ha sido aliado de <strong>Polevnsky<\/strong> y de <strong>Barbosa.<\/strong><\/p>\n<p><strong>Semana clave para Monreal<\/strong><\/p>\n<p>A pesar de que en todas sus agendas est\u00e1 incluida la aspiraci\u00f3n de establecer la revocaci\u00f3n de mandato, los senadores del PRI, PAN, PRD y Movimiento Ciudadano est\u00e1n centrados en no dejar pasar la iniciativa que impulsa hoy <strong>Ricardo Monreal<\/strong> y su bancada de Morena.<\/p>\n<p>Lo que detiene el voto de los opositores son dos temas: la fecha del 2 de junio y que la reforma s\u00f3lo incluya al Presidente de la Rep\u00fablica.<\/p>\n<p>Los senadores del ya llamado <strong><em>\u201cBloque Opositor\u201d<\/em><\/strong> exigen que se cambien las dos cosas: que la consulta sobre la revocaci\u00f3n se haga en otra fecha ajena al de la elecci\u00f3n intermedia de diputados federales y algunos gobernadores, establecida para el 2 de junio de 2021, y que la reforma incluya en la Constituci\u00f3n a todos los cargos de elecci\u00f3n, no s\u00f3lo al de Presidente.<\/p>\n<p>Sin embargo eso coloca al zacatecano <strong>Ricardo Monreal <\/strong>en un dilema: modificar el dict\u00e1men ya aprobado por la C\u00e1mara de Diputados lo que obligar\u00eda regresarlo a la C\u00e1mara Baja, pero sobre todo a no cumplirle el deseo a su jefe pol\u00edtico, al presidente <strong>Andr\u00e9s Manuel L\u00f3pez Obrador <\/strong>quien ha se\u00f1alado que quiere que la reforma constitucional pase tal como la aprobaron los diputados.<\/p>\n<p>Monreal ha dicho sin mucha convicci\u00f3n que intentar\u00e1 construir el consenso, pero aclar\u00f3 que \u201cno est\u00e1 obligado a lo imposible\u201d.<\/p>\n<p>Subray\u00f3:<\/p>\n<p>\u201cLo digo sin ambages, no me cuesta trabajo, no estoy obligado a lo imposible. Estoy intentando construirlo con tranquilidad, con armon\u00eda, en los mejores t\u00e9rminos\u201d, advirti\u00f3.<\/p>\n<p>Monreal reconoci\u00f3 que, en los 8 meses que lleva la presente Legislatura, lo de la revocaci\u00f3n de mandato es uno de los tramites legislativos m\u00e1s complicados que ha tenido que negociar con sus pares en la C\u00e1mara Alta, sobre todo por el nivel pol\u00edtico alcanzado por el tema.<\/p>\n<p>\u201cEntiendo que est\u00e1 ideologizado y partidarizado el tema y tiene que ver mucho, algunos con la sobrevivencia electoral y otros con que no quieren ser sacudidos en el proceso electoral del 2021\u201d.<\/p>\n<p>Y es que las discrepancias se dan igual en lo interno en la bancada de Morena que en los otros grupos parlamentarios.<\/p>\n<p>Como en todo lo que se refiere a una reforma constitucional, Monreal requiere de amarrar al menos 85 votos de los 128 senadores que integran la legislatura.<\/p>\n<p>De nada vali\u00f3 para el \u201cBloque Opositor\u201d que el 19 de marzo, <strong>L\u00f3pez Obrador<\/strong> haya firmado durante su conferencia ma\u00f1anera una carta comprometi\u00e9ndose a no buscar la reelecci\u00f3n.<\/p>\n<p><em><a href=\"http:\/\/endirecto.mx\" target=\"_blank\" rel=\"noopener noreferrer\">www.endirecto.mx<\/a><\/em><br \/>\n<em><a href=\"https:\/\/twitter.com\/_rvizcaino\" target=\"_blank\" rel=\"noopener noreferrer\">@_RVizcaino<\/a><\/em><br \/>\n<a href=\"https:\/\/www.facebook.com\/rvizcainoa\" target=\"_blank\" rel=\"noopener noreferrer\">f<em>acebook.com\/rvizcainoa<\/em><\/a><\/p>\n","protected":false},"excerpt":{"rendered":"<p><span style=\"color: #005497;\"><strong>Roberto Vizca\u00edno<\/strong><\/span><br \/>\n<br \/>\n<strong>Andr\u00e9s Manuel L\u00f3pez Obrador<\/strong> aprovech\u00f3 la ma\u00f1anera de ayer para lanzar mensajes obvios a quienes el s\u00e1bado lo llenaron de mentadas y le gritaron el \u00a1fuera! \u00a1fuera! \u00a1fuera! en la inauguraci\u00f3n del estadio <strong>Alfredo Harp Hel\u00fa<\/strong> de los Diablos Rojos\u2026<\/p>\n","protected":false},"author":3,"featured_media":420948,"comment_status":"open","ping_status":"open","sticky":false,"template":"","format":"standard","meta":{"_monsterinsights_skip_tracking":false,"_monsterinsights_sitenote_active":false,"_monsterinsights_sitenote_note":"","_monsterinsights_sitenote_category":0,"footnotes":""},"categories":[136],"tags":[43674,93,94],"class_list":["post-420938","post","type-post","status-publish","format-standard","has-post-thumbnail","hentry","category-roberto-vizcaino-opinion","tag-opinion","tag-roberto-vizcaino","tag-tras-la-puerta-del-poder"],"_links":{"self":[{"href":"https:\/\/www.diarioimagen.net\/index.php?rest_route=\/wp\/v2\/posts\/420938","targetHints":{"allow":["GET"]}}],"collection":[{"href":"https:\/\/www.diarioimagen.net\/index.php?rest_route=\/wp\/v2\/posts"}],"about":[{"href":"https:\/\/www.diarioimagen.net\/index.php?rest_route=\/wp\/v2\/types\/post"}],"author":[{"embeddable":true,"href":"https:\/\/www.diarioimagen.net\/index.php?rest_route=\/wp\/v2\/users\/3"}],"replies":[{"embeddable":true,"href":"https:\/\/www.diarioimagen.net\/index.php?rest_route=%2Fwp%2Fv2%2Fcomments&post=420938"}],"version-history":[{"count":0,"href":"https:\/\/www.diarioimagen.net\/index.php?rest_route=\/wp\/v2\/posts\/420938\/revisions"}],"wp:featuredmedia":[{"embeddable":true,"href":"https:\/\/www.diarioimagen.net\/index.php?rest_route=\/wp\/v2\/media\/420948"}],"wp:attachment":[{"href":"https:\/\/www.diarioimagen.net\/index.php?rest_route=%2Fwp%2Fv2%2Fmedia&parent=420938"}],"wp:term":[{"taxonomy":"category","embeddable":true,"href":"https:\/\/www.diarioimagen.net\/index.php?rest_route=%2Fwp%2Fv2%2Fcategories&post=420938"},{"taxonomy":"post_tag","embeddable":true,"href":"https:\/\/www.diarioimagen.net\/index.php?rest_route=%2Fwp%2Fv2%2Ftags&post=420938"}],"curies":[{"name":"wp","href":"https:\/\/api.w.org\/{rel}","templated":true}]}}