{"id":421031,"date":"2019-03-27T00:07:31","date_gmt":"2019-03-27T06:07:31","guid":{"rendered":"https:\/\/www.diarioimagen.net\/?p=421031"},"modified":"2019-03-27T06:11:06","modified_gmt":"2019-03-27T12:11:06","slug":"garantizaran-movilidad-en-tlalnepantla","status":"publish","type":"post","link":"https:\/\/www.diarioimagen.net\/?p=421031","title":{"rendered":"Garantizar\u00e1n movilidad en Tlalnepantla"},"content":{"rendered":"<ul>\n<li><strong><em>Con miras a nueva Ley de Seguridad Vial<\/em><\/strong><\/li>\n<\/ul>\n<p>&nbsp;<\/p>\n<div id=\"attachment_421109\" style=\"width: 470px\" class=\"wp-caption aligncenter\"><a href=\"https:\/\/www.diarioimagen.net\/?attachment_id=421109\" rel=\"attachment wp-att-421109\"><img loading=\"lazy\" decoding=\"async\" aria-describedby=\"caption-attachment-421109\" class=\"size-large wp-image-421109\" src=\"https:\/\/www.diarioimagen.net\/wp-content\/uploads\/2019\/03\/TLALNEPANTLA-27-460x246.jpg\" alt=\"\" width=\"460\" height=\"246\" srcset=\"https:\/\/www.diarioimagen.net\/wp-content\/uploads\/2019\/03\/TLALNEPANTLA-27-460x246.jpg 460w, https:\/\/www.diarioimagen.net\/wp-content\/uploads\/2019\/03\/TLALNEPANTLA-27-240x129.jpg 240w, https:\/\/www.diarioimagen.net\/wp-content\/uploads\/2019\/03\/TLALNEPANTLA-27.jpg 700w\" sizes=\"auto, (max-width: 460px) 100vw, 460px\" \/><\/a><p id=\"caption-attachment-421109\" class=\"wp-caption-text\">Se pretende configurar una ley que privilegie los derechos del peat\u00f3n, el libre acceso de las personas con discapacidad y disminuya el n\u00famero de accidentes viales.<\/p><\/div>\n<p>&nbsp;<\/p>\n<p><strong>Tlalnepantla, Estado de M\u00e9xico<\/strong>.- En M\u00e9xico, cada d\u00eda fallecen 44 personas en accidentes viales, por ello el presidente municipal, Raciel P\u00e9rez Cruz, indic\u00f3 que Tlalnepantla de Baz se suma al proyecto de civilidad que convoca a las diferentes instancias de gobierno y sociedad, para encontrar soluciones encaminadas a la movilidad segura.<\/p>\n<p>Durante el \u201cForo Regional para una Ley General de Seguridad Vial\u201d, realizado en este municipio con la participaci\u00f3n de legisladores federales y estatales, as\u00ed como representantes de los tres niveles de gobierno y de la sociedad civil, el edil se\u00f1al\u00f3 que se busca establecer pol\u00edticas p\u00fablicas que mejoren la movilidad, con medidas, regulaciones y controles que protejan la integridad de peatones, pasajeros y conductores.<\/p>\n<p>Indic\u00f3 que para solucionar el desaf\u00edo que representa la convivencia cotidiana de las metr\u00f3polis, son necesarias acciones a corto, mediano y largo plazos, por lo que se debe hacer una gran convocatoria para consensuar estas medidas, a autoridades de los municipios y entidades que forman parte o cuentan con grandes zonas urbanas.<\/p>\n<p>El sexto foro regional, de un total de ocho, se realiza con el objetivo de que organizaciones y autoridades aporten propuestas y cambios a la iniciativa de ley, presentada en d\u00edas pasados en el Senado de la Rep\u00fablica, para crear pol\u00edticas adecuadas que mejoren el transporte p\u00fablico, la infraestructura y protejan a todos los usuarios de la v\u00eda, especialmente al peat\u00f3n.<\/p>\n<p>En el acto se destac\u00f3 sobre la importancia de la modernizaci\u00f3n de las formas de transporte, traslado y tr\u00e1nsito que hay en las ciudades, asimismo, se pretende construir una ley que privilegie los derechos del peat\u00f3n, el libre acceso de las personas con discapacidad y disminuya el n\u00famero de accidentes viales.<\/p>\n<p>Estuvieron presentes Gabriela Valdepe\u00f1as, delegada de Gobierno Federal en Tlalnepantla de Baz; los senadores Martha Guerrero S\u00e1nchez, Patricia Mercado, Higinio Mart\u00ednez Miranda, X\u00f3chitl G\u00e1lvez Ruiz, Emilio \u00c1lvarez Icaza Longoria y Jos\u00e9 Alejandro Pe\u00f1a Villa, as\u00ed como los diputados Maurilio Hern\u00e1ndez Gonz\u00e1lez, Tanech S\u00e1nchez \u00c1ngeles y Ana Lilia Herrera Anzaldo.<\/p>\n<p>Tambi\u00e9n los Presidentes Municipales de Ecatepec, Luis Fernando Vilchis Contreras; de Tultitl\u00e1n, Elena Garc\u00eda Mart\u00ednez; Naucalpan, Patricia Dur\u00e1n Reveles, y Chalco, Miguel Guti\u00e9rrez Morales, as\u00ed como Alejandro L\u00f3pez Franco, Director General del Instituto Queretano del Transporte;\u00a0\u00a0V\u00edctor Aureliano Mercado Salgado, Secretario de Movilidad y Transporte del Estado de Morelos, y Raymundo Edgar Mart\u00ednez Carbajal, Secretario de Movilidad del Estado de M\u00e9xico<\/p>\n","protected":false},"excerpt":{"rendered":"<p>En M\u00e9xico, cada d\u00eda fallecen 44 personas en accidentes viales, por ello el presidente municipal, Raciel P\u00e9rez Cruz, indic\u00f3 que Tlalnepantla de Baz se suma al proyecto de civilidad que convoca a las diferentes instancias de gobierno y sociedad, para encontrar soluciones encaminadas a la movilidad segura.<\/p>\n","protected":false},"author":3,"featured_media":421109,"comment_status":"open","ping_status":"open","sticky":false,"template":"","format":"standard","meta":{"_monsterinsights_skip_tracking":false,"_monsterinsights_sitenote_active":false,"_monsterinsights_sitenote_note":"","_monsterinsights_sitenote_category":0,"footnotes":""},"categories":[35155],"tags":[43675,19100,81517,169],"class_list":["post-421031","post","type-post","status-publish","format-standard","has-post-thumbnail","hentry","category-estado-de-mexico-estado-de-mexico","tag-estado-de-mexico","tag-proyecto","tag-raciel-perez-cruz","tag-tlalnepantla"],"_links":{"self":[{"href":"https:\/\/www.diarioimagen.net\/index.php?rest_route=\/wp\/v2\/posts\/421031","targetHints":{"allow":["GET"]}}],"collection":[{"href":"https:\/\/www.diarioimagen.net\/index.php?rest_route=\/wp\/v2\/posts"}],"about":[{"href":"https:\/\/www.diarioimagen.net\/index.php?rest_route=\/wp\/v2\/types\/post"}],"author":[{"embeddable":true,"href":"https:\/\/www.diarioimagen.net\/index.php?rest_route=\/wp\/v2\/users\/3"}],"replies":[{"embeddable":true,"href":"https:\/\/www.diarioimagen.net\/index.php?rest_route=%2Fwp%2Fv2%2Fcomments&post=421031"}],"version-history":[{"count":0,"href":"https:\/\/www.diarioimagen.net\/index.php?rest_route=\/wp\/v2\/posts\/421031\/revisions"}],"wp:featuredmedia":[{"embeddable":true,"href":"https:\/\/www.diarioimagen.net\/index.php?rest_route=\/wp\/v2\/media\/421109"}],"wp:attachment":[{"href":"https:\/\/www.diarioimagen.net\/index.php?rest_route=%2Fwp%2Fv2%2Fmedia&parent=421031"}],"wp:term":[{"taxonomy":"category","embeddable":true,"href":"https:\/\/www.diarioimagen.net\/index.php?rest_route=%2Fwp%2Fv2%2Fcategories&post=421031"},{"taxonomy":"post_tag","embeddable":true,"href":"https:\/\/www.diarioimagen.net\/index.php?rest_route=%2Fwp%2Fv2%2Ftags&post=421031"}],"curies":[{"name":"wp","href":"https:\/\/api.w.org\/{rel}","templated":true}]}}