{"id":421053,"date":"2019-03-27T00:01:14","date_gmt":"2019-03-27T06:01:14","guid":{"rendered":"https:\/\/www.diarioimagen.net\/?p=421053"},"modified":"2019-03-27T01:35:53","modified_gmt":"2019-03-27T07:35:53","slug":"en-crisis-diplomatica-ebrard-ni-la-nariz-asoma-en-su-oficina-ni-se-mueve","status":"publish","type":"post","link":"https:\/\/www.diarioimagen.net\/?p=421053","title":{"rendered":"En crisis diplom\u00e1tica, Ebrard ni la nariz asoma; en su oficina, ni se mueve"},"content":{"rendered":"<h2>La Retaguardia<\/h2>\n<h5>Adriana Moreno Cordero<\/h5>\n<p><em>\u00a0<\/em><\/p>\n<ul>\n<li><strong><em>Reforma educativa, AMLO le tira \u201cl\u00ednea\u201d a Delgado y CNTE a sus diputados<\/em><\/strong><\/li>\n<\/ul>\n<p>&nbsp;<\/p>\n<p>Continuaron las reacciones adversas a la solicitud de <strong>Andr\u00e9s Manuel L\u00f3pez Obrador<\/strong>, para que el Rey de Espa\u00f1a, <strong>Felipe de Borb\u00f3n<\/strong> y el <strong>Papa Francisco<\/strong>, ofrezcan disculpas p\u00fablicas por los hechos violentos registrados en la Conquista y en la Colonia y desde Espa\u00f1a, la mayor\u00eda de la clase pol\u00edtica, le tundi\u00f3 dur\u00edsimo al de Macuspana y a pesar de eso, el presidente asegur\u00f3 que no hab\u00eda creado ning\u00fan conflicto internacional, que solo era un problema de conciencia, al tiempo que sigui\u00f3 insistiendo en que tiene que haber disculpas.<\/p>\n<p>Lo bueno es que avis\u00f3 y dice que no caer\u00e1 en ninguna confrontaci\u00f3n ni con el gobierno de Espa\u00f1a, ni con ning\u00fan otro gobierno. \u00bfQu\u00e9 tal que s\u00ed?<\/p>\n<p>Pero en todo este l\u00edo, sin duda hay alguien a quien se le extra\u00f1a much\u00edsimo. De plano no ha asomado ni la nariz en toda esta crisis diplom\u00e1tica y se trata, ni m\u00e1s ni menos que del secretario de Relaciones Exteriores, <strong>Marcelo Ebrard Casaub\u00f3n<\/strong>, al que no se le ha visto \u201cni el polvo\u201d y ni qu\u00e9 decir que se hubiera presentado a alguna de las \u201cma\u00f1aneras\u201d en Palacio Nacional para explicar esa situaci\u00f3n.<\/p>\n<p>Diversos analistas se\u00f1alaron en d\u00edas anteriores que al flamante canciller de plano, lo tienen secuestrado y el nombre de quien lo tiene sin permitirle moverse, es <strong>Gonzalo Fabi\u00e1n Medina<\/strong>, que es su jefe de Oficina y ante esto, no puede uno menos que preguntarse, \u00bfpues qu\u00e9 le sabr\u00e1 su subordinado a Ebrard?<\/p>\n<p>Aunque tampoco hay que soslayar que en el d\u00eda a d\u00eda, es el mism\u00edsimo jefe del Ejecutivo el que no tiene empacho en invadir uno u otro Poder, que se supone deber\u00eda ser independiente.<\/p>\n<p>Como muestra de lo anterior, est\u00e1 que ayer, los \u201cmaestros\u201d de la Coordinadora Nacional de Trabajadores de la Educaci\u00f3n, muy temprano, volvieron a sitiar el Palacio Legislativo de San L\u00e1zaro, sin permitir la entrada a personal y legisladores, con lo que otro d\u00eda m\u00e1s de trabajo, se ech\u00f3 a perder.<\/p>\n<p>Y como el presidente L\u00f3pez Obrador le tir\u00f3 \u201cl\u00ednea\u201d al coordinador de la bancada de Morena en la C\u00e1mara de Diputados, <strong>Mario Mart\u00edn Delgado<\/strong>, de que no deber\u00eda buscar ninguna sede alterna, as\u00ed se tarden un\u00a0 mes en irse los \u201cmaestros\u201d, pues no le qued\u00f3 m\u00e1s remedio al diputado Delgado que plegarse sin chistar a las instrucciones de su jefe.<\/p>\n<p>Sin embargo, no deja de llamar poderosamente la atenci\u00f3n, que en un ejercicio que se pareci\u00f3 m\u00e1s a unas que otras \u201cpatadas de ahogado\u201d, el coordinador morenista desliz\u00f3 la idea de que por culpa de los integrantes de la Comisiones Unidas de Puntos Constitucionales y Educaci\u00f3n, que pertenecen a la oposici\u00f3n de Morena no llegaron temprano, no se pudo llevar a cabo la reuni\u00f3n.<\/p>\n<p>Habr\u00eda que precisar que de lo que no se quiso enterar Mario Delgado, es que los diputados de su fracci\u00f3n que pertenecen a la Coordinadora, que son alrededor de cuarenta, la mitad, o sea, veinte, que est\u00e1n en las Comisiones dictaminadoras, tampoco llegaron y su inasistencia fue con toda intenci\u00f3n y una vez que los dirigentes de los \u201cprofesores\u201d de la CNTE tambi\u00e9n le tiraron \u201cl\u00ednea\u201d a sus legisladores. \u00a1Qu\u00e9 tal!<\/p>\n<p>En el pasado, el presidente L\u00f3pez Obrador supuso que ser\u00eda suficiente con solo darles algunas posiciones en el Legislativo a los \u201cmaestros\u201d de la Coordinadora, sus antiguos aliados, pero, como se asent\u00f3 en este espacio en anterior entrega, los \u201cdocentes\u201d se le voltearon y no est\u00e1n dispuestos a ceder en el rengl\u00f3n del control de plazas.<\/p>\n<p>Los diferentes voceros de la CNTE, alegan que ellos nunca han tenido el manejo de los recursos, pero no hay nada m\u00e1s falso que eso; lo que quiere este belicoso sindicato, es conservar las prebendas que tuvieron en el pasado, o sea, poder heredar las plazas, por eso no quieren la evaluaci\u00f3n y seguir con el control de los recursos.<\/p>\n<p>Como \u201cbot\u00f3n\u201d de muestra est\u00e1 que la Secci\u00f3n XXII de Oaxaca, exige m\u00e1s de cinco mil plazas solo para ellos.<\/p>\n<p>Por su parte, coordinadores y vicecoordinadores de la oposici\u00f3n en la C\u00e1mara Baja, como <strong>Juan Carlos Romero Hicks<\/strong>, el pri\u00edsta <strong>Ren\u00e9 Ju\u00e1rez<\/strong> y <strong>Dulce Mar\u00eda Sauri Riancho<\/strong>, a las afueras de San L\u00e1zaro, exigieron condiciones y garant\u00edas para simplemente, poder trabajar mientras Delgado, se segu\u00eda haciendo bolas con este delicado tema.<\/p>\n<p style=\"text-align: center;\"><strong>Municiones<\/strong><\/p>\n<p>*** La semana pasada, la Consejer\u00eda Jur\u00eddica del Gobierno de la CDMX, que encabeza <strong>H\u00e9ctor Villegas<\/strong> y la secretaria de Desarrollo Urbano y Vivienda, de <strong>Ileana Villalobos<\/strong>, convocaron a reuni\u00f3n a las empresas propietarias de anuncios espectaculares para informar que buscar\u00e1n reincorporar al Consejo de Publicidad Exterior a los representantes de la industria cuyos nombramientos vencieron en febrero pasado.\u200b No obstante, de concretarse esta promesa se estar\u00eda incurriendo una vez m\u00e1s en diversos casos de representaci\u00f3n duplicada, pues existen firmas, como es el caso de Memije Publicidad SA De CV, Anuncios T\u00e9cnicos Moctezuma SA de CV, o Raksa SA de CV, que adem\u00e1s de verse representadas en el organismo por Canacintra, participan de manera adicional como consejeros invitados permanentes.\u200b Otros casos que podr\u00edan generar imparcialidad al interior del Consejo son los de las compa\u00f1\u00edas Murales SA, Comunicaci\u00f3n T\u00e9cnica Integrada SA de CV y Gerardo Ra\u00fal Rold\u00e1n Barrios, que simult\u00e1neamente forman parte de la Asociaci\u00f3n Mexicana de Publicidad Exterior (AMPE) y la Canacintra; o el de la Asociaci\u00f3n de Publicistas en Exterior (Apex), organismo que \u00fanicamente representa a cuatro empresas propiedad de un mismo due\u00f1o: el considerado \u201czar de los espectaculares\u201d, <strong>Ricardo Escoto N\u00fa\u00f1ez<\/strong>.<\/p>\n<p>*** \u00a1Vaya que es necio el presidente L\u00f3pez Obrador!, y cree que puede verle la cara al que sea. Resulta que ya envi\u00f3 al Senado de la Rep\u00fablica las supuestas nuevas ternas para ocupar asientos en la CRE, pero eran exactamente los mismos nombres de las personas que demostraron en su comparecencia ser incompetentes, pero enlistados de manera distinta. \u00bfEn qu\u00e9 estar\u00e1 pensando el tabasque\u00f1o?<\/p>\n<p>*** La dirigente de Morena, <strong>Yeidckol Polevnsky<\/strong>, se sigue ufanando del triunfo de su candidato al gobierno de Puebla, <strong>Luis Miguel Barbosa<\/strong> y por ello, le recomend\u00f3 a <strong>Alejandro\u00a0 Armenta Mier<\/strong> que lo mejor que puede hacer, es regresar a su esca\u00f1o porque la designaci\u00f3n del candidato de Morena al gobierno de Puebla, es \u201ccosa juzgada\u201d y nada valdr\u00e1 lo que intente hacer el senador, que sigue manifestando su inconformidad por el proceso interno en el instituto pol\u00edtico de AMLO. Polevnsky le dijo que ser senador, es una posici\u00f3n bastante digna, que ya ni \u201chaga olas\u201d.<\/p>\n<p><a href=\"mailto:morcora@gmail.com\" target=\"_blank\" rel=\"noopener noreferrer\"><em>morcora@gmail.com<\/em><\/a><\/p>\n","protected":false},"excerpt":{"rendered":"<p><span style=\"color: #005497;\"><strong>Adriana Moreno Cordero<\/strong><\/span><\/p>\n","protected":false},"author":3,"featured_media":0,"comment_status":"open","ping_status":"open","sticky":false,"template":"","format":"standard","meta":{"_monsterinsights_skip_tracking":false,"_monsterinsights_sitenote_active":false,"_monsterinsights_sitenote_note":"","_monsterinsights_sitenote_category":0,"footnotes":""},"categories":[69370],"tags":[69369,69368,43674],"class_list":["post-421053","post","type-post","status-publish","format-standard","hentry","category-adriana-moreno-cordero","tag-adriana-moreno-cordero","tag-la-retaguardia","tag-opinion"],"_links":{"self":[{"href":"https:\/\/www.diarioimagen.net\/index.php?rest_route=\/wp\/v2\/posts\/421053","targetHints":{"allow":["GET"]}}],"collection":[{"href":"https:\/\/www.diarioimagen.net\/index.php?rest_route=\/wp\/v2\/posts"}],"about":[{"href":"https:\/\/www.diarioimagen.net\/index.php?rest_route=\/wp\/v2\/types\/post"}],"author":[{"embeddable":true,"href":"https:\/\/www.diarioimagen.net\/index.php?rest_route=\/wp\/v2\/users\/3"}],"replies":[{"embeddable":true,"href":"https:\/\/www.diarioimagen.net\/index.php?rest_route=%2Fwp%2Fv2%2Fcomments&post=421053"}],"version-history":[{"count":0,"href":"https:\/\/www.diarioimagen.net\/index.php?rest_route=\/wp\/v2\/posts\/421053\/revisions"}],"wp:attachment":[{"href":"https:\/\/www.diarioimagen.net\/index.php?rest_route=%2Fwp%2Fv2%2Fmedia&parent=421053"}],"wp:term":[{"taxonomy":"category","embeddable":true,"href":"https:\/\/www.diarioimagen.net\/index.php?rest_route=%2Fwp%2Fv2%2Fcategories&post=421053"},{"taxonomy":"post_tag","embeddable":true,"href":"https:\/\/www.diarioimagen.net\/index.php?rest_route=%2Fwp%2Fv2%2Ftags&post=421053"}],"curies":[{"name":"wp","href":"https:\/\/api.w.org\/{rel}","templated":true}]}}