{"id":421055,"date":"2019-03-27T00:02:56","date_gmt":"2019-03-27T06:02:56","guid":{"rendered":"https:\/\/www.diarioimagen.net\/?p=421055"},"modified":"2019-03-27T01:37:57","modified_gmt":"2019-03-27T07:37:57","slug":"una-demencial-ocurrencia","status":"publish","type":"post","link":"https:\/\/www.diarioimagen.net\/?p=421055","title":{"rendered":"Una demencial ocurrencia"},"content":{"rendered":"<h2>De pe a pa<\/h2>\n<h5>Alberto Vieyra G.<\/h5>\n<p>&nbsp;<\/p>\n<p>\u00bfCu\u00e1ndo los reyes en la tierra, considerados los m\u00e1s cercanos a dios han pedido perd\u00f3n por los ultrajes a la dignidad humana, en nombre del supremo creador? \u00a1Nunca! \u00bfCu\u00e1ndo un rey, que no sea el rey de chocolate, ha pedido perd\u00f3n a sus semejantes? \u00bfHay sensatez o sano juicio en un gobernante que choca un d\u00eda con periodistas, otro d\u00eda con el papa Francisco y otro d\u00eda con el rey de Espa\u00f1a? \u00bfEstamos ante una demencial ocurrencia del presidente Andr\u00e9s Manuel L\u00f3pez Obrador, que exige al rey Felipe VI y al Vaticano que ofrezcan perd\u00f3n por los excesos cometidos durante la Conquista espa\u00f1ola en Am\u00e9rica? \u00a1Vaya manera populista y demag\u00f3gica de reabrir las heridas de hace 500 a\u00f1os!<\/p>\n<p>\u00bfQu\u00e9 responde el gobierno espa\u00f1ol a la insensatez del mandatario mexicano? \u201cLa llegada, hace 500 a\u00f1os, de los espa\u00f1oles a las actuales tierras mexicanas, no puede juzgarse a la luz de consideraciones contempor\u00e1neas. Nuestros pueblos hermanos han sabido siempre leer nuestro pasado compartiendo sin ira y con una perspectiva constructiva, como pueblos libres con una herencia com\u00fan y una proyecci\u00f3n extraordinaria\u201d.<\/p>\n<p>En Espa\u00f1a, la ocurrencia de L\u00f3pez Obrador desat\u00f3 carretadas de cr\u00edticas. La m\u00e1s agria seria la del escritor Arturo P\u00e9rez-Reverte, miembro de la Real Academia Espa\u00f1ola quien sin ambages le revir\u00f3 a AMLO: \u201cQue se disculpe \u00e9l, que tiene apellidos espa\u00f1oles y vive all\u00ed. Si este individuo se cree de verdad lo que dice, es un imb\u00e9cil. Si no se lo cree, es un sinverg\u00fcenza\u201d \u00a1Que duro!&#8230; la rudeza del escritor hispano es equiparable a la de Diego Fern\u00e1ndez de Cevallos cuando dec\u00eda: \u201cAMLO es un porro, es un rufi\u00e1n con poder\u201d.<\/p>\n<p>Y \u00bfQu\u00e9 responde el Vaticano a la herej\u00eda del Presidente de M\u00e9xico? Seguramente que le recordar\u00e1 la Santa Sede que hace 4 a\u00f1os el papa Francisco ya ofreci\u00f3 el perd\u00f3n de la Iglesia cat\u00f3lica por los excesos de los misioneros contra los indios de Am\u00e9rica, a los que llegaron a equiparar con los perros. \u00a1Vaya flaqu\u00edsima memoria del Presidente! Y \u00a1Vaya su monumental ignorancia!, puesto que el perd\u00f3n de Espa\u00f1a est\u00e1 contenido en el Tratado de Paz firmado entre M\u00e9xico y la corona espa\u00f1ola el 28 de diciembre -d\u00eda de los Santos Inocentes-, de 1836 cuando Espa\u00f1a reconoci\u00f3 la Independencia de M\u00e9xico ocurrida en 1821.<\/p>\n<p>Lo m\u00e1s sorprendente no es\u00a0 s\u00f3lo el veneno contra los conquistadores y misioneros cristianos, que no pertenecen a su iglesia sino la extra\u00f1a coincidencia que hay en la exigencia de L\u00f3pez Obrador con lo expresado hace dos a\u00f1os por el dictador venezolano Nicol\u00e1s Maduro, quien pidi\u00f3 a Espa\u00f1a en el 2016: \u201cEn vez de estar celebrando el 12 de octubre como el D\u00eda de la Hispanidad, deber\u00edan declararlo d\u00eda de duelo, prender unas velas, orar y <em>pedirle perd\u00f3n a Am\u00e9rica<\/em> <em>entera<\/em> por la masacre que hicieron sus antepasados coloniales\u2026\u201d.<\/p>\n<p>Para el 2021 se cumplir\u00e1n 500 a\u00f1os de la rendici\u00f3n de la gran Tenochtitlan ante los espa\u00f1oles de Hern\u00e1n Cort\u00e9s que nos trajeron sus pestes, su corrupci\u00f3n, su impunidad y hoy, L\u00f3pez Obrador habla de reconciliaci\u00f3n abriendo heridas. Me pregunto: \u00bfEl se\u00f1or Presidente ser\u00eda capaz de exigirle a Donald Trump perd\u00f3n a M\u00e9xico por habernos arrebatado el 62 por ciento de nuestro territorio en la guerra de 1848 y por el exterminio del mundo ind\u00edgena, entre ellos los apaches en esos territorios?<\/p>\n<p><em><a href=\"mailto:info@agenciamn.com\" target=\"_blank\" rel=\"noopener noreferrer\">info@agenciamn.com<\/a><\/em><\/p>\n","protected":false},"excerpt":{"rendered":"<p><span style=\"color: #005497;\"><strong>Alberto Vieyra G.<\/strong><\/span><\/p>\n","protected":false},"author":3,"featured_media":0,"comment_status":"open","ping_status":"open","sticky":false,"template":"","format":"standard","meta":{"_monsterinsights_skip_tracking":false,"_monsterinsights_sitenote_active":false,"_monsterinsights_sitenote_note":"","_monsterinsights_sitenote_category":0,"footnotes":""},"categories":[4596],"tags":[43697,4597,43674],"class_list":["post-421055","post","type-post","status-publish","format-standard","hentry","category-alberto-vieyra-g","tag-alberto-vieyra-g","tag-de-pe-a-pa","tag-opinion"],"_links":{"self":[{"href":"https:\/\/www.diarioimagen.net\/index.php?rest_route=\/wp\/v2\/posts\/421055","targetHints":{"allow":["GET"]}}],"collection":[{"href":"https:\/\/www.diarioimagen.net\/index.php?rest_route=\/wp\/v2\/posts"}],"about":[{"href":"https:\/\/www.diarioimagen.net\/index.php?rest_route=\/wp\/v2\/types\/post"}],"author":[{"embeddable":true,"href":"https:\/\/www.diarioimagen.net\/index.php?rest_route=\/wp\/v2\/users\/3"}],"replies":[{"embeddable":true,"href":"https:\/\/www.diarioimagen.net\/index.php?rest_route=%2Fwp%2Fv2%2Fcomments&post=421055"}],"version-history":[{"count":0,"href":"https:\/\/www.diarioimagen.net\/index.php?rest_route=\/wp\/v2\/posts\/421055\/revisions"}],"wp:attachment":[{"href":"https:\/\/www.diarioimagen.net\/index.php?rest_route=%2Fwp%2Fv2%2Fmedia&parent=421055"}],"wp:term":[{"taxonomy":"category","embeddable":true,"href":"https:\/\/www.diarioimagen.net\/index.php?rest_route=%2Fwp%2Fv2%2Fcategories&post=421055"},{"taxonomy":"post_tag","embeddable":true,"href":"https:\/\/www.diarioimagen.net\/index.php?rest_route=%2Fwp%2Fv2%2Ftags&post=421055"}],"curies":[{"name":"wp","href":"https:\/\/api.w.org\/{rel}","templated":true}]}}