{"id":421060,"date":"2019-03-27T00:04:14","date_gmt":"2019-03-27T06:04:14","guid":{"rendered":"https:\/\/www.diarioimagen.net\/?p=421060"},"modified":"2019-03-27T01:42:57","modified_gmt":"2019-03-27T07:42:57","slug":"no-es-amlo-sera-beatriz-cuidado","status":"publish","type":"post","link":"https:\/\/www.diarioimagen.net\/?p=421060","title":{"rendered":"No es AMLO, \u00bfser\u00e1 Beatriz?, cuidado\u2026"},"content":{"rendered":"<h2>Espacio Electoral<\/h2>\n<h5>Eleazar Flores<\/h5>\n<p>&nbsp;<\/p>\n<p>En la picota.- M\u00e9xico vuelve a estar en la picota mundial gracias a la petici\u00f3n del presidente Andr\u00e9s Manuel L\u00f3pez Obrador, de que Espa\u00f1a pida disculpas a M\u00e9xico por hechos ocurridos hace \u201capenas\u201d 500 a\u00f1os.<\/p>\n<p>Pero la idea parece tener origen en Beatriz Guti\u00e9rrez Muller, esposa de ya sabe qui\u00e9n, estudiosa mexicana de nuestra historia con sangre teutona, por eso el apellido.<\/p>\n<p>Para como van las cosas, podr\u00eda resultar que la esposa que se neg\u00f3 ejercer el cargo de Primera Dama del pa\u00eds, podr\u00eda tener mayor influencia de la ejercida por Marta Sahag\u00fan de Fox, esposa de ya saben qui\u00e9n, en el sexenio 2000-2006, llegando incluso a manejarse como candidata presidencial.<\/p>\n<p>Ning\u00fan elemento de peso, -y mucho menos comprobatorio-, para manejar a la se\u00f1ora de L\u00f3pez Obrador como autora de la idea de solicitar que Espa\u00f1a pida disculpas a M\u00e9xico por los hechos ocurridos hace 500 a\u00f1os, con\u00a0 motivo de la conquista de nuestro territorio, el \u00fanico hilo conductor es la curr\u00edcula acad\u00e9mica de quien tiene estudios sobre Comunicaci\u00f3n, Literatura e Historia.<\/p>\n<p>Sobre su licenciatura en Comunicaci\u00f3n en la Ibero de Puebla, do\u00f1a Beatriz se titul\u00f3 con la tesis \u201cRegulaci\u00f3n del uso de los medios de comunicaci\u00f3n en leyes electorales federales\u201d. Tambi\u00e9n hizo una maestr\u00eda en Literatura Iberoamericana, su especialidad en\u00a0 la \u201cHistoria Verdadera de la Conquista de la Nueva Espa\u00f1a\u201d y su doctorado en Teor\u00eda Literaria en la UAM.<\/p>\n<p>Posiblemente sus estudios sobre la Historia Verdadera de la Conquista de la Nueva Espa\u00f1a fueron comentario obligado ante el presidente y de ah\u00ed la solicitud a Espa\u00f1a a que pida disculpas por los hechos de hace 500 a\u00f1os.<\/p>\n<p>El video de la petici\u00f3n la hizo el matrimonio L\u00f3pez-Guti\u00e9rrez en Comalcalco, el pasado lunes, luciendo de fondo la zona arqueol\u00f3gica.<\/p>\n<p>Reacciones-. Adictos a las encuestas, bueno ser\u00eda que esta postura presidencial se sometiera a consulta pero a primera vista y por dichos externados en medios electr\u00f3nicos y sobre todo en los impresos, fue dif\u00edcil encontrar una opini\u00f3n favorable a la del padre de la Cuarta Transformaci\u00f3n.<\/p>\n<p>Historiadores serios y escritores de fama internacional condenaron al hecho y al autor.<\/p>\n<p>Inmisericordes los calificativos del escritor y periodista espa\u00f1ol Arturo P\u00e9rez Reverte quien califica de \u201cimb\u00e9cil\u201d a L\u00f3pez Obrador si cree lo que dice y de \u201csinverg\u00fcenza\u201d si no es as\u00ed, m\u00e1xime que le recuerda que llevando apellidos de origen espa\u00f1ol, resulta incre\u00edble esa postura presidencial.<\/p>\n<p>Oficial.- Pero lo m\u00e1s interesante pueden ser las respuestas dadas tanto por el gobierno espa\u00f1ol como por el equipo del Rey Felipe VI de viaje en Argentina. La primera respuesta fue de \u201cinaceptable\u201d y la segunda de \u201cinadmisible\u201d. Deduzca usted.<\/p>\n<p><a href=\"mailto:elefa44@gmail.com\" target=\"_blank\" rel=\"noopener noreferrer\"><em>elefa44@gmail.com<\/em><\/a><\/p>\n","protected":false},"excerpt":{"rendered":"<p><span style=\"color: #005497;\"><strong>Eleazar Flores<\/strong><\/span><\/p>\n","protected":false},"author":3,"featured_media":0,"comment_status":"open","ping_status":"open","sticky":false,"template":"","format":"standard","meta":{"_monsterinsights_skip_tracking":false,"_monsterinsights_sitenote_active":false,"_monsterinsights_sitenote_note":"","_monsterinsights_sitenote_category":0,"footnotes":""},"categories":[81743],"tags":[81744,81776,43674],"class_list":["post-421060","post","type-post","status-publish","format-standard","hentry","category-eleazar-flores","tag-eleazar-flores","tag-espacio-electoral","tag-opinion"],"_links":{"self":[{"href":"https:\/\/www.diarioimagen.net\/index.php?rest_route=\/wp\/v2\/posts\/421060","targetHints":{"allow":["GET"]}}],"collection":[{"href":"https:\/\/www.diarioimagen.net\/index.php?rest_route=\/wp\/v2\/posts"}],"about":[{"href":"https:\/\/www.diarioimagen.net\/index.php?rest_route=\/wp\/v2\/types\/post"}],"author":[{"embeddable":true,"href":"https:\/\/www.diarioimagen.net\/index.php?rest_route=\/wp\/v2\/users\/3"}],"replies":[{"embeddable":true,"href":"https:\/\/www.diarioimagen.net\/index.php?rest_route=%2Fwp%2Fv2%2Fcomments&post=421060"}],"version-history":[{"count":0,"href":"https:\/\/www.diarioimagen.net\/index.php?rest_route=\/wp\/v2\/posts\/421060\/revisions"}],"wp:attachment":[{"href":"https:\/\/www.diarioimagen.net\/index.php?rest_route=%2Fwp%2Fv2%2Fmedia&parent=421060"}],"wp:term":[{"taxonomy":"category","embeddable":true,"href":"https:\/\/www.diarioimagen.net\/index.php?rest_route=%2Fwp%2Fv2%2Fcategories&post=421060"},{"taxonomy":"post_tag","embeddable":true,"href":"https:\/\/www.diarioimagen.net\/index.php?rest_route=%2Fwp%2Fv2%2Ftags&post=421060"}],"curies":[{"name":"wp","href":"https:\/\/api.w.org\/{rel}","templated":true}]}}