{"id":421148,"date":"2019-03-28T00:07:28","date_gmt":"2019-03-28T06:07:28","guid":{"rendered":"https:\/\/www.diarioimagen.net\/?p=421148"},"modified":"2019-03-29T00:37:37","modified_gmt":"2019-03-29T06:37:37","slug":"impulsa-edomex-un-sistema-de-proteccion-civil-del-mazo","status":"publish","type":"post","link":"https:\/\/www.diarioimagen.net\/?p=421148","title":{"rendered":"Impulsa Edomex un sistema de protecci\u00f3n civil: Del Mazo"},"content":{"rendered":"<ul>\n<li><strong><em>Que cumpla con est\u00e1ndares internacionales<\/em><\/strong><\/li>\n<li><strong><em>Toma protesta el gobernador a integrantes del Consejo Estatal de Protecci\u00f3n Civil<\/em><\/strong><\/li>\n<\/ul>\n<p>&nbsp;<\/p>\n<div id=\"attachment_421149\" style=\"width: 470px\" class=\"wp-caption aligncenter\"><img loading=\"lazy\" decoding=\"async\" aria-describedby=\"caption-attachment-421149\" class=\"wp-image-421149 size-large\" src=\"https:\/\/www.diarioimagen.net\/wp-content\/uploads\/2019\/03\/DEL-MAZO28-portal-460x268.jpg\" alt=\"\" width=\"460\" height=\"268\" srcset=\"https:\/\/www.diarioimagen.net\/wp-content\/uploads\/2019\/03\/DEL-MAZO28-portal-460x268.jpg 460w, https:\/\/www.diarioimagen.net\/wp-content\/uploads\/2019\/03\/DEL-MAZO28-portal-240x140.jpg 240w, https:\/\/www.diarioimagen.net\/wp-content\/uploads\/2019\/03\/DEL-MAZO28-portal.jpg 480w\" sizes=\"auto, (max-width: 460px) 100vw, 460px\" \/><p id=\"caption-attachment-421149\" class=\"wp-caption-text\">Alfredo Del Mazo afirm\u00f3 que el gobierno estatal tiene el compromiso de construir un sistema de Protecci\u00f3n Civil moderno e innovador.<\/p><\/div>\n<p>&nbsp;<\/p>\n<p><strong>Toluca, Estado de M\u00e9xico<\/strong>.- El gobernador Alfredo Del Mazo Maza afirm\u00f3 que para enfrentar con rapidez, oportunidad y eficacia desaf\u00edos clim\u00e1ticos o de cualquier otra \u00edndole que pongan en riesgo a la poblaci\u00f3n mexiquense, el gobierno estatal tiene el compromiso de construir un sistema de Protecci\u00f3n Civil moderno e innovador, que cumpla con est\u00e1ndares internacionales y, sobre todo, proteja la vida de las personas.<\/p>\n<p>Por ello, dijo, se requiere contar con una estrategia de Gesti\u00f3n Integral de Riesgos, que permita construir diversos escenarios de emergencia y proponga las alternativas para enfrentarlos. \u201cPara alcanzar est\u00e1ndares m\u00e1s altos en nuestra capacidad de respuesta institucional, debemos pasar de un esquema tradicional de Protecci\u00f3n Civil, a una estrategia de Gesti\u00f3n Integral de Riesgos, que nos permita actuar con agilidad cuando las familias est\u00e9n en peligro.<\/p>\n<p>\u201cUna Gesti\u00f3n Integral de Riesgos considera distintos escenarios de emergencia y propone alternativas espec\u00edficas para enfrentarlos, lo que nos permite alcanzar la m\u00e1xima eficacia en el manejo de las contingencias y con ello, salvar m\u00e1s vidas\u201d, puntualiz\u00f3 durante la Sesi\u00f3n Ordinaria\u00a0 del Consejo Estatal de Protecci\u00f3n Civil. Sostuvo que esta estrategia debe fortalecer la coordinaci\u00f3n entre gobierno y sociedad civil, mejorar la sostenibilidad ambiental y crear programas que reduzcan las p\u00e9rdidas humanas y econ\u00f3micas ante eventualidades.<\/p>\n<p>Asimismo, el gobernador Alfredo Del Mazo instruy\u00f3 al Consejo Estatal de Protecci\u00f3n Civil implementar cuatro acciones para favorecer las capacidades de actuaci\u00f3n ante emergencias. La primera es realizar una reorganizaci\u00f3n de la Coordinaci\u00f3n General de Protecci\u00f3n Civil, para mejorar sus capacidades t\u00e9cnicas, operativas y preventivas con tecnolog\u00eda de vanguardia, que le permita monitorear situaciones de riesgo.<\/p>\n<p>Tambi\u00e9n fortalecer la infraestructura t\u00e9cnica del Centro de Investigaci\u00f3n, Capacitaci\u00f3n y Adiestramiento Tec\u00e1mac, para convertirlo en un Centro Regional reconocido a nivel nacional; crear una aplicaci\u00f3n m\u00f3vil para mantener informada a la poblaci\u00f3n sobre los avisos y recomendaciones emitidos por las autoridades de Protecci\u00f3n Civil en la entidad.<\/p>\n<p>Adem\u00e1s, consolidar el Atlas Estatal de Riesgos en la Plataforma del Atlas Nacional de Riesgos, como una fuente de consulta gratuita.<\/p>\n<p>Aunado a ello, dijo, el consejo debe revisar y fortalecer las acciones de monitoreo y prevenci\u00f3n del Plan Operativo de Protecci\u00f3n Civil del Volc\u00e1n Popocat\u00e9petl y del Programa de Protecci\u00f3n Civil para la Temporada de Lluvias 2019.<\/p>\n<p>Mientras que el Instituto Mexiquense de la Pirotecnia debe incorporarse a la pol\u00edtica integral de riesgos, adem\u00e1s de reforzar sus protocolos de prevenci\u00f3n y seguridad y actuar dentro de la Coordinaci\u00f3n General de Protecci\u00f3n Civil.<\/p>\n<p>En el Sal\u00f3n del Pueblo de Palacio de Gobierno, Del Mazo Maza tom\u00f3 protesta a los integrantes del Consejo Estatal de Protecci\u00f3n Civil, el cual tendr\u00e1 como responsabilidad coordinar estrategias para la identificaci\u00f3n y mitigaci\u00f3n de riesgos, as\u00ed como para ayudar a la poblaci\u00f3n que enfrente alg\u00fan tipo de contingencia.<\/p>\n<p>\u201cCon el prop\u00f3sito de estar preparados para salvaguardar la vida de las personas cuando se presenten estos desaf\u00edos, el d\u00eda de hoy llevamos a cabo la Sesi\u00f3n Ordinaria del Consejo Estatal de Protecci\u00f3n Civil del Estado de M\u00e9xico.<\/p>\n<p>\u201cEl consejo, como integrante del Sistema de Protecci\u00f3n Civil, funciona las 24 horas al d\u00eda, los 365 d\u00edas al a\u00f1o; tiene a su cargo la coordinaci\u00f3n con el Consejo Nacional de Protecci\u00f3n Civil; en \u00e9l participan todas las Secretar\u00edas del Gobierno del Estado, y es responsable de coordinar estrategias para la identificaci\u00f3n y mitigaci\u00f3n de riesgos, as\u00ed como para auxiliar a la poblaci\u00f3n que los enfrenta\u201d.<\/p>\n<p>El gobernador mexiquense se\u00f1al\u00f3 que por la diversidad clim\u00e1tica, orogr\u00e1fica e h\u00eddrica del Estado de M\u00e9xico, la entidad sufre en primavera de incendios y sequ\u00edas; en verano y oto\u00f1o de lluvias que producen inundaciones y durante el invierno la presencia de heladas, por lo que la coordinaci\u00f3n institucional es la mejor respuesta para enfrentar y resolver contingencias que ponen en peligro la vida de la poblaci\u00f3n.<\/p>\n<p>Destac\u00f3 que para enfrentar este tipo de contingencias, en el Estado de M\u00e9xico se cuenta con seis centros operativos de atenci\u00f3n a emergencias, en Amecameca, Naucalpan, Tenancingo, Tultepec, Valle de Chalco y Zinacantepec.<\/p>\n","protected":false},"excerpt":{"rendered":"<p>El gobernador Alfredo Del Mazo Maza afirm\u00f3 que para enfrentar con rapidez, oportunidad y eficacia desaf\u00edos clim\u00e1ticos o de cualquier otra \u00edndole que pongan en riesgo a la poblaci\u00f3n mexiquense, el gobierno estatal tiene el compromiso de construir un sistema de Protecci\u00f3n Civil moderno e innovador, que cumpla con est\u00e1ndares internacionales y, sobre todo, proteja la vida de las personas.<\/p>\n","protected":false},"author":5,"featured_media":421149,"comment_status":"open","ping_status":"open","sticky":false,"template":"","format":"standard","meta":{"_monsterinsights_skip_tracking":false,"_monsterinsights_sitenote_active":false,"_monsterinsights_sitenote_note":"","_monsterinsights_sitenote_category":0,"footnotes":""},"categories":[5],"tags":[2505,43675,84020,84019,57,452],"class_list":["post-421148","post","type-post","status-publish","format-standard","has-post-thumbnail","hentry","category-estado-de-mexico","tag-alfredo-del-mazo-maza","tag-estado-de-mexico","tag-estandares-internacionales","tag-gestion-integral-de-riesgos","tag-proteccion-civil","tag-toluca"],"_links":{"self":[{"href":"https:\/\/www.diarioimagen.net\/index.php?rest_route=\/wp\/v2\/posts\/421148","targetHints":{"allow":["GET"]}}],"collection":[{"href":"https:\/\/www.diarioimagen.net\/index.php?rest_route=\/wp\/v2\/posts"}],"about":[{"href":"https:\/\/www.diarioimagen.net\/index.php?rest_route=\/wp\/v2\/types\/post"}],"author":[{"embeddable":true,"href":"https:\/\/www.diarioimagen.net\/index.php?rest_route=\/wp\/v2\/users\/5"}],"replies":[{"embeddable":true,"href":"https:\/\/www.diarioimagen.net\/index.php?rest_route=%2Fwp%2Fv2%2Fcomments&post=421148"}],"version-history":[{"count":0,"href":"https:\/\/www.diarioimagen.net\/index.php?rest_route=\/wp\/v2\/posts\/421148\/revisions"}],"wp:featuredmedia":[{"embeddable":true,"href":"https:\/\/www.diarioimagen.net\/index.php?rest_route=\/wp\/v2\/media\/421149"}],"wp:attachment":[{"href":"https:\/\/www.diarioimagen.net\/index.php?rest_route=%2Fwp%2Fv2%2Fmedia&parent=421148"}],"wp:term":[{"taxonomy":"category","embeddable":true,"href":"https:\/\/www.diarioimagen.net\/index.php?rest_route=%2Fwp%2Fv2%2Fcategories&post=421148"},{"taxonomy":"post_tag","embeddable":true,"href":"https:\/\/www.diarioimagen.net\/index.php?rest_route=%2Fwp%2Fv2%2Ftags&post=421148"}],"curies":[{"name":"wp","href":"https:\/\/api.w.org\/{rel}","templated":true}]}}